{"id":665752,"date":"2026-01-15T16:51:10","date_gmt":"2026-01-15T16:51:10","guid":{"rendered":"https:\/\/www.europesays.com\/fr\/665752\/"},"modified":"2026-01-15T16:51:10","modified_gmt":"2026-01-15T16:51:10","slug":"le-nouveau-teaser-de-scream-7-replonge-les-fans-dans-lhistoire-sanglante-de-la-saga","status":"publish","type":"post","link":"https:\/\/www.europesays.com\/fr\/665752\/","title":{"rendered":"Le nouveau teaser de Scream 7 replonge les fans dans l\u2019histoire sanglante de la saga"},"content":{"rendered":"<p class=\"chapo\">Le nouveau teaser de Scream 7 replonge les spectateurs dans l\u2019histoire sanglante de la saga, en revisitant les moments marquants qui ont forg\u00e9 le succ\u00e8s de la franchise horrifique et entretenu la fascination des fans au fil des ann\u00e9es.<\/p>\n<p>Tl;dr<\/p>\n<ul>\n<li>Sidney Prescott revient affronter Ghostface dans <strong>Scream 7<\/strong>.<\/li>\n<li>Le teaser \u00e9voque l\u2019h\u00e9ritage sanglant de la saga.<\/li>\n<li>Une nouvelle h\u00e9ro\u00efne pourrait \u00e9merger via la fille de Sidney.<\/li>\n<\/ul>\n<p>Un retour attendu au c\u0153ur de l\u2019horreur<\/p>\n<p>L\u2019arriv\u00e9e imminente de <a href=\"https:\/\/www.begeek.fr\/le-trailer-de-scream-7-signe-le-retour-de-stu-macher-ghostface-fait-il-son-come-back-423422\" target=\"_blank\" rel=\"noopener\">Scream 7<\/a>, pr\u00e9vue pour le 27 f\u00e9vrier, marque un tournant inattendu pour la franchise. Apr\u00e8s les bouleversements internes, dont le d\u00e9part controvers\u00e9 de Melissa Barrera et de Jenna Ortega, les cr\u00e9ateurs ont d\u00fb repenser leurs plans initiaux. Le sc\u00e9nario, qui devait initialement clore l\u2019arc narratif des s\u0153urs Carpenter initi\u00e9 en 2022, choisit d\u00e9sormais de remettre sous les projecteurs la figure embl\u00e9matique : <strong>Sidney Prescott<\/strong>, incarn\u00e9e par Neve Campbell. Ce recentrage promet un face-\u00e0-face renouvel\u00e9 entre Sidney et le c\u00e9l\u00e8bre tueur masqu\u00e9, <strong>Ghostface<\/strong>.<\/p>\n<p>Nostalgie et transmission : Le pari du teaser<\/p>\n<p>Le dernier teaser partag\u00e9 sur X (anciennement Twitter) plonge d\u2019embl\u00e9e les fans dans une r\u00e9trospective haletante. La s\u00e9quence s\u2019ouvre sur l\u2019inoubliable \u00ab\u00a0Do you like scary movies?\u00a0\u00bb du film fondateur de 1996. S\u2019encha\u00eenent alors des extraits marquants o\u00f9 Sidney, mais aussi des personnages cultes comme Casey Becker (interpr\u00e9t\u00e9e par Drew Barrymore) ou encore Billy Loomis et Stu Macher, croisent le chemin du tueur au t\u00e9l\u00e9phone. Cette immersion rappelle avec force les moments cl\u00e9s qui ont construit la l\u00e9gende sanglante de la saga.<\/p>\n<p>Mais rapidement, le montage bascule vers le futur : un message \u00e0 l\u2019\u00e9cran \u2013 \u00ab\u00a0Every killer has led to this\u00a0\u00bb \u2013 vient sceller l\u2019id\u00e9e que tous les massacres pass\u00e9s m\u00e8nent inexorablement \u00e0 cette nouvelle traque. Par la voix-off, le spectateur comprend que Ghostface pr\u00e9pare sa vengeance contre Sidney depuis longtemps\u2026 Et d\u00e9sormais, il vise sa fille.<\/p>\n<\/p>\n<p>L\u2019enjeu d\u2019une nouvelle g\u00e9n\u00e9ration<\/p>\n<p>C\u2019est l\u00e0 tout l\u2019int\u00e9r\u00eat strat\u00e9gique du film : en mettant en avant la fille de Sidney, qui a aujourd\u2019hui le m\u00eame \u00e2ge que sa m\u00e8re lors du premier opus, la production instille subtilement l\u2019id\u00e9e d\u2019une succession potentielle. Les connaisseurs y verront une occasion d\u2019introduire une \u00ab final girl \u00bb in\u00e9dite pour porter \u00e9ventuellement la franchise vers un possible <strong>Scream 8<\/strong>, si l\u2019engouement se maintient.<\/p>\n<p>Pour mieux saisir ce passage de flambeau, il peut \u00eatre utile de rappeler \u2014 sans tomber dans l\u2019exc\u00e8s \u2014 que plusieurs figures majeures sont \u00e9galement confirm\u00e9es au casting\u202f:<\/p>\n<p>Autant d\u2019acteurs ayant marqu\u00e9 les diff\u00e9rents volets et dont la pr\u00e9sence relie pass\u00e9 et avenir.<\/p>\n<p>Bilan : Entre hommage et recomposition narrative<\/p>\n<p>Ce nouveau chapitre cherche autant \u00e0 renouer avec ses racines qu\u2019\u00e0 baliser son futur. La tension monte\u202f: pour ne rien perdre du fil rouge entre chaque meurtre iconique, certains fans pourraient bien (re)visionner toute la s\u00e9rie avant cette confrontation annonc\u00e9e. Reste \u00e0 voir si cette transmission g\u00e9n\u00e9rationnelle saura offrir \u00e0 <strong>Scream<\/strong> un second souffle digne des attentes.<\/p>\n","protected":false},"excerpt":{"rendered":"Le nouveau teaser de Scream 7 replonge les spectateurs dans l\u2019histoire sanglante de la saga, en revisitant les&hellip;\n","protected":false},"author":2,"featured_media":665753,"comment_status":"","ping_status":"","sticky":false,"template":"","format":"standard","meta":{"footnotes":""},"categories":[1354],"tags":[58,59,1346,1011,27,1360],"class_list":{"0":"post-665752","1":"post","2":"type-post","3":"status-publish","4":"format-standard","5":"has-post-thumbnail","7":"category-films","8":"tag-divertissement","9":"tag-entertainment","10":"tag-films","11":"tag-fr","12":"tag-france","13":"tag-movies"},"share_on_mastodon":{"url":"https:\/\/pubeurope.com\/@fr\/115900152805483409","error":""},"_links":{"self":[{"href":"https:\/\/www.europesays.com\/fr\/wp-json\/wp\/v2\/posts\/665752","targetHints":{"allow":["GET"]}}],"collection":[{"href":"https:\/\/www.europesays.com\/fr\/wp-json\/wp\/v2\/posts"}],"about":[{"href":"https:\/\/www.europesays.com\/fr\/wp-json\/wp\/v2\/types\/post"}],"author":[{"embeddable":true,"href":"https:\/\/www.europesays.com\/fr\/wp-json\/wp\/v2\/users\/2"}],"replies":[{"embeddable":true,"href":"https:\/\/www.europesays.com\/fr\/wp-json\/wp\/v2\/comments?post=665752"}],"version-history":[{"count":0,"href":"https:\/\/www.europesays.com\/fr\/wp-json\/wp\/v2\/posts\/665752\/revisions"}],"wp:featuredmedia":[{"embeddable":true,"href":"https:\/\/www.europesays.com\/fr\/wp-json\/wp\/v2\/media\/665753"}],"wp:attachment":[{"href":"https:\/\/www.europesays.com\/fr\/wp-json\/wp\/v2\/media?parent=665752"}],"wp:term":[{"taxonomy":"category","embeddable":true,"href":"https:\/\/www.europesays.com\/fr\/wp-json\/wp\/v2\/categories?post=665752"},{"taxonomy":"post_tag","embeddable":true,"href":"https:\/\/www.europesays.com\/fr\/wp-json\/wp\/v2\/tags?post=665752"}],"curies":[{"name":"wp","href":"https:\/\/api.w.org\/{rel}","templated":true}]}}