{"id":665756,"date":"2026-01-15T16:53:08","date_gmt":"2026-01-15T16:53:08","guid":{"rendered":"https:\/\/www.europesays.com\/fr\/665756\/"},"modified":"2026-01-15T16:53:08","modified_gmt":"2026-01-15T16:53:08","slug":"angers-om-compos-probables-chaine-tv-et-heure-du-match","status":"publish","type":"post","link":"https:\/\/www.europesays.com\/fr\/665756\/","title":{"rendered":"Angers-OM : compos probables, cha\u00eene TV et heure du match"},"content":{"rendered":"<p><strong><\/p>\n<p>L\u2019OM se d\u00e9place \u00e0 Angers ce samedi pour la 18e journ\u00e9e de Ligue 1. Compos probables, cha\u00eene de diffusion, horaire\u2026 Voici les \u00e9l\u00e9ments \u00e0 conna\u00eetre sur le match.<\/p>\n<p><\/strong><\/p>\n<p>Apr\u00e8s la <a href=\"https:\/\/www.footmarseille.com\/138095-lom-terrasse-bayeux-9-0-et-rejoint-rennes-en-huitiemes-de-finale\" target=\"_blank\" rel=\"noopener\">large victoire en Coupe de France contre Bayeux<\/a> (9-0), l\u2019OM doit rebondir en championnat. La surprenante d\u00e9faite contre Nantes (0-2) a s\u00e9rieusement r\u00e9duit les chances marseillaises de rivaliser avec Lens et Paris dans la course au titre.<\/p>\n<p>Roberto De Zerbi n\u2019a plus le droit \u00e0 l\u2019erreur, s\u2019il veut atteindre les objectifs fix\u00e9s en d\u00e9but de saison. Et, \u00e0 l\u2019amorce d\u2019<strong>une p\u00e9riode tr\u00e8s dense en termes de matchs<\/strong>, l\u2019Italien va devoir trouver les leviers pour que ses joueurs affichent davantage de constance.<\/p>\n<p>Les Phoc\u00e9ens font face \u00e0 un Angers qui reste sur une d\u00e9faite au Havre (2-1) et une \u00e9limination en Coupe de France contre Toulouse aux tirs au but. <strong>Le SCO occupe la 10e place<\/strong> et reste hors de danger dans la lutte pour le maintien.<\/p>\n<p>Le milieu angevin sera \u00e0 surveiller, avec Haris Belkebla et Yassin Belkhdim, deux joueurs capables de mettre beaucoup d\u2019intensit\u00e9.<\/p>\n<p>L\u2019historique des confrontations<\/p>\n<p>Lors de la phase aller, les deux \u00e9quipes s\u2019\u00e9taient neutralis\u00e9es au V\u00e9lodrome (2-2), le 29 octobre dernier. Les deux formations se sont crois\u00e9es \u00e0 51 reprises en Ligue 1, pour 22 victoires olympiennes, 16 matchs nuls et 13 d\u00e9faites.<\/p>\n<p>Les cinq derniers Angers-OM<\/p>\n<ul class=\"wp-block-list\">\n<li>09\/02\/25\u00a0: Angers 0-2 Marseille<\/li>\n<li>30\/09\/22\u00a0: Angers 0-3 Marseille<\/li>\n<li>22\/09\/21\u00a0: Angers 0-0 Marseille\u00a0\u00a0\u00a0\u00a0\u00a0\u00a0\u00a0<\/li>\n<li>23\/12\/20\u00a0: Angers 2-1 Marseille<\/li>\n<li>03\/12\/19\u00a0: Angers 0-2 Marseille<\/li>\n<\/ul>\n<p>Angers-OM : les compos probables<\/p>\n<p>L\u2019OM est priv\u00e9 de Nayef Aguerd, qui disputera la finale de la CAN dimanche avec le Maroc. Angel Gomes est incertain et Robinio Vaz s\u2019est officiellement engag\u00e9 avec la Roma. <a href=\"https:\/\/www.footmarseille.com\/137609-les-sanctions-de-vermeeren-et-nadir-sont-tombees\" target=\"_blank\" rel=\"noopener\">Arthur Vermeeren<\/a> n\u2019est plus suspendu.<\/p>\n<p>Angers r\u00e9cup\u00e8re ses titulaires Herv\u00e9 Koffi\u00a0 et Ousmane Camara. Himad Abdelli se serait <a href=\"https:\/\/www.footmarseille.com\/137779-angers-redoute-le-depart-dabdelli\" target=\"_blank\" rel=\"noopener\">mis d\u2019accord avec l\u2019OM<\/a> pour un transfert cet hiver, mais faute d\u2019accord entre les deux clubs, l\u2019Alg\u00e9rien pourrait jouer.<\/p>\n<p><strong>La compo probable de l\u2019OM\u00a0:<\/strong> Rulli \u2013 Pavard, Balerdi, Medina \u2013 Weah, H\u00f8jbjerg, Vermeeren, Emerson \u2013 Greenwood, Aubameyang, Paix\u00e3o.<\/p>\n<p><strong>La compo probable d\u2019Angers\u00a0:<\/strong> Koffi \u2013 Arcus, Camara, Lefort, Ekomi\u00e9 \u2013 Belkebla, Abdelli \u2013 Belkhdim, Mouton, Sba\u00ef \u2013 Machine.<\/p>\n<p>Angers-OM : \u00e0 quelle heure ?<\/p>\n<p>Le match entre Angers et l\u2019OM est programm\u00e9 ce samedi 18 janvier. Le coup d\u2019envoi sera donn\u00e9 \u00e0 <strong>21h05<\/strong>.<\/p>\n<p>Angers-OM : sur quelle cha\u00eene ?<\/p>\n<p>La rencontre Angers-OM sera diffus\u00e9e sur Ligue 1+.<\/p>\n","protected":false},"excerpt":{"rendered":"L\u2019OM se d\u00e9place \u00e0 Angers ce samedi pour la 18e journ\u00e9e de Ligue 1. Compos probables, cha\u00eene de&hellip;\n","protected":false},"author":2,"featured_media":665757,"comment_status":"","ping_status":"","sticky":false,"template":"","format":"standard","meta":{"footnotes":""},"categories":[9],"tags":[1011,27,60],"class_list":{"0":"post-665756","1":"post","2":"type-post","3":"status-publish","4":"format-standard","5":"has-post-thumbnail","7":"category-sports","8":"tag-fr","9":"tag-france","10":"tag-sports"},"share_on_mastodon":{"url":"https:\/\/pubeurope.com\/@fr\/115900160790651751","error":""},"_links":{"self":[{"href":"https:\/\/www.europesays.com\/fr\/wp-json\/wp\/v2\/posts\/665756","targetHints":{"allow":["GET"]}}],"collection":[{"href":"https:\/\/www.europesays.com\/fr\/wp-json\/wp\/v2\/posts"}],"about":[{"href":"https:\/\/www.europesays.com\/fr\/wp-json\/wp\/v2\/types\/post"}],"author":[{"embeddable":true,"href":"https:\/\/www.europesays.com\/fr\/wp-json\/wp\/v2\/users\/2"}],"replies":[{"embeddable":true,"href":"https:\/\/www.europesays.com\/fr\/wp-json\/wp\/v2\/comments?post=665756"}],"version-history":[{"count":0,"href":"https:\/\/www.europesays.com\/fr\/wp-json\/wp\/v2\/posts\/665756\/revisions"}],"wp:featuredmedia":[{"embeddable":true,"href":"https:\/\/www.europesays.com\/fr\/wp-json\/wp\/v2\/media\/665757"}],"wp:attachment":[{"href":"https:\/\/www.europesays.com\/fr\/wp-json\/wp\/v2\/media?parent=665756"}],"wp:term":[{"taxonomy":"category","embeddable":true,"href":"https:\/\/www.europesays.com\/fr\/wp-json\/wp\/v2\/categories?post=665756"},{"taxonomy":"post_tag","embeddable":true,"href":"https:\/\/www.europesays.com\/fr\/wp-json\/wp\/v2\/tags?post=665756"}],"curies":[{"name":"wp","href":"https:\/\/api.w.org\/{rel}","templated":true}]}}