{"id":665758,"date":"2026-01-15T16:54:10","date_gmt":"2026-01-15T16:54:10","guid":{"rendered":"https:\/\/www.europesays.com\/fr\/665758\/"},"modified":"2026-01-15T16:54:10","modified_gmt":"2026-01-15T16:54:10","slug":"outree-et-sans-filtre-delphine-wespiser-se-paie-matthieu-delormeau-en-direct-tu-me-fais-pitie","status":"publish","type":"post","link":"https:\/\/www.europesays.com\/fr\/665758\/","title":{"rendered":"Outr\u00e9e et sans filtre, Delphine Wespiser se paie Matthieu Delormeau en direct : \u00ab\u00a0Tu me fais piti\u00e9\u00a0\u00bb"},"content":{"rendered":"<p>Alors que Matthieu Delormeau est r\u00e9cemment revenu sur son<br \/>\n<a href=\"https:\/\/www.telestar.fr\/actu_tv\/matthieu-delormeau-il-pouvait-etre-tres-dur-le-chroniqueur-balance-sur-cyril-hanouna-sa-reaction-est-surprenante-1750997\" target=\"_blank\" rel=\"noopener\"><br \/>\nd\u00e9part de Touche pas \u00e0 mon poste !<\/a> lors de son passage<br \/>\ndans Culture M\u00e9dias sur Europe 1 le 13 janvier, certaines<br \/>\ns\u00e9quences pass\u00e9es de l\u2019\u00e9mission refont surface.<\/p>\n<p>Parmi elles, un clash particuli\u00e8rement violent survenu en 2022<br \/>\navec Delphine Wespiser, qui avait marqu\u00e9 les t\u00e9l\u00e9spectateurs et mis<br \/>\nen lumi\u00e8re les tensions internes au sein de la bande de <a href=\"https:\/\/www.closermag.fr\/people\/lea-salame-un-piege-cyril-hanouna-fou-de-rage-contre-lanimatrice-3607906\" target=\"_blank\" rel=\"noopener\"><br \/>\nCyril Hanouna<\/a>.<\/p>\n<p>TPMP : cette comparaison qui avait mis le feu aux poudres<\/p>\n<p>Un soir d\u2019avril 2022, l\u2019ambiance \u00e9tait particuli\u00e8rement<br \/>\n\u00e9lectrique sur le plateau de Touche pas \u00e0 mon poste.<br \/>\n\u00c9cart\u00e9e temporairement de l\u2019\u00e9mission jusqu\u2019\u00e0 la fin de la<br \/>\npr\u00e9sidentielle fran\u00e7aise en raison de son soutien affich\u00e9 \u00e0 Marine<br \/>\nLe Pen, <a href=\"https:\/\/www.closermag.fr\/people\/delphine-wespiser-ma-place-est-a-cote-de-lui-elle-annonce-avoir-retrouve-son-ex-compagnon-3612107\" target=\"_blank\" rel=\"noopener\"><br \/>\nDelphine Wespiser<\/a> avait fait son retour. Tr\u00e8s attendue, la<br \/>\nchroniqueuse en avait alors profit\u00e9 pour r\u00e9gler ses comptes avec<br \/>\nMatthieu Delormeau. Ce dernier l\u2019avait en effet <strong>compar\u00e9e \u00e0<br \/>\nDieudonn\u00e9<\/strong> et estim\u00e9 qu\u2019elle aurait d\u00fb \u00eatre \u00e9cart\u00e9e de<br \/>\nFort Boyard en raison de ses prises de position<br \/>\npolitiques.<\/p>\n<p>Face aux cam\u00e9ras, l\u2019ancienne Miss France n\u2019avait pas m\u00e2ch\u00e9 ses<br \/>\nmots. \u00ab\u00a0\u00c7a ne m\u2019\u00e9tonne pas et je pense que \u00e7a n\u2019a \u00e9tonn\u00e9<br \/>\npersonne. Et c\u2019est bien pour \u00e7a que \u00e7a n\u2019a pas fait beaucoup de<br \/>\nbuzz. <strong>Matthieu, c\u2019est le poison incarn\u00e9<\/strong>. Je pense<br \/>\nqu\u2019il doit avoir un vrai mal-\u00eatre en lui pour diffuser<br \/>\n<strong>autant de haine\u00a0\u00bb<\/strong>, avait-elle lanc\u00e9, avant de<br \/>\nprovoquer le plateau : \u00ab\u00a0Est-ce qu\u2019il y a une seule personne ici<br \/>\nqui peut dire que Matthieu n\u2019a pas de poison en lui ?\u00a0\u00bb.<\/p>\n<blockquote class=\"twitter-tweet\"><p><a class=\"twitter-link\" rel=\"noindex, nofollow noopener\" href=\"https:\/\/twitter.com\/TBT9_W9\/status\/1519390594950483972\" target=\"_blank\"><\/p><\/blockquote>\n<p>Delphine Wespiser attaque violemment<br \/>\nMatthieu Delormeau<\/p>\n<p>Visiblement tr\u00e8s remont\u00e9e, Delphine Wespiser avait poursuivi<br \/>\navec des attaques personnelles. \u00ab\u00a0Je ne suis pas \u00e9tonn\u00e9e parce<br \/>\nque Matthieu r\u00eave d\u2019\u00eatre com\u00e9dien, alors il s\u2019est peut-\u00eatre dit que<br \/>\nsi je me fais virer, il peut prendre ma place. Si \u00e7a se trouve, la<br \/>\nperruque bleue, \u00e7a lui va tr\u00e8s bien. Bah manque de pot, je ne suis<br \/>\npas vir\u00e9e\u00a0\u00bb, avait-elle ironis\u00e9, avant d\u2019enfoncer le clou :<br \/>\n\u00ab\u00a0<strong>Tu me fais piti\u00e9<\/strong>. Il y a deux choses<br \/>\nque tu aimes : l\u2019argent, et tu t\u2019aimes toi-m\u00eame. D\u2019o\u00f9 vient autant<br \/>\nde m\u00e9chancet\u00e9 ? Ton m\u00e9pris, il vient d\u2019o\u00f9 en fait ?\u00a0\u00bb.<br \/>\nL\u2019ancienne reine de beaut\u00e9 avait ensuite l\u00e2ch\u00e9 : \u00ab\u00a0<strong>Il<br \/>\nest pr\u00eat \u00e0 tout pour le buzz. Il serait capable de vendre sa m\u00e8re<br \/>\net son p\u00e8re pour le buzz\u00a0\u00bb<\/strong>.<\/p>\n<p>Des propos qui avaient alors profond\u00e9ment choqu\u00e9 <a href=\"https:\/\/www.closermag.fr\/people\/matthieu-delormeau-son-petit-stratageme-pour-payer-moins-cher-sa-suite-dans-un-palace-de-luxe-3610361\" target=\"_blank\" rel=\"noopener\"><br \/>\nMatthieu Delormeau<\/a>. Tr\u00e8s affect\u00e9, il avait d\u00e9cid\u00e9 de mettre fin<br \/>\n\u00e0 l\u2019\u00e9change : \u00ab\u00a0Cyril, je vais m\u2019arr\u00eater l\u00e0, <strong>c\u2019est<br \/>\ngrotesque. Elle insulte ma m\u00e8re qui n\u2019est plus l\u00e0<\/strong>. J\u2019ai du<br \/>\npoison en moi, je suis une merde. Je pensais qu\u2019il y aurait un<br \/>\npetit d\u00e9bat de fond. <strong>Je vais m\u2019arr\u00eater l\u00e0<\/strong>\u00ab\u00a0.<br \/>\nUn clash d\u2019une rare violence, qui avait provoqu\u00e9 une vague de<br \/>\nr\u00e9actions sur les r\u00e9seaux sociaux. Quelques mois plus tard, le<br \/>\nchroniqueur avait quitt\u00e9 l\u2019\u00e9mission de C8, avant de revenir en 2025<br \/>\naux c\u00f4t\u00e9s de Cyril Hanouna, cette fois sur W9.<\/p>\n<p><script async src=\"https:\/\/platform.twitter.com\/widgets.js\" charset=\"utf-8\"><\/script><\/p>\n","protected":false},"excerpt":{"rendered":"Alors que Matthieu Delormeau est r\u00e9cemment revenu sur son d\u00e9part de Touche pas \u00e0 mon poste ! lors&hellip;\n","protected":false},"author":2,"featured_media":665759,"comment_status":"","ping_status":"","sticky":false,"template":"","format":"standard","meta":{"footnotes":""},"categories":[8],"tags":[21303,58,59,1011,27,70202,65861],"class_list":{"0":"post-665758","1":"post","2":"type-post","3":"status-publish","4":"format-standard","5":"has-post-thumbnail","7":"category-divertissement","8":"tag-buzz_nonli","9":"tag-divertissement","10":"tag-entertainment","11":"tag-fr","12":"tag-france","13":"tag-marfeel_connexes","14":"tag-trend"},"share_on_mastodon":{"url":"https:\/\/pubeurope.com\/@fr\/115900165486927081","error":""},"_links":{"self":[{"href":"https:\/\/www.europesays.com\/fr\/wp-json\/wp\/v2\/posts\/665758","targetHints":{"allow":["GET"]}}],"collection":[{"href":"https:\/\/www.europesays.com\/fr\/wp-json\/wp\/v2\/posts"}],"about":[{"href":"https:\/\/www.europesays.com\/fr\/wp-json\/wp\/v2\/types\/post"}],"author":[{"embeddable":true,"href":"https:\/\/www.europesays.com\/fr\/wp-json\/wp\/v2\/users\/2"}],"replies":[{"embeddable":true,"href":"https:\/\/www.europesays.com\/fr\/wp-json\/wp\/v2\/comments?post=665758"}],"version-history":[{"count":0,"href":"https:\/\/www.europesays.com\/fr\/wp-json\/wp\/v2\/posts\/665758\/revisions"}],"wp:featuredmedia":[{"embeddable":true,"href":"https:\/\/www.europesays.com\/fr\/wp-json\/wp\/v2\/media\/665759"}],"wp:attachment":[{"href":"https:\/\/www.europesays.com\/fr\/wp-json\/wp\/v2\/media?parent=665758"}],"wp:term":[{"taxonomy":"category","embeddable":true,"href":"https:\/\/www.europesays.com\/fr\/wp-json\/wp\/v2\/categories?post=665758"},{"taxonomy":"post_tag","embeddable":true,"href":"https:\/\/www.europesays.com\/fr\/wp-json\/wp\/v2\/tags?post=665758"}],"curies":[{"name":"wp","href":"https:\/\/api.w.org\/{rel}","templated":true}]}}