{"id":665762,"date":"2026-01-15T16:56:14","date_gmt":"2026-01-15T16:56:14","guid":{"rendered":"https:\/\/www.europesays.com\/fr\/665762\/"},"modified":"2026-01-15T16:56:14","modified_gmt":"2026-01-15T16:56:14","slug":"le-taux-du-livret-a-abaisse-a-15-a-partir-du-1er-fevrier-15-01-2026-a-1706","status":"publish","type":"post","link":"https:\/\/www.europesays.com\/fr\/665762\/","title":{"rendered":"Le taux du Livret A abaiss\u00e9 \u00e0 1,5% \u00e0 partir du 1er f\u00e9vrier &#8211; 15\/01\/2026 \u00e0 17:06"},"content":{"rendered":"<p>        <img decoding=\"async\" src=\"https:\/\/www.europesays.com\/fr\/wp-content\/uploads\/2026\/01\/142124f9848ccd68bbaf9a39a5dec559-760x605.jpg\" alt=\"Le taux du Livret A va descendre \u00e0 1,5% \u00e0 partir du mois de f\u00e9vrier ( AFP \/ Denis CHARLET )\" loading=\"eager\" fetchpriority=\"high\" width=\"760\" height=\"605\" style=\"max-width: 100%!important; height: auto;\"\/><\/p>\n<p class=\"c-image-news__legend\">Le taux du Livret A va descendre \u00e0 1,5% \u00e0 partir du mois de f\u00e9vrier ( AFP \/ Denis CHARLET )<\/p>\n<p>\n Le taux du Livret A va conna\u00eetre sa troisi\u00e8me baisse en \u00e0 peine un an: le ministre de l&rsquo;Economie Roland Lescure l&rsquo;a fix\u00e9 jeudi \u00e0 1,5% \u00e0 compter du mois prochain, cons\u00e9quence du ralentissement de l&rsquo;inflation.\n<\/p>\n<p>\n \u00ab\u00a0Le Livret A est un support d&rsquo;\u00e9pargne privil\u00e9gi\u00e9 pour les Fran\u00e7ais. Avec ce nouveau taux sup\u00e9rieur \u00e0 l&rsquo;inflation, le pouvoir d&rsquo;achat des m\u00e9nages est pr\u00e9serv\u00e9\u00a0\u00bb, a d\u00e9clar\u00e9 jeudi M. Lescure, cit\u00e9 dans un communiqu\u00e9.\n<\/p>\n<p>\n Actuellement \u00e0 1,7%, le rendement de ce produit d&rsquo;\u00e9pargne tr\u00e8s populaire &#8211; 57 millions de Fran\u00e7ais d\u00e9tiennent un Livret A &#8211; est calcul\u00e9 chaque semestre par la Banque de France et son gouverneur, Fran\u00e7ois Villeroy de Galhau, qui le transmet pour validation \u00e0 Bercy.\n<\/p>\n<p>\n Il tient compte, d&rsquo;une part, d&rsquo;un taux d\u00e9pendant de la politique mon\u00e9taire de la Banque centrale europ\u00e9enne (BCE) et, d&rsquo;autre part, de l&rsquo;inflation, mesur\u00e9e \u00e0 0,8% en d\u00e9cembre par l&rsquo;Insee.\n<\/p>\n<p>\n C&rsquo;est cette deuxi\u00e8me composante qui plombe aujourd&rsquo;hui le taux du Livret A, car la hausse des prix a consid\u00e9rablement ralenti en France.\n<\/p>\n<p>\n \u00ab\u00a0Nous avons appliqu\u00e9 la formule en l&rsquo;arrondissant \u00e0 la hausse\u00a0\u00bb, a pr\u00e9cis\u00e9 M. Lescure lors d&rsquo;un \u00e9change avec la presse. Sans cet arrondi, le taux du Livret A serait tomb\u00e9 encore plus bas, \u00e0 1,4%.\n<\/p>\n<p> &#8211; Tr\u00e8s rentable &#8211;<\/p>\n<p>\n Ce coup de pouce est une maigre consolation pour les \u00e9pargnants, qui ont vu le taux du Livret A, aussi valable pour le Livret de d\u00e9veloppement durable et solidaire (LDDS), divis\u00e9 par deux en \u00e0 peine un an.\n<\/p>\n<p>\n Il avait commenc\u00e9 2025 \u00e0 3%, avant d&rsquo;\u00eatre ramen\u00e9 \u00e0 2,4% puis \u00e0 1,7% au cours de l&rsquo;ann\u00e9e derni\u00e8re. Il faut remonter \u00e0 juillet 2022 pour retrouver un taux inf\u00e9rieur.\n<\/p>\n<p>\n \u00ab\u00a0La baisse du taux du Livret A est une mauvaise nouvelle pour les \u00e9pargnants\u00a0\u00bb, a r\u00e9sum\u00e9 dans une note le directeur du think tank Cercle de l&rsquo;Epargne, Philippe Crevel.\n<\/p>\n<p>\n M\u00eame l\u00e9g\u00e8rement amortie, cette baisse permettra parall\u00e8lement aux acteurs du logement social, dont les conditions d&#8217;emprunt sont index\u00e9es sur ce taux, de se financer moins cher.\n<\/p>\n<p>\n C&rsquo;est une \u00ab\u00a0bonne nouvelle\u00a0\u00bb, a comment\u00e9 Emmanuelle Cosse, pr\u00e9sidente de l&rsquo;Union sociale pour l&rsquo;habitat (USH), qui repr\u00e9sente les bailleurs sociaux fran\u00e7ais.\n<\/p>\n<p>\n C&rsquo;est \u00e9galement une aubaine pour les banques, qui r\u00e9mun\u00e8rent une partie de l&rsquo;\u00e9pargne r\u00e9glement\u00e9e et commercialisent des produits concurrents plus lucratifs pour elles.\n<\/p>\n<p>\n \u00ab\u00a0Cette nouvelle r\u00e9duction de taux aura un impact positif de 530 millions d\u2019euros\u00a0\u00bb pour les banques fran\u00e7aises, ont calcul\u00e9 les analystes de l&rsquo;agence de notation Fitch. \u00ab\u00a0Au total, les baisses successives devraient engendrer une \u00e9conomie de 4 milliards d&rsquo;euros par rapport \u00e0 l&rsquo;ann\u00e9e 2024\u00a0\u00bb, selon ces experts.\n<\/p>\n<p>\n Les assureurs se r\u00e9jouissent aussi de voir leurs assurances vie, qui ont fait le plein ces derniers mois, encore plus comp\u00e9titives face au Livret A.\n<\/p>\n<p>\n Mais \u00ab\u00a0malgr\u00e9 la baisse annonc\u00e9e, le livret A reste un produit indispensable et tr\u00e8s rentable pour les m\u00e9nages\u00a0\u00bb, a d\u00e9fendu Daniel Baal, patron du Cr\u00e9dit Mutuel et pr\u00e9sident de la f\u00e9d\u00e9ration fran\u00e7aise des banques (FBF), sur le r\u00e9seau social professionnel Linkedin. Son taux est \u00ab\u00a0tr\u00e8s nettement sup\u00e9rieur \u00e0 tout ce qui peut se pratiquer pour de l&rsquo;\u00e9pargne imm\u00e9diatement disponible\u00a0\u00bb, a-t-il not\u00e9.\n<\/p>\n<p> &#8211; Objectif LEP &#8211;<\/p>\n<p>\n La Banque de France et Bercy ont par ailleurs mis l&rsquo;accent sur le Livret d&rsquo;\u00e9pargne populaire (LEP), r\u00e9serv\u00e9 aux \u00e9pargnants modestes, qui b\u00e9n\u00e9ficie d&rsquo;un geste en sa faveur encore plus important que le Livret A.\n<\/p>\n<p>\n \u00ab\u00a0J&rsquo;ai tenu \u00e0 conserver un avantage marqu\u00e9 pour les plus modestes\u00a0\u00bb, a soulign\u00e9 le ministre de l&rsquo;Economie, en fixant le nouveau taux du LEP \u00e0 2,5% au 1er f\u00e9vrier, contre 2,7% aujourd&rsquo;hui.\n<\/p>\n<p>\n M. Villeroy de Galhau avait soulign\u00e9 mercredi que le LEP \u00e9tait \u00ab\u00a0le vrai produit, le plus avantageux, d&rsquo;\u00e9pargne populaire\u00a0\u00bb.\n<\/p>\n<p>\n Peu mis en avant par les agences et les sites internet des banques qui le commercialisent, ce produit peine \u00e0 trouver son public. Les quelque 12 millions de LEP ouverts restent loin des 31 millions de personnes \u00e9ligibles.\n<\/p>\n<p>\n \u00ab\u00a0J&rsquo;engage les Fran\u00e7ais qui sont \u00e9ligibles, qui sont en dessous des conditions de revenus qui permettent d&rsquo;y avoir acc\u00e8s (&#8230;), \u00e0 se rapprocher de leur banque pour ouvrir ce type de livret\u00a0\u00bb, a insist\u00e9 M. Lescure.<\/p>\n","protected":false},"excerpt":{"rendered":"Le taux du Livret A va descendre \u00e0 1,5% \u00e0 partir du mois de f\u00e9vrier ( AFP \/&hellip;\n","protected":false},"author":2,"featured_media":665062,"comment_status":"","ping_status":"","sticky":false,"template":"","format":"standard","meta":{"footnotes":""},"categories":[6],"tags":[400,398,408,35,405,33,34,1011,27,403,402,399,404,401,406,407],"class_list":{"0":"post-665762","1":"post","2":"type-post","3":"status-publish","4":"format-standard","5":"has-post-thumbnail","7":"category-economie","8":"tag-action-cac-40","9":"tag-bourse-de-paris","10":"tag-boursorama","11":"tag-business","12":"tag-cotations","13":"tag-economie","14":"tag-economy","15":"tag-fr","16":"tag-france","17":"tag-indices-devises","18":"tag-investir","19":"tag-investissement","20":"tag-marche-boursier","21":"tag-sicav","22":"tag-trackers","23":"tag-warrants"},"share_on_mastodon":{"url":"","error":""},"_links":{"self":[{"href":"https:\/\/www.europesays.com\/fr\/wp-json\/wp\/v2\/posts\/665762","targetHints":{"allow":["GET"]}}],"collection":[{"href":"https:\/\/www.europesays.com\/fr\/wp-json\/wp\/v2\/posts"}],"about":[{"href":"https:\/\/www.europesays.com\/fr\/wp-json\/wp\/v2\/types\/post"}],"author":[{"embeddable":true,"href":"https:\/\/www.europesays.com\/fr\/wp-json\/wp\/v2\/users\/2"}],"replies":[{"embeddable":true,"href":"https:\/\/www.europesays.com\/fr\/wp-json\/wp\/v2\/comments?post=665762"}],"version-history":[{"count":0,"href":"https:\/\/www.europesays.com\/fr\/wp-json\/wp\/v2\/posts\/665762\/revisions"}],"wp:featuredmedia":[{"embeddable":true,"href":"https:\/\/www.europesays.com\/fr\/wp-json\/wp\/v2\/media\/665062"}],"wp:attachment":[{"href":"https:\/\/www.europesays.com\/fr\/wp-json\/wp\/v2\/media?parent=665762"}],"wp:term":[{"taxonomy":"category","embeddable":true,"href":"https:\/\/www.europesays.com\/fr\/wp-json\/wp\/v2\/categories?post=665762"},{"taxonomy":"post_tag","embeddable":true,"href":"https:\/\/www.europesays.com\/fr\/wp-json\/wp\/v2\/tags?post=665762"}],"curies":[{"name":"wp","href":"https:\/\/api.w.org\/{rel}","templated":true}]}}