{"id":665763,"date":"2026-01-15T16:57:08","date_gmt":"2026-01-15T16:57:08","guid":{"rendered":"https:\/\/www.europesays.com\/fr\/665763\/"},"modified":"2026-01-15T16:57:08","modified_gmt":"2026-01-15T16:57:08","slug":"en-direct-guerre-en-ukraine-la-france-est-a-portee-des-tirs-de-la-russie-met-en-garde-emmanuel-macron-le-monde-fr","status":"publish","type":"post","link":"https:\/\/www.europesays.com\/fr\/665763\/","title":{"rendered":"EN DIRECT, guerre en Ukraine : la France est \u00ab \u00e0 port\u00e9e des tirs \u00bb de la Russie, met en garde Emmanuel Macron &#8211; Le Monde.fr"},"content":{"rendered":"<ol>\n<li><a href=\"https:\/\/news.google.com\/rss\/articles\/CBMiggJBVV95cUxNZzloekh2NWNFbmtnY2t5V2VhYXE1TXEzaUh0TTlqcjA2aVU0dDBlbGc2bmpjZENsbXNwOUhVLTFpb1kzOW5wWFdYU1kwYUdkYXhOWjlHZTNSTk42TGk2OWllekM4aTFRY1NNMjlKbFUwaDNWbHhyN3h6Q3ZycGwxeEE5bVhKNHhnczJ0eHdRelJ2VXQtY1l6aGJnYjNmQmFOelRMM2NDNU45STFSZXRTdHZLbWVDNmVaTExsY1JjWHcwdWNTbUxrZUZZOEwxZEowY0V4b1YzMDMxLThkUDZfZ19IcnFCd2JsR19KcnFaSUl6aEFPaVRTNTFLdXlzV1hiQ2c?oc=5\" target=\"_blank\" rel=\"noopener\">EN DIRECT, guerre en Ukraine : la France est \u00ab \u00e0 port\u00e9e des tirs \u00bb de la Russie, met en garde Emmanuel Macron<\/a>&nbsp;&nbsp;Le Monde.fr<\/li>\n<li><a href=\"https:\/\/news.google.com\/rss\/articles\/CBMipAFBVV95cUxQYU9WS2MwRUtKbWRIZFd1cFY0eHpOQ2hTSkpBUEhFaHlKZzhsMUZIMnNiMGU2OFpjV3ZSUUhqSENCWEhDaWJJVkFQR29udFF0QndQYTdZaEVWcVRZUWlpbkNFUURhbFo0cXNsZmlFQnYwQmM4aXJFUjZneVBZdnd0LVVXYzBvaEdaWVd2TEh5ejMxWGNiY2t3dXRQaVNPRExlVENjXw?oc=5\" target=\"_blank\" rel=\"noopener\">D\u00e9claration de Paris : la Coalition des volontaires renforce son action<\/a>&nbsp;&nbsp;La France au Canada<\/li>\n<li><a href=\"https:\/\/news.google.com\/rss\/articles\/CBMiwwFBVV95cUxPQ3VSYlRnWjB3ejN2RUdOTU1MdGJwNXZhbWVZa0JDYXFVQVpmcXJwUTFiOXkyTzltM3dNMHg1Y2k3LUNYbW5SMmJuNTQ1UmlEd0pOaS1BOTFQWkM0em1OczAtMkJ4alh1N1J5Y25ENXlKbjM3WU9mR1lvYzBXUTd5NlpYQTgzVzAzblM1aVdSbm8yUzZkYUFfa2JjdVItY0JLQ2tTWFdzM28za1ExQ2lVb3lBZWdDOEpRRHc2U0VtNzd2ZmM?oc=5\" target=\"_blank\" rel=\"noopener\">Xenia Fedorova : \u00abL&rsquo;envoi de soldats fran\u00e7ais en Ukraine, un pi\u00e8ge strat\u00e9gique pour l&rsquo;Europe\u00bb<\/a>&nbsp;&nbsp;lejdd.fr<\/li>\n<li><a href=\"https:\/\/news.google.com\/rss\/articles\/CBMiowFBVV95cUxQYWhNampzLUV6Yl9ZUkZ4NlBzVVA3WlNyeU94RnpyZFdTMjc3TGhZQ2p1UU5ERFJHSUJPazVsQVNybU1xdXhYa0tjU2N6bEtfeUc1Z0UxOTZGREF2Q1BTZ1NTVldYTVMycDdtYVM1bTlILVJ2NHVaU1ViN3FlRmc1YVJxeEtIaHVtWTg5VzE1REE2aDZqV1h0dDFMT0ZsTG56dWpB?oc=5\" target=\"_blank\" rel=\"noopener\">Quelles garanties de s\u00e9curit\u00e9 pour l\u2019Ukraine ?<\/a>&nbsp;&nbsp;La Presse<\/li>\n<li><a href=\"https:\/\/news.google.com\/rss\/articles\/CBMinAFBVV95cUxQZFV4Z09pOFE4eEkyZnpEZjE1MnliZDJaRVpmOEZ2LXNTbURDTFpHTERhUElITVdvVk9jaHFaNVpfbndseHVrMGxsMDBMaXpLM1VkNHgyTk5icnVRQ0FDOWJRaXJNUlVvNTdQVk5xTV94blYtTUdtS1NIUHAtLVpJNEVzcnZYa21UX1FsVENTSGNVWWY1N0wtNVFuU3E?oc=5\" target=\"_blank\" rel=\"noopener\">\u00ab Coalition des volontaires \u00bb en soutien \u00e0 l\u2019Ukraine : la formule trouv\u00e9e par les Europ\u00e9ens pour contourner le v\u00e9to hongrois ?<\/a>&nbsp;&nbsp;Le Taurillon<\/li>\n<\/ol>\n","protected":false},"excerpt":{"rendered":"EN DIRECT, guerre en Ukraine : la France est \u00ab \u00e0 port\u00e9e des tirs \u00bb de la Russie,&hellip;\n","protected":false},"author":2,"featured_media":665764,"comment_status":"","ping_status":"","sticky":false,"template":"","format":"standard","meta":{"footnotes":""},"categories":[5],"tags":[11,1011,27,14,12,28],"class_list":{"0":"post-665763","1":"post","2":"type-post","3":"status-publish","4":"format-standard","5":"has-post-thumbnail","7":"category-international","8":"tag-actualites","9":"tag-fr","10":"tag-france","11":"tag-international","12":"tag-news","13":"tag-world"},"share_on_mastodon":{"url":"https:\/\/pubeurope.com\/@fr\/115900176429249415","error":""},"_links":{"self":[{"href":"https:\/\/www.europesays.com\/fr\/wp-json\/wp\/v2\/posts\/665763","targetHints":{"allow":["GET"]}}],"collection":[{"href":"https:\/\/www.europesays.com\/fr\/wp-json\/wp\/v2\/posts"}],"about":[{"href":"https:\/\/www.europesays.com\/fr\/wp-json\/wp\/v2\/types\/post"}],"author":[{"embeddable":true,"href":"https:\/\/www.europesays.com\/fr\/wp-json\/wp\/v2\/users\/2"}],"replies":[{"embeddable":true,"href":"https:\/\/www.europesays.com\/fr\/wp-json\/wp\/v2\/comments?post=665763"}],"version-history":[{"count":0,"href":"https:\/\/www.europesays.com\/fr\/wp-json\/wp\/v2\/posts\/665763\/revisions"}],"wp:featuredmedia":[{"embeddable":true,"href":"https:\/\/www.europesays.com\/fr\/wp-json\/wp\/v2\/media\/665764"}],"wp:attachment":[{"href":"https:\/\/www.europesays.com\/fr\/wp-json\/wp\/v2\/media?parent=665763"}],"wp:term":[{"taxonomy":"category","embeddable":true,"href":"https:\/\/www.europesays.com\/fr\/wp-json\/wp\/v2\/categories?post=665763"},{"taxonomy":"post_tag","embeddable":true,"href":"https:\/\/www.europesays.com\/fr\/wp-json\/wp\/v2\/tags?post=665763"}],"curies":[{"name":"wp","href":"https:\/\/api.w.org\/{rel}","templated":true}]}}