{"id":665765,"date":"2026-01-15T16:58:15","date_gmt":"2026-01-15T16:58:15","guid":{"rendered":"https:\/\/www.europesays.com\/fr\/665765\/"},"modified":"2026-01-15T16:58:15","modified_gmt":"2026-01-15T16:58:15","slug":"direct-fortes-pluies-plougonvelin-et-morgat-sous-leau-plus-de-trains-entre-brest-quimper-jusqua-vendredi-des-cumuls-impressionnants","status":"publish","type":"post","link":"https:\/\/www.europesays.com\/fr\/665765\/","title":{"rendered":"DIRECT &#8211; Fortes pluies : Plougonvelin et Morgat sous l&rsquo;eau, plus de trains entre Brest-Quimper jusqu&rsquo;\u00e0 vendredi, des cumuls impressionnants"},"content":{"rendered":"<p>\u00ab En quinze ans, on a eu quatre inondations, mais jamais \u00e0 ce point-l\u00e0 \u00bb : \u00e0 Guilers, une famille sous l&rsquo;eau<\/p>\n<p>A Guilers, la maison de Gwenola Pinson a \u00e9t\u00e9 inond\u00e9e ce jeudi apr\u00e8s les fortes pluies. \u00ab Ce n\u2019est pas la premi\u00e8re fois qu\u2019on a un peu d\u2019inondation. Mais l\u00e0, c\u2019est vraiment la premi\u00e8re fois que \u00e7a monte aussi haut \u00bb, raconte-t-elle. Le mois dernier, la maison avait d\u00e9j\u00e0 \u00e9t\u00e9 touch\u00e9e. \u00ab On avait \u00e9t\u00e9 un peu inond\u00e9s, mais pas comme \u00e7a. \u00bb<\/p>\n<p><img decoding=\"async\" src=\"https:\/\/www.europesays.com\/fr\/wp-content\/uploads\/2026\/01\/696902a8c7e9b15a2403c061.1.jpeg\" width=\"480\" height=\"300\" class=\"web_golden_m\" loading=\"lazy\" alt=\"DIRECT - Fortes pluies : Plougonvelin et Morgat sous l'eau, plus de trains entre Brest-Quimper jusqu'\u00e0 vendredi, des cumuls impressionnants\"\/><\/p>\n<p>Le mat\u00e9riel de son mari est hors d\u2019usage. \u00ab Je pense que \u00e7a va directement \u00e0 la d\u00e9ch\u00e8terie \u00bb, dit-elle. Quand Gwenola Pinson a vu l\u2019eau arriver, elle a tout de suite coup\u00e9 le courant. \u00ab \u00c7a monte tr\u00e8s vite, il a fallu r\u00e9agir vite \u00bb.<\/p>\n<p><img decoding=\"async\" src=\"https:\/\/www.europesays.com\/fr\/wp-content\/uploads\/2026\/01\/696902d6307eca4f7c067c63.1.jpeg\" width=\"480\" height=\"300\" class=\"web_golden_m\" loading=\"lazy\" alt=\"DIRECT - Fortes pluies : Plougonvelin et Morgat sous l'eau, plus de trains entre Brest-Quimper jusqu'\u00e0 vendredi, des cumuls impressionnants\"\/><\/p>\n<p>Ma famille ne passera pas la nuit sur place. \u00ab On ne va pas rester ici ce soir, on va tout nettoyer. Je suis compl\u00e8tement \u00e9puis\u00e9e \u00bb \u00ab En quinze ans, on a eu quatre inondations, mais jamais \u00e0 ce point-l\u00e0. \u00bb<\/p>\n","protected":false},"excerpt":{"rendered":"\u00ab En quinze ans, on a eu quatre inondations, mais jamais \u00e0 ce point-l\u00e0 \u00bb : \u00e0 Guilers,&hellip;\n","protected":false},"author":2,"featured_media":665766,"comment_status":"","ping_status":"","sticky":false,"template":"","format":"standard","meta":{"footnotes":""},"categories":[4],"tags":[11,3450,829,6206,32928,765,3321,1011,27,4458,76628,9815,2487,2131,12,16048,76627,25,32241],"class_list":{"0":"post-665765","1":"post","2":"type-post","3":"status-publish","4":"format-standard","5":"has-post-thumbnail","7":"category-france","8":"tag-actualites","9":"tag-brest","10":"tag-bretagne","11":"tag-chateaulin","12":"tag-crozon","13":"tag-en-continu","14":"tag-finistere","15":"tag-fr","16":"tag-france","17":"tag-inondation","18":"tag-la-roche-maurice","19":"tag-landerneau","20":"tag-meteo","21":"tag-morlaix","22":"tag-news","23":"tag-newsletter-aujourdhui-en-bretagne","24":"tag-plouvien","25":"tag-republique-francaise","26":"tag-saint-renan"},"share_on_mastodon":{"url":"https:\/\/pubeurope.com\/@fr\/115900180449168140","error":""},"_links":{"self":[{"href":"https:\/\/www.europesays.com\/fr\/wp-json\/wp\/v2\/posts\/665765","targetHints":{"allow":["GET"]}}],"collection":[{"href":"https:\/\/www.europesays.com\/fr\/wp-json\/wp\/v2\/posts"}],"about":[{"href":"https:\/\/www.europesays.com\/fr\/wp-json\/wp\/v2\/types\/post"}],"author":[{"embeddable":true,"href":"https:\/\/www.europesays.com\/fr\/wp-json\/wp\/v2\/users\/2"}],"replies":[{"embeddable":true,"href":"https:\/\/www.europesays.com\/fr\/wp-json\/wp\/v2\/comments?post=665765"}],"version-history":[{"count":0,"href":"https:\/\/www.europesays.com\/fr\/wp-json\/wp\/v2\/posts\/665765\/revisions"}],"wp:featuredmedia":[{"embeddable":true,"href":"https:\/\/www.europesays.com\/fr\/wp-json\/wp\/v2\/media\/665766"}],"wp:attachment":[{"href":"https:\/\/www.europesays.com\/fr\/wp-json\/wp\/v2\/media?parent=665765"}],"wp:term":[{"taxonomy":"category","embeddable":true,"href":"https:\/\/www.europesays.com\/fr\/wp-json\/wp\/v2\/categories?post=665765"},{"taxonomy":"post_tag","embeddable":true,"href":"https:\/\/www.europesays.com\/fr\/wp-json\/wp\/v2\/tags?post=665765"}],"curies":[{"name":"wp","href":"https:\/\/api.w.org\/{rel}","templated":true}]}}