{"id":66578,"date":"2025-05-01T09:37:10","date_gmt":"2025-05-01T09:37:10","guid":{"rendered":"https:\/\/www.europesays.com\/fr\/66578\/"},"modified":"2025-05-01T09:37:10","modified_gmt":"2025-05-01T09:37:10","slug":"le-cortege-grenoblois-sest-elance","status":"publish","type":"post","link":"https:\/\/www.europesays.com\/fr\/66578\/","title":{"rendered":"le cort\u00e8ge grenoblois s&rsquo;est \u00e9lanc\u00e9"},"content":{"rendered":"<p class=\"insetTitle\">\u00c0 savoir<\/p>\n<p>Qui dit 1er-Mai dit manifestation\u00a0!\u00a0<\/p>\n<p>Pour le traditionnel d\u00e9fil\u00e9 de la F\u00eate du travail, les manifestants grenoblois\u00a0avaient\u00a0rendez-vous \u00e0 10h sur l&rsquo;avenue Alsace-Lorraine pour prendre la direction de l&rsquo;anneau de vitesse, dans le parc Paul-Mistral.\u00a0<\/p>\n<p>Dans le d\u00e9partement, plusieurs <a href=\"https:\/\/www.ledauphine.com\/social\/2025\/04\/27\/deux-manifestations-et-un-vide-greniers-pour-le-1er-mai\" target=\"_blank\" rel=\"noopener\">autres manifestations sont pr\u00e9vues<\/a> :\u00a0<\/p>\n<p>&#8211; un <a href=\"https:\/\/www.ledauphine.com\/societe\/2025\/04\/29\/isere-saint-marcellin-pour-le-1er-mai-un-rassemblement-festif-sur-le-champ-de-mars-ce-jeudi\" target=\"_blank\" rel=\"noopener\">rassemblement festif \u00e0 Saint-Marcellin<\/a> \u00e0 10h<\/p>\n<p>&#8211; un <a href=\"https:\/\/www.ledauphine.com\/social\/2025\/05\/01\/isere-1er-mai-2025-environ-200-manifestants-a-roussillon\" target=\"_blank\" rel=\"noopener\">d\u00e9fil\u00e9 \u00e0 Roussillon<\/a> \u00e0 la m\u00eame heure\u00a0<\/p>\n<p>&#8211; un d\u00e9fil\u00e9 \u00e0 Bourgoin-Jallieu \u00e0 10h \u00e9galement\u00a0<\/p>\n<p>&#8211; \u00e0 Vienne enfin, pas de manifestation mais un vide-greniers revendicatif.<\/p>\n","protected":false},"excerpt":{"rendered":"\u00c0 savoir Qui dit 1er-Mai dit manifestation\u00a0!\u00a0 Pour le traditionnel d\u00e9fil\u00e9 de la F\u00eate du travail, les manifestants&hellip;\n","protected":false},"author":2,"featured_media":66579,"comment_status":"","ping_status":"","sticky":false,"template":"","format":"standard","meta":{"footnotes":""},"categories":[9566],"tags":[1111,11,2430,112,1777,674,1011,27,2731,108,12,25,801,104],"class_list":{"0":"post-66578","1":"post","2":"type-post","3":"status-publish","4":"format-standard","5":"has-post-thumbnail","7":"category-grenoble","8":"tag-actu","9":"tag-actualites","10":"tag-auvergne-rhone-alpes","11":"tag-edition-grenoble-agglomeration","12":"tag-eu","13":"tag-europe","14":"tag-fr","15":"tag-france","16":"tag-grenoble","17":"tag-isere","18":"tag-news","19":"tag-republique-francaise","20":"tag-social","21":"tag-societe"},"share_on_mastodon":{"url":"https:\/\/pubeurope.com\/@fr\/114431907844047248","error":""},"_links":{"self":[{"href":"https:\/\/www.europesays.com\/fr\/wp-json\/wp\/v2\/posts\/66578","targetHints":{"allow":["GET"]}}],"collection":[{"href":"https:\/\/www.europesays.com\/fr\/wp-json\/wp\/v2\/posts"}],"about":[{"href":"https:\/\/www.europesays.com\/fr\/wp-json\/wp\/v2\/types\/post"}],"author":[{"embeddable":true,"href":"https:\/\/www.europesays.com\/fr\/wp-json\/wp\/v2\/users\/2"}],"replies":[{"embeddable":true,"href":"https:\/\/www.europesays.com\/fr\/wp-json\/wp\/v2\/comments?post=66578"}],"version-history":[{"count":0,"href":"https:\/\/www.europesays.com\/fr\/wp-json\/wp\/v2\/posts\/66578\/revisions"}],"wp:featuredmedia":[{"embeddable":true,"href":"https:\/\/www.europesays.com\/fr\/wp-json\/wp\/v2\/media\/66579"}],"wp:attachment":[{"href":"https:\/\/www.europesays.com\/fr\/wp-json\/wp\/v2\/media?parent=66578"}],"wp:term":[{"taxonomy":"category","embeddable":true,"href":"https:\/\/www.europesays.com\/fr\/wp-json\/wp\/v2\/categories?post=66578"},{"taxonomy":"post_tag","embeddable":true,"href":"https:\/\/www.europesays.com\/fr\/wp-json\/wp\/v2\/tags?post=66578"}],"curies":[{"name":"wp","href":"https:\/\/api.w.org\/{rel}","templated":true}]}}