{"id":665789,"date":"2026-01-15T17:10:26","date_gmt":"2026-01-15T17:10:26","guid":{"rendered":"https:\/\/www.europesays.com\/fr\/665789\/"},"modified":"2026-01-15T17:10:26","modified_gmt":"2026-01-15T17:10:26","slug":"on-sait-quils-nous-ont-menti","status":"publish","type":"post","link":"https:\/\/www.europesays.com\/fr\/665789\/","title":{"rendered":"On sait qu&rsquo;ils nous ont menti"},"content":{"rendered":"<p>                    Par<br \/>\n        <strong><br \/>\n            <a href=\"https:\/\/actu.fr\/auteur\/lisa-rodrigues\" title=\"Consulter tous les articles de Lisa Rodrigues\" target=\"_blank\" rel=\"noopener\">Lisa Rodrigues<\/a><br \/>\n                    <\/strong><\/p>\n<p>        Publi\u00e9 le<\/p>\n<p>            15 janv. 2026 \u00e0 17h45        <\/p>\n<p>Un <strong>hangar rempli de supercalculateurs<\/strong> pour l\u2019<a href=\"https:\/\/actu.fr\/tag\/intelligence-artificielle\" target=\"_blank\" rel=\"noopener\">intelligence artificielle<\/a>\u00a0en plein c\u0153ur de la M\u00e9tropole de <a href=\"https:\/\/actu.fr\/auvergne-rhone-alpes\/grenoble_38185\" target=\"_blank\" rel=\"noopener\">Grenoble<\/a> : c\u2019est le projet de la soci\u00e9t\u00e9 DataOne, annonc\u00e9 en f\u00e9vrier 2025. Ce datacenter va s\u2019implanter \u00e0 <strong>Eybens<\/strong>, dans l\u2019un des b\u00e2timents occup\u00e9s pendant plusieurs ann\u00e9es par l\u2019entreprise am\u00e9ricaine de logiciels HP.<br \/>Le projet, priv\u00e9, a \u00e9t\u00e9 pr\u00e9sent\u00e9 aux habitants lors d\u2019une r\u00e9union publique d\u00e9but janvier, en pr\u00e9sence de la mairie et de <a href=\"https:\/\/actu.fr\/tag\/grenoble-alpes-metropole\" target=\"_blank\" rel=\"noopener\">Grenoble-Alpes M\u00e9tropole<\/a>. Et le moins que l\u2019on puisse dire, c\u2019est que dans sa grande majorit\u00e9, le public n\u2019est pas vraiment emball\u00e9\u2026<\/p>\n<p>\u00ab\u00a0\u00c7a reste flou\u00a0\u00bb<\/p>\n<p class=\" wall-content\">\u00ab\u00a0\u00c7a ne nous a pas \u00e9clair\u00e9 tant que \u00e7a\u00a0\u00bb, soupire J\u00e9r\u00e9mie, membre d\u2019Alternatiba Grenoble, association de protection du climat, pr\u00e9sent \u00e0 la r\u00e9union. \u00ab\u00a0\u00c7a reste flou. Il y a des habitants des quartiers autour qui n\u2019\u00e9taient m\u00eame pas au courant de ce projet !\u00a0\u00bb<\/p>\n<p>    <a href=\"https:\/\/www.google.com\/maps\/embed?pb=!1m18!1m12!1m3!1d2813.5325849980336!2d5.738654774774587!3d45.15606405394752!2m3!1f0!2f0!3f0!3m2!1i1024!2i768!4f13.1!3m3!1m2!1s0x478af56b8241547d%3A0x7fa12421e70ebf11!2sDataOne%20Grenoble!5e0!3m2!1sfr!2sfr!4v1768486928253!5m2!1sfr!2sfr\" title=\"Ouvrie le lien\" target=\"_blank\" rel=\"noopener\">Cliquez ici pour visualiser le contenu<\/a><\/p>\n<p class=\" wall-content\">En f\u00e9vrier 2025, DataOne a annonc\u00e9 un complexe qui, \u00e0 terme, sera capable d\u2019atteindre 1GW de puissance, avec une centaine d\u2019employ\u00e9s. Un an plus tard, \u00ab\u00a0<strong>on est plut\u00f4t \u00e0 200 MW et \u00e0 une vingtaine de salari\u00e9s environ<\/strong>\u00a0\u00bb sur site pour la maintenance et la s\u00e9curit\u00e9.<\/p>\n<p class=\" wall-content\">Des r\u00e9trop\u00e9dalages qui attirent la suspicion des habitants et des associations, malgr\u00e9 l\u2019intervention du patron de DataOne, Charles-Antoine Beyney. \u00ab\u00a0On sait qu\u2019ils nous ont menti sur plusieurs points\u00a0\u00bb, souffle J\u00e9r\u00e9mie.<\/p>\n<p>Un nouvel \u00eelot de chaleur ?<\/p>\n<p class=\" wall-content\">Les habitants et collectivit\u00e9s locales sont \u00e9galement concern\u00e9s par la consommation d\u2019\u00e9nergie requise pour faire tourner le site, la plus importante de la M\u00e9tropole pour une entreprise. Consommation qui supposerait une <strong>hausse de la temp\u00e9rature<\/strong> avec la cr\u00e9ation <a href=\"https:\/\/actu.fr\/auvergne-rhone-alpes\/grenoble_38185\/grenoble-en-tres-mauvaise-posture-dans-ce-classement-l-avenir-s-annonce-inquietant_63051889.html\" target=\"_blank\" rel=\"noopener\">d\u2019un \u00eelot de chaleur<\/a> sur le quartier.<\/p>\n<p class=\" wall-content\">Probl\u00e8me, la loi n\u2019impose pas pour ce projet une enqu\u00eate publique ou une \u00e9tude d\u2019impact, malgr\u00e9 la demande formul\u00e9e par la M\u00e9tropole en ce sens. Cette derni\u00e8re a donc pris l\u2019initiative de commander une \u00e9tude sur les d\u00e9gagements de chaleur du projet.\u00a0<\/p>\n<p>Votre r\u00e9gion, votre actu !<\/p>\n<p>Recevez chaque jour les infos qui comptent pour vous.<\/p>\n<p>\t<a href=\"https:\/\/actu.fr\/newsletter\" class=\"ac-btn ac-btn--corner ac-btn--medium ac-btn--blue800\" target=\"_blank\" rel=\"noopener\">S&rsquo;incrire<\/a><\/p>\n<p class=\" wall-content\">\u00ab\u00a0On a eu les r\u00e9sultats quelques heures avant la r\u00e9union publique. On est en train de les affiner, indique \u00e0 actu Grenoble Florent Cholat, conseiller m\u00e9tropolitain au num\u00e9rique. A priori, on devrait \u00eatre sur <strong>une hausse de 0,1 ou 0,2\u00b0C<\/strong> dans une zone d\u00e9j\u00e0 tr\u00e8s chaude.\u00a0\u00bb\u00a0<\/p>\n<p>Une forte consommation d\u2019eau<\/p>\n<p class=\" wall-content\">La question de la consommation d\u2019eau pour le syst\u00e8me de refroidissement du datacenter a aussi \u00e9t\u00e9 questionn\u00e9e. \u00ab\u00a0On serait \u00e0 <strong>environ 12 000 m3 par an<\/strong>, soit environ trois piscines olympiques\u00a0\u00bb, estime J\u00e9r\u00e9mie. Un volume cons\u00e9quent, mais pas hors normes pour une entreprise de cette taille.<\/p>\n<p class=\" wall-content\">Pour les associations de d\u00e9fense de l\u2019environnement, le probl\u00e8me est \u00ab\u00a0qu\u2019ils auront le droit de consommer de l\u2019eau pour refroidir leurs supercalculateurs pendant les <a href=\"https:\/\/actu.fr\/auvergne-rhone-alpes\/grenoble_38185\/canicule-a-grenoble-records-de-chaleur-pour-meteo-france-c-est-loin-d-etre-fini_62821459.html\" target=\"_blank\" rel=\"noopener\">p\u00e9riodes de canicule<\/a> o\u00f9 m\u00eame les mara\u00eechers ne pourront pas arroser leurs plantations\u00a0\u00bb.<\/p>\n<p class=\" wall-content\">Quant \u00e0 ce qui est de l\u2019impact \u00e9conomique, \u00ab\u00a0<strong>il est n\u00e9gatif<\/strong> pour la commune d\u2019Eybens et pour la M\u00e9tropole\u00a0\u00bb, conc\u00e8de Florent Cholat, car aucune taxe suppl\u00e9mentaire ne devrait rentrer dans les caisses publiques.<\/p>\n<p>Un autre datacenter en Is\u00e8re<\/p>\n<p class=\" wall-content\">D\u2019apr\u00e8s les derni\u00e8res annonces de DataOne, le datacenter d\u2019Eybens doit d\u00e9marrer son activit\u00e9 dans les prochaines semaines (le lancement \u00e9tait initialement annonc\u00e9 pour 2025). Un d\u00e9lai qui pourrait encore s\u2019allonger, puisqu\u2019une partie des machines n\u2019auraient pas encore \u00e9t\u00e9 achemin\u00e9es sur site, selon les informations de la r\u00e9daction.\u00a0<\/p>\n<p class=\" wall-content\">La soci\u00e9t\u00e9 doit \u00e9galement ouvrir un \u00e9quipement du m\u00eame type \u00e0 <a href=\"https:\/\/actu.fr\/auvergne-rhone-alpes\/villefontaine_38553\" target=\"_blank\" rel=\"noopener\">Villefontaine<\/a>, en Nord-Is\u00e8re.<\/p>\n<p class=\" wall-content\">Personnalisez votre actualit\u00e9 en ajoutant vos villes et m\u00e9dias en favori avec <a href=\"https:\/\/moncompte.actu.fr\" title=\"D\u00e9couvez Mon Actu\" rel=\"nofollow noopener\" data-trk=\"{&quot;cta&quot;:{&quot;action&quot;:&quot;https:\\\/\\\/moncompte.actu.fr&quot;,&quot;category&quot;:&quot;mon compte&quot;,&quot;from&quot;:&quot;article footer&quot;,&quot;name&quot;:&quot;Mon actu&quot;,&quot;type&quot;:&quot;cta&quot;}}\" target=\"_blank\">Mon Actu<\/a>.<\/p>\n","protected":false},"excerpt":{"rendered":"Par Lisa Rodrigues Publi\u00e9 le 15 janv. 2026 \u00e0 17h45 Un hangar rempli de supercalculateurs pour l\u2019intelligence artificielle\u00a0en&hellip;\n","protected":false},"author":2,"featured_media":665790,"comment_status":"","ping_status":"","sticky":false,"template":"","format":"standard","meta":{"footnotes":""},"categories":[9566],"tags":[1111,11,2430,33,1777,674,1011,27,2731,19692,693,223,12,25],"class_list":{"0":"post-665789","1":"post","2":"type-post","3":"status-publish","4":"format-standard","5":"has-post-thumbnail","7":"category-grenoble","8":"tag-actu","9":"tag-actualites","10":"tag-auvergne-rhone-alpes","11":"tag-economie","12":"tag-eu","13":"tag-europe","14":"tag-fr","15":"tag-france","16":"tag-grenoble","17":"tag-grenoble-alpes-metropole","18":"tag-industrie","19":"tag-intelligence-artificielle","20":"tag-news","21":"tag-republique-francaise"},"share_on_mastodon":{"url":"https:\/\/pubeurope.com\/@fr\/115900227525925723","error":""},"_links":{"self":[{"href":"https:\/\/www.europesays.com\/fr\/wp-json\/wp\/v2\/posts\/665789","targetHints":{"allow":["GET"]}}],"collection":[{"href":"https:\/\/www.europesays.com\/fr\/wp-json\/wp\/v2\/posts"}],"about":[{"href":"https:\/\/www.europesays.com\/fr\/wp-json\/wp\/v2\/types\/post"}],"author":[{"embeddable":true,"href":"https:\/\/www.europesays.com\/fr\/wp-json\/wp\/v2\/users\/2"}],"replies":[{"embeddable":true,"href":"https:\/\/www.europesays.com\/fr\/wp-json\/wp\/v2\/comments?post=665789"}],"version-history":[{"count":0,"href":"https:\/\/www.europesays.com\/fr\/wp-json\/wp\/v2\/posts\/665789\/revisions"}],"wp:featuredmedia":[{"embeddable":true,"href":"https:\/\/www.europesays.com\/fr\/wp-json\/wp\/v2\/media\/665790"}],"wp:attachment":[{"href":"https:\/\/www.europesays.com\/fr\/wp-json\/wp\/v2\/media?parent=665789"}],"wp:term":[{"taxonomy":"category","embeddable":true,"href":"https:\/\/www.europesays.com\/fr\/wp-json\/wp\/v2\/categories?post=665789"},{"taxonomy":"post_tag","embeddable":true,"href":"https:\/\/www.europesays.com\/fr\/wp-json\/wp\/v2\/tags?post=665789"}],"curies":[{"name":"wp","href":"https:\/\/api.w.org\/{rel}","templated":true}]}}