{"id":665805,"date":"2026-01-15T17:18:12","date_gmt":"2026-01-15T17:18:12","guid":{"rendered":"https:\/\/www.europesays.com\/fr\/665805\/"},"modified":"2026-01-15T17:18:12","modified_gmt":"2026-01-15T17:18:12","slug":"ce-magasin-emblematique-va-fermer-apres-40-ans-a-nantes","status":"publish","type":"post","link":"https:\/\/www.europesays.com\/fr\/665805\/","title":{"rendered":"Ce magasin embl\u00e9matique va fermer apr\u00e8s 40 ans \u00e0 Nantes"},"content":{"rendered":"<p>Cette annonce s\u2019inscrit dans un contexte plus large de crise du secteur du pr\u00eat-\u00e0-porter, fragilis\u00e9 depuis plusieurs ann\u00e9es par l\u2019essor du e-commerce, la baisse de fr\u00e9quentation des centres-villes et l\u2019\u00e9volution des habitudes de consommation. <strong>Apr\u00e8s les fermetures successives de Cama\u00efeu, Kooka\u00ef, Minelli ou encore Esprit, c\u2019est au tour de C&amp;A de quitter le c\u0153ur de la cit\u00e9 des Ducs.<\/strong><\/p>\n<p>&#13;<br \/>\nUne fermeture annonc\u00e9e, mais toujours douloureuse&#13;<\/p>\n<p>Si la nouvelle attriste de nombreux habitu\u00e9s, elle n\u2019est pas totalement une surprise. \u00ab\u00a0Au niveau national, le pr\u00eat-\u00e0-porter est en grande difficult\u00e9 depuis des ann\u00e9es\u00a0\u00bb, rappelle Gildas Sala\u00fcn, adjoint au commerce \u00e0 la Ville de Nantes. En juillet dernier, la direction nationale de C&amp;A avait d\u00e9j\u00e0 annonc\u00e9, \u00e0 l\u2019issue d\u2019un comit\u00e9 social et \u00e9conomique central extraordinaire, <strong>la fermeture de 24 magasins en France d\u2019ici 2026, dont celui de Nantes.<\/strong> La municipalit\u00e9 nantaise a tenu \u00e0 exprimer son soutien aux salari\u00e9s concern\u00e9s par cette fermeture. Derri\u00e8re les vitrines qui s\u2019\u00e9teignent, ce sont avant tout des emplois et des parcours professionnels qui sont impact\u00e9s, un sujet particuli\u00e8rement sensible dans un centre-ville d\u00e9j\u00e0 fragilis\u00e9 par plusieurs d\u00e9parts d\u2019enseignes majeures.<\/p>\n<p><img loading=\"lazy\" decoding=\"async\" src=\"https:\/\/www.europesays.com\/fr\/wp-content\/uploads\/2026\/01\/ca nantes.jpg\" width=\"1000\" height=\"610\" alt=\"\"\/><\/p>\n<p>&#13;<br \/>\nUn b\u00e2timent historique au c\u0153ur d\u2019un nouveau projet&#13;<\/p>\n<p>Cette fermeture ne signe pas pour autant l\u2019abandon du site. Bien au contraire. Les locaux de C&amp;A occupent un emplacement strat\u00e9gique, dans <a href=\"https:\/\/www.lebonbon.fr\/nantes\/actu\/nouveau-marche-comme-a-barcelone-vient-d-ouvrir-a-nantes\/\" target=\"_blank\" rel=\"noopener\">l\u2019ancien march\u00e9 de Feltre,<\/a> un b\u00e2timent charg\u00e9 d\u2019histoire et situ\u00e9 \u00e0 la jonction entre la rue de l\u2019Arche-S\u00e8che et la place Bretagne. Selon Gildas Sala\u00fcn, <strong>un nouveau projet est actuellement en cours de conception<\/strong>. L\u2019objectif\u00a0: <strong>ouvrir davantage le b\u00e2timent sur la ville et redonner \u00e0 cet espace un r\u00f4le central dans la vie nantaise.<\/strong> Plusieurs activit\u00e9s et services pourraient y voir le jour, avec la volont\u00e9 de recr\u00e9er du flux et de renforcer le lien entre la \u00ab\u00a0ville basse\u00a0\u00bb et la \u00ab\u00a0ville haute\u00a0\u00bb.<\/p>\n<p>&#13;<br \/>\nLes commer\u00e7ants associ\u00e9s \u00e0 la r\u00e9flexion&#13;<\/p>\n<p>Les associations de commer\u00e7ants du secteur ne seront pas mises de c\u00f4t\u00e9. Elles doivent \u00eatre re\u00e7ues prochainement par <a href=\"https:\/\/metropole.nantes.fr\/\" rel=\"nofollow noopener noreferrer\" target=\"_blank\">Nantes M\u00e9tropole<\/a> afin de donner leur avis et participer \u00e0 la r\u00e9flexion sur le devenir de ce b\u00e2timent embl\u00e9matique. Une concertation jug\u00e9e essentielle pour r\u00e9pondre aux attentes du tissu commercial local et des habitants.<\/p>\n","protected":false},"excerpt":{"rendered":"Cette annonce s\u2019inscrit dans un contexte plus large de crise du secteur du pr\u00eat-\u00e0-porter, fragilis\u00e9 depuis plusieurs ann\u00e9es&hellip;\n","protected":false},"author":2,"featured_media":665806,"comment_status":"","ping_status":"","sticky":false,"template":"","format":"standard","meta":{"footnotes":""},"categories":[2818],"tags":[1111,11,1777,674,1011,27,766,12,2636,25],"class_list":{"0":"post-665805","1":"post","2":"type-post","3":"status-publish","4":"format-standard","5":"has-post-thumbnail","7":"category-nantes","8":"tag-actu","9":"tag-actualites","10":"tag-eu","11":"tag-europe","12":"tag-fr","13":"tag-france","14":"tag-nantes","15":"tag-news","16":"tag-pays-de-la-loire","17":"tag-republique-francaise"},"share_on_mastodon":{"url":"https:\/\/pubeurope.com\/@fr\/115900259173600906","error":""},"_links":{"self":[{"href":"https:\/\/www.europesays.com\/fr\/wp-json\/wp\/v2\/posts\/665805","targetHints":{"allow":["GET"]}}],"collection":[{"href":"https:\/\/www.europesays.com\/fr\/wp-json\/wp\/v2\/posts"}],"about":[{"href":"https:\/\/www.europesays.com\/fr\/wp-json\/wp\/v2\/types\/post"}],"author":[{"embeddable":true,"href":"https:\/\/www.europesays.com\/fr\/wp-json\/wp\/v2\/users\/2"}],"replies":[{"embeddable":true,"href":"https:\/\/www.europesays.com\/fr\/wp-json\/wp\/v2\/comments?post=665805"}],"version-history":[{"count":0,"href":"https:\/\/www.europesays.com\/fr\/wp-json\/wp\/v2\/posts\/665805\/revisions"}],"wp:featuredmedia":[{"embeddable":true,"href":"https:\/\/www.europesays.com\/fr\/wp-json\/wp\/v2\/media\/665806"}],"wp:attachment":[{"href":"https:\/\/www.europesays.com\/fr\/wp-json\/wp\/v2\/media?parent=665805"}],"wp:term":[{"taxonomy":"category","embeddable":true,"href":"https:\/\/www.europesays.com\/fr\/wp-json\/wp\/v2\/categories?post=665805"},{"taxonomy":"post_tag","embeddable":true,"href":"https:\/\/www.europesays.com\/fr\/wp-json\/wp\/v2\/tags?post=665805"}],"curies":[{"name":"wp","href":"https:\/\/api.w.org\/{rel}","templated":true}]}}