{"id":665807,"date":"2026-01-15T17:19:23","date_gmt":"2026-01-15T17:19:23","guid":{"rendered":"https:\/\/www.europesays.com\/fr\/665807\/"},"modified":"2026-01-15T17:19:23","modified_gmt":"2026-01-15T17:19:23","slug":"une-statue-dart-contemporain-du-voyage-a-nantes-volee-en-plein-centre-ville-par-des-inconnus","status":"publish","type":"post","link":"https:\/\/www.europesays.com\/fr\/665807\/","title":{"rendered":"Une statue d&rsquo;art contemporain du Voyage \u00e0 Nantes vol\u00e9e en plein centre-ville par des inconnus"},"content":{"rendered":"<p class=\"article__intro\">Un des quatorze portraits statufi\u00e9s d&rsquo;habitants de Nantes qui avaient pris temporairement la place des statues originales de la fontaine de la Place Royale a \u00e9t\u00e9 d\u00e9rob\u00e9 dans la nuit du vendredi 9 au samedi 10 janvier 2026. Le Voyage \u00e0 Nantes a port\u00e9 plainte.<\/p>\n<p>\n      L\u2019actu des r\u00e9gions\n    <\/p>\n<p>\n      Chaque jour, un tour d\u2019horizon des principales infos de toutes les r\u00e9gions.\n    <\/p>\n<p>    France T\u00e9l\u00e9visions utilise votre adresse e-mail afin de vous envoyer la newsletter \u00ab\u00a0L\u2019actu des r\u00e9gions\u00a0\u00bb. Vous pouvez vous d\u00e9sinscrire \u00e0 tout moment via le lien en bas de cette newsletter. <a target=\"_blank\" href=\"https:\/\/www.francetelevisions.fr\/groupe\/confidentialite\/politique-de-confidentialite\/politique-de-confidentialite-de-france-televisions-6503\" rel=\"noopener\">Notre politique de confidentialit\u00e9<\/a><\/p>\n<p>Une statue grandeur nature d&rsquo;un homme, d&rsquo;un poids de 50 kg, vol\u00e9e en pleine nuit sur une place centrale de Nantes sans que personne ne s&rsquo;en aper\u00e7oive : l&rsquo;affaire, pourtant s\u00e9rieuse, a d\u00e9clench\u00e9 beaucoup de commentaires ironiques sur les r\u00e9seaux sociaux.<\/p>\n<p>\u00ab\u00a0Pas de cam\u00e9ras de surveillance sur cette Place Royale en plein c\u0153ur de Nantes ?\u00a0\u00bb s&rsquo;interroge cet internaute. Sans compter les comparaisons grin\u00e7antes avec un r\u00e9cent vol rocambolesque au Mus\u00e9e du Louvre&#8230;<\/p>\n<p>La statue qui a \u00e9t\u00e9 vol\u00e9e faisait partie des quatorze portraits hyperr\u00e9alistes de Nantais qui ont remplac\u00e9 les habituelles statues de la Place Royale le temps de leur restauration et du Voyage \u00e0 Nantes 2025.<\/p>\n<p>Il s&rsquo;agit de l&rsquo;\u0153uvre <a href=\"https:\/\/www.levoyageanantes.fr\/oeuvres\/latest-version\/\" target=\"_blank\" rel=\"noopener noreferrer nofollow\" data-tooltip-url=\"https:\/\/www.levoyageanantes.fr\/oeuvres\/latest-version\/\">Latest Version de l&rsquo;artiste n\u00e9erlandais Willem de Haan<\/a>. Selon les organisateurs de l&rsquo;\u00e9v\u00e9nement d&rsquo;art contemporain dans la ville, il s&rsquo;agit d&rsquo;une \u00ab\u00a0mise \u00e0 jour de la fontaine o\u00f9 quatorze\u00a0figures hyperr\u00e9alistes de Nantaises et de Nantais contemporains remplacent les all\u00e9gories du 19e\u00a0si\u00e8cle\u00a0\u00bb.<\/p>\n<p>L&rsquo;intention \u00e9tait de mettre en avant des figures qui \u00ab\u00a0incarnent les dynamiques sociales, \u00e9conomiques et culturelles du 21e si\u00e8cle\u00a0\u00bb. Elles ont \u00e9t\u00e9 choisies \u00ab\u00a0pour leur m\u00e9tier, leur engagement ou leur lien aux mutations de la ville\u00a0\u00bb.<\/p>\n<p>Parmi les repr\u00e9sentations scann\u00e9es en 3D d&rsquo;apr\u00e8s des habitants r\u00e9els de la ville : un p\u00e9cheur, une soudeuse, un ing\u00e9nieur de chez Airbus&#8230; et un \u00ab\u00a0G\u00e9nie de la Manifestation\u00a0\u00bb pour symboliser l&rsquo;esprit protestataire de la Ville de Nantes de Nantes. C&rsquo;est ce portrait d&rsquo;un militant avec pancarte de revendication et porte-voix qui a \u00e9t\u00e9 vol\u00e9e dans la nuit du vendredi 9 au samedi 10 janvier, quelques jours avant que l&rsquo;installation ne soit d\u00e9mont\u00e9e, <a href=\"https:\/\/www.ouest-france.fr\/pays-de-la-loire\/nantes-44000\/une-statue-volee-sur-la-fontaine-de-la-place-royale-a-nantes-217a6a5a-f0a8-11f0-977d-9ddad21d78c7\" target=\"_blank\" rel=\"noopener noreferrer nofollow\" data-tooltip-url=\"https:\/\/www.ouest-france.fr\/pays-de-la-loire\/nantes-44000\/une-statue-volee-sur-la-fontaine-de-la-place-royale-a-nantes-217a6a5a-f0a8-11f0-977d-9ddad21d78c7\">a r\u00e9v\u00e9l\u00e9 Presse Oc\u00e9an<\/a>.<\/p>\n<p>\u00ab\u00a0Il y a eu une premi\u00e8re \u0153uvre qui a \u00e9t\u00e9 endommag\u00e9e d\u00e9lib\u00e9r\u00e9ment \u00e0 la fin du mois de novembre 2025, qui \u00e9tait le g\u00e9nie de la Sant\u00e9 incarn\u00e9 par la repr\u00e9sentation d&rsquo;une infirmi\u00e8re du CHU\u00a0\u00bb, nous pr\u00e9cise Sophie L\u00e9vy la nouvelle directrice du Voyage \u00e0 Nantes et ancienne directrice du Mus\u00e9e d&rsquo;Arts de Nantes.<\/p>\n<p>\u00ab\u00a0Elle a \u00e9t\u00e9 tellement endommag\u00e9e que nous avons fait le choix de l&rsquo;enlever, mais elle n&rsquo;a pas \u00e9t\u00e9 vol\u00e9e\u00a0\u00bb, continue Sophie L\u00e9vy.<\/p>\n<p>\u00ab\u00a0On l&rsquo;a d\u00e9pos\u00e9e pour veiller \u00e0 ce qu&rsquo;elle ne tombe pas, et puis, en accord avec l&rsquo;artiste, pour qu&rsquo;elle ne d\u00e9nature pas l&rsquo;ensemble\u00a0\u00bb rajoute-t-elle.<\/p>\n<p>\u00ab\u00a0Et en effet, dans la nuit de vendredi \u00e0 samedi dernier, le g\u00e9nie de la Contestation a \u00e9t\u00e9, lui, arrach\u00e9 et vol\u00e9, emport\u00e9. Nous avons port\u00e9 plainte pour ces deux \u00e9v\u00e9nements. L&rsquo;enqu\u00eate est toujours en cours\u00a0\u00bb, explique la directrice du Voyage \u00e0 Nantes.<\/p>\n<blockquote class=\"ftvi_content_quote\">\n<p class=\"ftvi_citation_quote\">C&rsquo;est toujours un acte de violence contre le travail d&rsquo;un artiste et contre un travail collectif qui veut s&rsquo;offrir au plus grand nombre. C&rsquo;est ce qu&rsquo;on appelle tr\u00e8s exactement du vandalisme.<\/p>\n<p>Sophie Levy<\/p>\n<p class=\"ftvi_citation_source\">Directrice du Voyage \u00e0 Nantes<\/p>\n<\/blockquote>\n<p>Le mod\u00e8le original et bien vivant de ce G\u00e9nie de la Protestation est un com\u00e9dien nantais qui s&rsquo;appelle Armel Fa\u00e7on. Il a notamment travaill\u00e9 pour plusieurs compagnies de th\u00e9\u00e2tre de rue dont Royal de Luxe et a particip\u00e9 r\u00e9cemment aux manifestations contre les baisses de subvention dans le domaine de la culture d\u00e9cid\u00e9es par le Conseil R\u00e9gional des Pays de la Loire.<\/p>\n<p>Sur sa page Facebook le com\u00e9dien a pos\u00e9 un long message grin\u00e7ant dans lequel il d\u00e9nonce \u00ab\u00a0une bande de cr\u00e9tins illettr\u00e9s\u00a0\u00bb qui ont agi \u00ab\u00a0deux ou trois jours avant le d\u00e9but du d\u00e9montage int\u00e9gral de l&rsquo;\u0153uvre\u00a0\u00bb.<\/p>\n<p>Soulignant au passage \u00ab\u00a0que la seconde statue d\u00e9rob\u00e9e \u00e9tait celle du g\u00e9nie de la sant\u00e9, incarn\u00e9e par une femme de couleur\u00a0\u00bb, il traite les auteurs du vol de \u00ab\u00a0fachos\u00a0\u00bb en notant que \u00ab\u00a0les deux seules personnes racis\u00e9es repr\u00e9sent\u00e9es dans cette composition avaient \u00e9t\u00e9 kidnapp\u00e9es\u00a0\u00bb.<\/p>\n<\/p>\n<p>Sans se prononcer sur cette interpr\u00e9tation du vol toute personnelle, la directrice du Voyage \u00e0 Nantes apporte un \u00e9clairage utile \u00e0 ceux qui s&rsquo;\u00e9tonnaient que les voleurs aient pu voler une statue de 50 kg et de taille humaine en plein c\u0153ur de Nantes sans \u00eatre remarqu\u00e9s.<\/p>\n<p>\u00ab\u00a0Jusqu&rsquo;\u00e0 la fin du parcours, les \u0153uvres du Voyage \u00e0 Nantes sur les places publiques sont prot\u00e9g\u00e9es et surveill\u00e9es\u00a0\u00bb, indique Sophie L\u00e9vy.<\/p>\n<p>\u00ab\u00a0On avait fait le choix, \u00e0 partir de la fin du parcours estival, de ne plus surveiller les \u0153uvres\u00a0\u00bb, ajoute-t-elle.<\/p>\n<p>\u00ab\u00a0L&rsquo;\u0153uvre install\u00e9e sur la Fontaine de la Place Royale a \u00e9t\u00e9 aussi prot\u00e9g\u00e9e par le village de No\u00ebl, puisque ce village de No\u00ebl entourait la Fontaine. C&rsquo;est aussi une des raisons pour lesquelles cette d\u00e9gradation est arriv\u00e9e apr\u00e8s les F\u00eates de No\u00ebl, et avant leur d\u00e9montage pour lesquelles on n&rsquo;avait pas la possibilit\u00e9 de continuer \u00e0 offrir une surveillance humaine \u00e0 ces \u0153uvres\u00a0\u00bb, conclut Sophie L\u00e9vy.<\/p>\n<p>Les statues originelles de la Fontaine de la Place Royale, elles, vont retrouver leur \u00e9crin naturel \u00e0 partir du 19 janvier 2026.<\/p>\n<p>Avis aux voleurs \u00e9ventuels qui seraient tent\u00e9s : elles sont en marbre et en bronze et donc bien plus lourdes et imposantes.<\/p>\n<p><strong>Retrouvez-nous sur nos R\u00e9seaux Sociaux et sur <\/strong><a href=\"https:\/\/www.france.tv\/france-3\/pays-de-la-loire\/\" target=\"_blank\" rel=\"noopener noreferrer nofollow\" data-tooltip-url=\"https:\/\/www.france.tv\/france-3\/pays-de-la-loire\/\"><strong>france.tv<\/strong><\/a><\/p>\n","protected":false},"excerpt":{"rendered":"Un des quatorze portraits statufi\u00e9s d&rsquo;habitants de Nantes qui avaient pris temporairement la place des statues originales de&hellip;\n","protected":false},"author":2,"featured_media":665808,"comment_status":"","ping_status":"","sticky":false,"template":"","format":"standard","meta":{"footnotes":""},"categories":[2818],"tags":[1111,11,1777,674,1011,27,766,12,2636,25],"class_list":{"0":"post-665807","1":"post","2":"type-post","3":"status-publish","4":"format-standard","5":"has-post-thumbnail","7":"category-nantes","8":"tag-actu","9":"tag-actualites","10":"tag-eu","11":"tag-europe","12":"tag-fr","13":"tag-france","14":"tag-nantes","15":"tag-news","16":"tag-pays-de-la-loire","17":"tag-republique-francaise"},"share_on_mastodon":{"url":"https:\/\/pubeurope.com\/@fr\/115900262918428571","error":""},"_links":{"self":[{"href":"https:\/\/www.europesays.com\/fr\/wp-json\/wp\/v2\/posts\/665807","targetHints":{"allow":["GET"]}}],"collection":[{"href":"https:\/\/www.europesays.com\/fr\/wp-json\/wp\/v2\/posts"}],"about":[{"href":"https:\/\/www.europesays.com\/fr\/wp-json\/wp\/v2\/types\/post"}],"author":[{"embeddable":true,"href":"https:\/\/www.europesays.com\/fr\/wp-json\/wp\/v2\/users\/2"}],"replies":[{"embeddable":true,"href":"https:\/\/www.europesays.com\/fr\/wp-json\/wp\/v2\/comments?post=665807"}],"version-history":[{"count":0,"href":"https:\/\/www.europesays.com\/fr\/wp-json\/wp\/v2\/posts\/665807\/revisions"}],"wp:featuredmedia":[{"embeddable":true,"href":"https:\/\/www.europesays.com\/fr\/wp-json\/wp\/v2\/media\/665808"}],"wp:attachment":[{"href":"https:\/\/www.europesays.com\/fr\/wp-json\/wp\/v2\/media?parent=665807"}],"wp:term":[{"taxonomy":"category","embeddable":true,"href":"https:\/\/www.europesays.com\/fr\/wp-json\/wp\/v2\/categories?post=665807"},{"taxonomy":"post_tag","embeddable":true,"href":"https:\/\/www.europesays.com\/fr\/wp-json\/wp\/v2\/tags?post=665807"}],"curies":[{"name":"wp","href":"https:\/\/api.w.org\/{rel}","templated":true}]}}