{"id":665813,"date":"2026-01-15T17:22:10","date_gmt":"2026-01-15T17:22:10","guid":{"rendered":"https:\/\/www.europesays.com\/fr\/665813\/"},"modified":"2026-01-15T17:22:10","modified_gmt":"2026-01-15T17:22:10","slug":"ou-deposer-son-sapin-de-noel-apres-les-fetes-de-fin-dannee","status":"publish","type":"post","link":"https:\/\/www.europesays.com\/fr\/665813\/","title":{"rendered":"O\u00f9 d\u00e9poser son sapin de No\u00ebl apr\u00e8s les f\u00eates de fin d&rsquo;ann\u00e9e ?"},"content":{"rendered":"<p>&#8230; Un indice : <strong>pas n&rsquo;importe o\u00f9 !<\/strong> Nombreux.ses sont les Toulousain.e.s \u00e0 se poser cette \u00e9pineuse question alors que <strong>la magie des f\u00eates s&rsquo;est estomp\u00e9e<\/strong>. Si la tentation peut \u00eatre grande d&rsquo;<strong>abandonner son sapin de No\u00ebl au coin de la rue<\/strong>, cet acte est\u00a0consid\u00e9r\u00e9 comme un <strong>d\u00e9p\u00f4t sauvage d&rsquo;encombrants<\/strong>, pouvant \u00eatre puni d&rsquo;une<strong> amende de 135 euros <\/strong>\u00e0 Toulouse.<\/p>\n<p>\u00a0<\/p>\n<p>Pas de sapin dans la for\u00eat de Bouconne\u00a0<\/p>\n<p>De m\u00eame, <strong>pas question de rendre son arbre \u00e0 la nature<\/strong> en le d\u00e9posant dans une for\u00eat. D&rsquo;une part, des racines ne lui repousseront pas, de l&rsquo;autre, <strong>les aiguilles de sapin\u00a0se d\u00e9composent tr\u00e8s lentement <\/strong>dans une for\u00eat de feuillus\u00a0et <strong>perturbent tout l&rsquo;\u00e9cosyst\u00e8me<\/strong>. Ce d\u00e9lit est passible d&rsquo;une<strong> amende de l&rsquo;Office national des for\u00eats pouvant aller jusqu&rsquo;\u00e0 1500 euros<\/strong>.\u00a0<\/p>\n<p>\u00a0<\/p>\n<p>Une carte interactive des points de collecte<\/p>\n<p>Heureusement, la m\u00e9tropole met \u00e0 disposition <strong>des points de collecte de sapins jusqu&rsquo;au 2 f\u00e9vrier 2026<\/strong> (parfait pour les retardataires qui rechignent \u00e0 enlever la derni\u00e8re boule !). <strong><a href=\"https:\/\/metropole.toulouse.fr\/actualites\/que-faire-de-son-sapin-de-noel?fbclid=IwY2xjawPS62NleHRuA2FlbQIxMABicmlkETFWSmNxdWFzc0RycnFzeVJxc3J0YwZhcHBfaWQQMjIyMDM5MTc4ODIwMDg5MgABHqjXN5czzSl4Exuebxfj8n5sa2tt1N3m97vfQuIlPYM2OQl-OnmJhSvZK5YX_aem_ldk2qNEkuvH-sRo8daXpzw\" target=\"_self\" rel=\"noopener\">Une carte interactive<\/a> a \u00e9t\u00e9 publi\u00e9e<\/strong> sur le site web de Toulouse M\u00e9tropole, indiquant <strong>quartier par quartier<\/strong> les lieux o\u00f9 l&rsquo;on peut d\u00e9poser son arbre. M\u00eame chose pour <strong>les villes limitrophes, de Balma \u00e0 Saint-Orens en passant par Tournefeuille<\/strong>.<\/p>\n<p>\u00a0<\/p>\n<\/p>\n<p>\u00a0<\/p>\n<p>Autre possibilit\u00e9 : <strong>amener son sapin de No\u00ebl \u00e0 <a href=\"https:\/\/metropole.toulouse.fr\/mon-environnement\/dechets-et-proprete\/les-decheteries\" target=\"_self\" rel=\"noopener\">la d\u00e9ch\u00e8terie<\/a><\/strong>. Il y en a<strong> douze \u00e0 Toulouse et dans les environs<\/strong>, mais, attention, il faut demander <strong>un pass (gratuit)<\/strong> pour pouvoir y acc\u00e9der. Si vous avez mis de la<strong> neige artificielle<\/strong> sur votre arbre, c&rsquo;est l\u00e0 qu&rsquo;il faudra l&rsquo;apporter, car il s&rsquo;agit d&rsquo;un <strong>produit toxique.<\/strong><\/p>\n<p>\u00a0<\/p>\n<p><strong>Bon d\u00e9but d&rsquo;ann\u00e9e et bonne consolation avec une part de galette des rois !<\/strong><\/p>\n<p class=\"std-elt__inline\">\n        <strong>\u00c0 lire aussi :<\/strong><br \/>\n        <a href=\"https:\/\/www.toulouscope.fr\/2025\/01\/03\/les-meilleures-galettes-des-rois-a-deguster-a-toulouse-et-sa-region-12420900.php\" target=\"_blank\" rel=\"noopener\">Galettes des rois \u00e0 Toulouse et dans la r\u00e9gion : les meilleures adresses !<\/a>\n    <\/p>\n","protected":false},"excerpt":{"rendered":"&#8230; Un indice : pas n&rsquo;importe o\u00f9 ! Nombreux.ses sont les Toulousain.e.s \u00e0 se poser cette \u00e9pineuse question&hellip;\n","protected":false},"author":2,"featured_media":665814,"comment_status":"","ping_status":"","sticky":false,"template":"","format":"standard","meta":{"footnotes":""},"categories":[2816],"tags":[1111,11,1777,674,1011,27,12,39117,2680,25,4251,2312],"class_list":{"0":"post-665813","1":"post","2":"type-post","3":"status-publish","4":"format-standard","5":"has-post-thumbnail","7":"category-toulouse","8":"tag-actu","9":"tag-actualites","10":"tag-eu","11":"tag-europe","12":"tag-fr","13":"tag-france","14":"tag-news","15":"tag-nouvel-an","16":"tag-occitanie","17":"tag-republique-francaise","18":"tag-sortir","19":"tag-toulouse"},"share_on_mastodon":{"url":"https:\/\/pubeurope.com\/@fr\/115900274768475540","error":""},"_links":{"self":[{"href":"https:\/\/www.europesays.com\/fr\/wp-json\/wp\/v2\/posts\/665813","targetHints":{"allow":["GET"]}}],"collection":[{"href":"https:\/\/www.europesays.com\/fr\/wp-json\/wp\/v2\/posts"}],"about":[{"href":"https:\/\/www.europesays.com\/fr\/wp-json\/wp\/v2\/types\/post"}],"author":[{"embeddable":true,"href":"https:\/\/www.europesays.com\/fr\/wp-json\/wp\/v2\/users\/2"}],"replies":[{"embeddable":true,"href":"https:\/\/www.europesays.com\/fr\/wp-json\/wp\/v2\/comments?post=665813"}],"version-history":[{"count":0,"href":"https:\/\/www.europesays.com\/fr\/wp-json\/wp\/v2\/posts\/665813\/revisions"}],"wp:featuredmedia":[{"embeddable":true,"href":"https:\/\/www.europesays.com\/fr\/wp-json\/wp\/v2\/media\/665814"}],"wp:attachment":[{"href":"https:\/\/www.europesays.com\/fr\/wp-json\/wp\/v2\/media?parent=665813"}],"wp:term":[{"taxonomy":"category","embeddable":true,"href":"https:\/\/www.europesays.com\/fr\/wp-json\/wp\/v2\/categories?post=665813"},{"taxonomy":"post_tag","embeddable":true,"href":"https:\/\/www.europesays.com\/fr\/wp-json\/wp\/v2\/tags?post=665813"}],"curies":[{"name":"wp","href":"https:\/\/api.w.org\/{rel}","templated":true}]}}