{"id":665815,"date":"2026-01-15T17:23:15","date_gmt":"2026-01-15T17:23:15","guid":{"rendered":"https:\/\/www.europesays.com\/fr\/665815\/"},"modified":"2026-01-15T17:23:15","modified_gmt":"2026-01-15T17:23:15","slug":"municipales-2026-dun-monde-en-transition-toulouse-1-4","status":"publish","type":"post","link":"https:\/\/www.europesays.com\/fr\/665815\/","title":{"rendered":"Municipales 2026 \u2013 D&rsquo;un monde en transition : Toulouse (1\/4)"},"content":{"rendered":"<p>                        Municipales 2026 \u2013 D\u2019un monde en transition : Toulouse (1\/4)<\/p>\n<p class=\"byline author vcard\">Par    <a href=\"https:\/\/aoc.media\/auteur\/brugere-fabienne\/\" title=\"Articles par Fabienne Brug\u00e8re\" class=\"author url fn\" rel=\"author noopener\" target=\"_blank\">Fabienne Brug\u00e8re<\/a><\/p>\n<p>Voyage en France, \u00e0 commencer par Toulouse, pour imaginer une transition socio-\u00e9conomique et \u00e9cologique \u00e0 travers des dispositifs locaux de r\u00e9flexion et de participation. \u00c0 l\u2019approche des municipales, insistons sur la formation des agents territoriaux et des habitants. Dans un monde de post-v\u00e9rit\u00e9s, les discussions inform\u00e9es avec des scientifiques et des artistes jouent un r\u00f4le majeur pour la d\u00e9mocratie et contre une logique descendante.<\/p>\n<p class=\"first-paragraph\">La politique nationale est en panne\u00a0; les Fran\u00e7ais ne font plus confiance \u00e0 des gouvernants qui mentent de plus en plus. Ainsi, Cl\u00e9ment Viktorovitch fait un bilan s\u00e9v\u00e8re des ann\u00e9es de pr\u00e9sidence Macron dans son ouvrage Logocratie (Seuil, 2025) : alors qu\u2019Emmanuel Macron pr\u00e9sente un visage raisonnable par rapport \u00e0 un Donald Trump, un Javier Milei ou un Viktor Orban, il n\u2019en incarne pas moins \u00ab\u00a0une incontestable banalisation du mensonge au sein de la parole gouvernementale\u00a0\u00bb (p. 251).<\/p>\n<p><a href=\"https:\/\/www.albin-michel.fr\/une-foret-9782226499523\" target=\"_blank\" rel=\"noopener\"><img fetchpriority=\"high\" decoding=\"async\" class=\"size-full wp-image-289376\" src=\"https:\/\/www.europesays.com\/fr\/wp-content\/uploads\/2026\/01\/UneForet_300x250_v3.jpg\" alt=\"\" width=\"300\" height=\"250\"\/><\/a>publicit\u00e9<\/p>\n<p>Le livre est inform\u00e9. Il recense bon nombre de promesses volatilis\u00e9es et un floril\u00e8ge de mensonges\u00a0: celui qui porte sur les masques en pleine pand\u00e9mie de Covid \u2013 il n\u2019y a pas de risque de p\u00e9nurie \u2013 ou encore concernant la r\u00e9forme des retraites et la promesse \u00ab nous mettrons un plancher \u00e0 1 200 euros\u00a0\u00bb \u2013\u00a0ce qui n\u2019a jamais fait partie du projet de loi. Encore tr\u00e8s r\u00e9cemment, la non-condamnation de l\u2019exfiltration de Maduro du Venezuela vers les \u00c9tats-Unis a donn\u00e9 lieu juste apr\u00e8s de la part du pr\u00e9sident fran\u00e7ais \u00e0 une correction qui laisse croire que le premier message n\u2019a jamais \u00e9t\u00e9 post\u00e9.<\/p>\n<p>Comment retrouver la v\u00e9rit\u00e9 en politique\u00a0?<\/p>\n<p>Comment retrouver quelques chemins de v\u00e9rit\u00e9 en politique aujourd\u2019hui dans un contexte mondial particuli\u00e8rement prompt \u00e0 la post-v\u00e9rit\u00e9 et \u00e0 un exercice compl\u00e8tement d\u00e9voy\u00e9 de l\u2019autorit\u00e9\u00a0? Les \u00e9lections municipales \u00e0 venir en France peuvent constituer un tel terrain, celui d\u2019une parole politique qui ne peut pas s\u2019affranchir du r\u00e9el, des vies humaines de telle sorte que l\u2019on puisse \u00e0 nouveau se sentir en d\u00e9mocratie. La politique locale ne vaudrait pas alors comme un repli sur un territoire mais comme un laboratoire du futur politique.<\/p>\n<p>Dans Politiques du faire-monde, Philippe Descola d\u00e9crit l\u2019attachement des peuples amazoniens \u00e0 leur milieu de vie (animaux, fleuves, arbres, etc.) et les relations singuli\u00e8res qui en d\u00e9coulent. Il ajoute que de telles relations existent en Europe quand les populations luttent contre des projets d\u2019am\u00e9nagement pharaoniques<\/p>\n<p class=\"author_name\">\n                <a href=\"https:\/\/aoc.media\/auteur\/brugere-fabienne\/\" target=\"_blank\" rel=\"noopener\">Fabienne Brug\u00e8re<\/a>\n            <\/p>\n<p class=\"author_func\">\n                Philosophe, Professeure \u00e0 l&rsquo;universit\u00e9 Paris 8            <\/p>\n","protected":false},"excerpt":{"rendered":"Municipales 2026 \u2013 D\u2019un monde en transition : Toulouse (1\/4) Par Fabienne Brug\u00e8re Voyage en France, \u00e0 commencer&hellip;\n","protected":false},"author":2,"featured_media":665816,"comment_status":"","ping_status":"","sticky":false,"template":"","format":"standard","meta":{"footnotes":""},"categories":[2816],"tags":[1111,11,76635,7756,4956,1777,674,1011,27,12,2680,316,25,104,2312,64753],"class_list":{"0":"post-665815","1":"post","2":"type-post","3":"status-publish","4":"format-standard","5":"has-post-thumbnail","7":"category-toulouse","8":"tag-actu","9":"tag-actualites","10":"tag-campagne-et-territoires","11":"tag-democratie","12":"tag-espace-public","13":"tag-eu","14":"tag-europe","15":"tag-fr","16":"tag-france","17":"tag-news","18":"tag-occitanie","19":"tag-politique","20":"tag-republique-francaise","21":"tag-societe","22":"tag-toulouse","23":"tag-villes-et-urbanisme"},"share_on_mastodon":{"url":"https:\/\/pubeurope.com\/@fr\/115900278690006913","error":""},"_links":{"self":[{"href":"https:\/\/www.europesays.com\/fr\/wp-json\/wp\/v2\/posts\/665815","targetHints":{"allow":["GET"]}}],"collection":[{"href":"https:\/\/www.europesays.com\/fr\/wp-json\/wp\/v2\/posts"}],"about":[{"href":"https:\/\/www.europesays.com\/fr\/wp-json\/wp\/v2\/types\/post"}],"author":[{"embeddable":true,"href":"https:\/\/www.europesays.com\/fr\/wp-json\/wp\/v2\/users\/2"}],"replies":[{"embeddable":true,"href":"https:\/\/www.europesays.com\/fr\/wp-json\/wp\/v2\/comments?post=665815"}],"version-history":[{"count":0,"href":"https:\/\/www.europesays.com\/fr\/wp-json\/wp\/v2\/posts\/665815\/revisions"}],"wp:featuredmedia":[{"embeddable":true,"href":"https:\/\/www.europesays.com\/fr\/wp-json\/wp\/v2\/media\/665816"}],"wp:attachment":[{"href":"https:\/\/www.europesays.com\/fr\/wp-json\/wp\/v2\/media?parent=665815"}],"wp:term":[{"taxonomy":"category","embeddable":true,"href":"https:\/\/www.europesays.com\/fr\/wp-json\/wp\/v2\/categories?post=665815"},{"taxonomy":"post_tag","embeddable":true,"href":"https:\/\/www.europesays.com\/fr\/wp-json\/wp\/v2\/tags?post=665815"}],"curies":[{"name":"wp","href":"https:\/\/api.w.org\/{rel}","templated":true}]}}