{"id":665819,"date":"2026-01-15T17:25:11","date_gmt":"2026-01-15T17:25:11","guid":{"rendered":"https:\/\/www.europesays.com\/fr\/665819\/"},"modified":"2026-01-15T17:25:11","modified_gmt":"2026-01-15T17:25:11","slug":"paris-saint-germain-lille-les-compositions-probables-chaine-tv-et-heure","status":"publish","type":"post","link":"https:\/\/www.europesays.com\/fr\/665819\/","title":{"rendered":"Paris Saint-Germain &#8211; Lille : les compositions probables, cha\u00eene TV et heure"},"content":{"rendered":"<p>\t\tPour le compte de la 18\u00e8me journ\u00e9e de Ligue 1, le Paris Saint-Germain re\u00e7oit Lille ce vendredi \u00e0 21h. Retrouvez ici un tour d\u2019horizon sur les formes des \u00e9quipes et sur les infos pratiques.<\/p>\n<p style=\"text-align: justify\">Le PSG doit remettre les pendules \u00e0 l\u2019heure. L\u2019entr\u00e9e du club parisien dans l\u2019ann\u00e9e 2026 n\u2019est pour l\u2019instant pas \u00e0 la hauteur de son exercice 2025. Face \u00e0 Lille, vendredi, il faudra envoyer un message.<\/p>\n<p>Le PSG chahut\u00e9, doit r\u00e9affirmer son statut en\u00a0 Ligue 1<\/p>\n<p style=\"text-align: justify\">Depuis quelques semaines, le PSG donne des signes n\u00e9gatifs. Blessures de ses gardiens, de ses joueurs stars et \u00e9limination de la Coupe de France, les choses ne sont pas tranquilles. Si le PSG a remport\u00e9 deux coupes en moins d\u2019un mois (coupe intercontinentale, Troph\u00e9e des Champions), il a aussi perdu en Coupe de France face au Paris FC (0-1) il y a quelques jours. Si la logique des choses voudrait que le PSG d\u00e9passe bient\u00f4t Lens, il faut quand m\u00eame rappeler que le PSG n\u2019a pas glan\u00e9 le titre honorifique de champion d\u2019automne.<\/p>\n<p style=\"text-align: justify\">Face \u00e0 Lille et avec ses meilleurs joueurs (sauf Hakimi, finaliste de la CAN), le PSG aura des ambitions.<\/p>\n<p>Pour Lille aussi, 2026 commence mal<\/p>\n<p style=\"text-align: justify\">Face aux Parisiens, il y aura un club qui partage ces difficult\u00e9s du d\u00e9but d\u2019ann\u00e9e. Les Lillois ont, apr\u00e8s avoir bien fini l\u2019ann\u00e9e par 4 victoires cons\u00e9cutives en championnat, perdu successivement contre Rennes (0-2) puis contre Lyon (1-2), les deux fois chez eux. Toujours en difficult\u00e9 contre les gros du top 7, avec une victoire contre l\u2019OM, un nul contre le PSG et des d\u00e9faites contre Lyon, Rennes, Lens et Strasbourg, les hommes de Genesio ont l\u00e0 une montagne \u00e0 gravir.<\/p>\n<p style=\"text-align: justify\">Il faut noter que dimanche dernier, en plus de son \u00e9limination face \u00e0 l\u2019OL, les Lillois ont aussi perdu Benjamin Andr\u00e9 sur blessure. Igamane est toujours avec le Maroc.<\/p>\n<p>Les compositions probables<\/p>\n<ul style=\"text-align: justify\">\n<li><strong>La composition probable de Paris : <\/strong>Chevalier \u2013 Mendes, acho, Marquinhos, Za\u00efre-Emery \u2013 Neves (ou Mayulu), Vitinha, Ruiz \u2013 Kvaratskhelia, Demb\u00e9l\u00e9, Dou\u00e9<\/li>\n<li><strong>La composition probable du LOSC :\u00a0<\/strong>Ozer \u2013 Perraud, Mbemba, Ngoy, Meunier \u2013 Bentaleb, Bouaddi \u2013 Fernandez, Haraldsson, Correia (ou Mbapp\u00e9) \u2013 Giroud<\/li>\n<\/ul>\n<p>Sur quelle cha\u00eene ?<\/p>\n<p style=\"text-align: justify\">Le match sera diffus\u00e9 \u00e0 21h sur BeIN Sports 1. Retrouvez le\u00a0<a href=\"https:\/\/www.befoot.net\/programme-tv-foot\/\" target=\"_blank\" rel=\"noopener\">programme TV complet du jour ici<\/a>.<\/p>\n<p>Retrouvez toute l\u2019actualit\u00e9 de la Ligue 1 sur\u00a0<strong><a href=\"https:\/\/www.befoot.net\/\" target=\"_blank\" rel=\"noopener\">notre site internet<\/a><\/strong>\u00a0et sur\u00a0<strong><a href=\"https:\/\/www.x.com\/_befootball\" target=\"_blank\" rel=\"noopener\">notre compte X<\/a><\/strong>.<\/p>\n","protected":false},"excerpt":{"rendered":"Pour le compte de la 18\u00e8me journ\u00e9e de Ligue 1, le Paris Saint-Germain re\u00e7oit Lille ce vendredi \u00e0&hellip;\n","protected":false},"author":2,"featured_media":665820,"comment_status":"","ping_status":"","sticky":false,"template":"","format":"standard","meta":{"footnotes":""},"categories":[2815],"tags":[1111,11,1777,674,1011,27,811,1307,12,25],"class_list":{"0":"post-665819","1":"post","2":"type-post","3":"status-publish","4":"format-standard","5":"has-post-thumbnail","7":"category-lille","8":"tag-actu","9":"tag-actualites","10":"tag-eu","11":"tag-europe","12":"tag-fr","13":"tag-france","14":"tag-hauts-de-france","15":"tag-lille","16":"tag-news","17":"tag-republique-francaise"},"share_on_mastodon":{"url":"https:\/\/pubeurope.com\/@fr\/115900286518396196","error":""},"_links":{"self":[{"href":"https:\/\/www.europesays.com\/fr\/wp-json\/wp\/v2\/posts\/665819","targetHints":{"allow":["GET"]}}],"collection":[{"href":"https:\/\/www.europesays.com\/fr\/wp-json\/wp\/v2\/posts"}],"about":[{"href":"https:\/\/www.europesays.com\/fr\/wp-json\/wp\/v2\/types\/post"}],"author":[{"embeddable":true,"href":"https:\/\/www.europesays.com\/fr\/wp-json\/wp\/v2\/users\/2"}],"replies":[{"embeddable":true,"href":"https:\/\/www.europesays.com\/fr\/wp-json\/wp\/v2\/comments?post=665819"}],"version-history":[{"count":0,"href":"https:\/\/www.europesays.com\/fr\/wp-json\/wp\/v2\/posts\/665819\/revisions"}],"wp:featuredmedia":[{"embeddable":true,"href":"https:\/\/www.europesays.com\/fr\/wp-json\/wp\/v2\/media\/665820"}],"wp:attachment":[{"href":"https:\/\/www.europesays.com\/fr\/wp-json\/wp\/v2\/media?parent=665819"}],"wp:term":[{"taxonomy":"category","embeddable":true,"href":"https:\/\/www.europesays.com\/fr\/wp-json\/wp\/v2\/categories?post=665819"},{"taxonomy":"post_tag","embeddable":true,"href":"https:\/\/www.europesays.com\/fr\/wp-json\/wp\/v2\/tags?post=665819"}],"curies":[{"name":"wp","href":"https:\/\/api.w.org\/{rel}","templated":true}]}}