{"id":66582,"date":"2025-05-01T09:39:10","date_gmt":"2025-05-01T09:39:10","guid":{"rendered":"https:\/\/www.europesays.com\/fr\/66582\/"},"modified":"2025-05-01T09:39:10","modified_gmt":"2025-05-01T09:39:10","slug":"horaires-parcours-a-rennes-ce-quil-faut-savoir-du-defile-du-1er-mai-des-syndicats","status":"publish","type":"post","link":"https:\/\/www.europesays.com\/fr\/66582\/","title":{"rendered":"Horaires, parcours : \u00e0 Rennes, ce qu\u2019il faut savoir du d\u00e9fil\u00e9 du 1er\u00a0Mai des syndicats"},"content":{"rendered":"<p>\u00c0 Rennes, le traditionnel d\u00e9fil\u00e9 de la f\u00eate du Travail aura lieu jeudi 1er\u00a0mai 2025. Cette ann\u00e9e, le cort\u00e8ge affiche l\u2019unit\u00e9 avec plusieurs syndicats rassembl\u00e9s sous une m\u00eame banderole\u00a0: FO, CGT, FSU, Solidaires, sans oublier la Conf\u00e9d\u00e9ration paysanne et les syndicats \u00e9tudiants. Le cort\u00e8ge quittera la place de Bretagne, \u00e0 10\u00a0h\u00a030, en direction du quartier de Villejean.<\/p>\n<p>\u00ab\u00a0Rester debout, lucides et soud\u00e9s\u00a0\u00bb<\/p>\n<p>Il fera une halte sur la dalle Kennedy, marqu\u00e9e r\u00e9cemment par <a href=\"https:\/\/rennes.maville.com\/actu\/actudet_-fusillade-a-rennes-les-dessous-d-une-vengeance-sanglante-sur-fond-de-guerre-du-deal-_7-6774220_actu.Htm\" target=\"_blank\" rel=\"noopener\">des \u00e9v\u00e8nements tr\u00e8s violents li\u00e9s au narcotrafic.<\/a> Des tirs ont eu lieu \u00e0 l\u2019int\u00e9rieur d\u2019une sandwicherie ainsi que sur la dalle. Plusieurs personnes ont \u00e9t\u00e9 bless\u00e9es.<\/p>\n<p>Le d\u00e9fil\u00e9 intersyndical s\u2019ach\u00e8vera \u00e0 la ferme de la Harpe, dans une ambiance plus conviviale. Un moment de partage avec les agriculteurs de la Conf\u00e9d\u00e9ration paysanne <strong>\u00ab\u00a0pour rassembler travailleurs des villes et travailleurs des champs\u00a0\u00bb.<\/strong><\/p>\n<p>Fabrice Lerestif, secr\u00e9taire\u00a0Force ouvri\u00e8re en Ille-et-Vilaine, appelle le public \u00e0 participer \u00e0 cette marche. <strong>\u00ab\u00a0Dans ce monde qui vacille, il nous appartient de rester debout, lucides et soud\u00e9s pour exiger le pain, la paix et la libert\u00e9.\u00a0\u00bb<\/strong><\/p>\n<p>\u00a0<\/p>\n","protected":false},"excerpt":{"rendered":"\u00c0 Rennes, le traditionnel d\u00e9fil\u00e9 de la f\u00eate du Travail aura lieu jeudi 1er\u00a0mai 2025. Cette ann\u00e9e, le&hellip;\n","protected":false},"author":2,"featured_media":66583,"comment_status":"","ping_status":"","sticky":false,"template":"","format":"standard","meta":{"footnotes":""},"categories":[2821],"tags":[1111,11,829,16694,1777,674,8290,1011,27,10093,2565,12,12618,9576,3086,584,25,3427],"class_list":{"0":"post-66582","1":"post","2":"type-post","3":"status-publish","4":"format-standard","5":"has-post-thumbnail","7":"category-rennes","8":"tag-actu","9":"tag-actualites","10":"tag-bretagne","11":"tag-defile","12":"tag-eu","13":"tag-europe","14":"tag-faut","15":"tag-fr","16":"tag-france","17":"tag-horaires","18":"tag-mai","19":"tag-news","20":"tag-parcours","21":"tag-qu","22":"tag-redon","23":"tag-rennes","24":"tag-republique-francaise","25":"tag-syndicats"},"share_on_mastodon":{"url":"https:\/\/pubeurope.com\/@fr\/114431915636717992","error":""},"_links":{"self":[{"href":"https:\/\/www.europesays.com\/fr\/wp-json\/wp\/v2\/posts\/66582","targetHints":{"allow":["GET"]}}],"collection":[{"href":"https:\/\/www.europesays.com\/fr\/wp-json\/wp\/v2\/posts"}],"about":[{"href":"https:\/\/www.europesays.com\/fr\/wp-json\/wp\/v2\/types\/post"}],"author":[{"embeddable":true,"href":"https:\/\/www.europesays.com\/fr\/wp-json\/wp\/v2\/users\/2"}],"replies":[{"embeddable":true,"href":"https:\/\/www.europesays.com\/fr\/wp-json\/wp\/v2\/comments?post=66582"}],"version-history":[{"count":0,"href":"https:\/\/www.europesays.com\/fr\/wp-json\/wp\/v2\/posts\/66582\/revisions"}],"wp:featuredmedia":[{"embeddable":true,"href":"https:\/\/www.europesays.com\/fr\/wp-json\/wp\/v2\/media\/66583"}],"wp:attachment":[{"href":"https:\/\/www.europesays.com\/fr\/wp-json\/wp\/v2\/media?parent=66582"}],"wp:term":[{"taxonomy":"category","embeddable":true,"href":"https:\/\/www.europesays.com\/fr\/wp-json\/wp\/v2\/categories?post=66582"},{"taxonomy":"post_tag","embeddable":true,"href":"https:\/\/www.europesays.com\/fr\/wp-json\/wp\/v2\/tags?post=66582"}],"curies":[{"name":"wp","href":"https:\/\/api.w.org\/{rel}","templated":true}]}}