{"id":665826,"date":"2026-01-15T17:29:11","date_gmt":"2026-01-15T17:29:11","guid":{"rendered":"https:\/\/www.europesays.com\/fr\/665826\/"},"modified":"2026-01-15T17:29:11","modified_gmt":"2026-01-15T17:29:11","slug":"un-artiste-condamne-pour-avoir-truque-sa-candidature-a-la-fete-des-lumieres-a-lyon","status":"publish","type":"post","link":"https:\/\/www.europesays.com\/fr\/665826\/","title":{"rendered":"Un artiste condamn\u00e9 pour avoir truqu\u00e9 sa candidature \u00e0 la F\u00eate des Lumi\u00e8res \u00e0 Lyon"},"content":{"rendered":"<p>\n    Damien Fontaine, qui avait \u00e9t\u00e9 retenu pour l\u2019illumination de la colline de Fourvi\u00e8re en 2028, et son producteur avaient obtenu des informations privil\u00e9gi\u00e9es de l\u2019organisateur pour remporter le march\u00e9.<\/p>\n<p class=\"fig-paragraph\">Metteur en sc\u00e8ne de spectacles de sons et lumi\u00e8res, Damien Fontaine a \u00e9t\u00e9 condamn\u00e9 jeudi \u00e0 six mois de prison avec sursis pour avoir b\u00e9n\u00e9fici\u00e9 d&rsquo;informations privil\u00e9gi\u00e9es lors de sa candidature \u00e0 l&rsquo;\u00e9dition 2018 de la\u00a0<a href=\"http:\/\/www.lefigaro.fr\/lyon\/ancree-petillante-et-populaire-a-lyon-une-edition-best-of-de-la-fete-des-lumieres-pour-celebrer-ses-25-ans-20241105\" data-fig-type=\"NewsFlash\" data-gtm-custom-categorie=\"navigation\" data-gtm-custom-action=\"crossclick\" data-gtm-custom-label=\"Contextuel\" data-gtm-event=\"customEventSPE\" data-fig-domain=\"LEFIGARO\" target=\"_blank\" rel=\"noopener\">F\u00eate des lumi\u00e8res<\/a>\u00a0de Lyon. Le tribunal correctionnel de Lyon l&rsquo;a jug\u00e9 coupable de recel de favoritisme et l&rsquo;a condamn\u00e9 \u00e9galement \u00e0 une amende de 2\u00a0000\u00a0euros et trois\u00a0ans d&rsquo;in\u00e9ligibilit\u00e9. Son producteur de l&rsquo;\u00e9poque, S\u00e9bastien Salvagnac, a \u00e9t\u00e9 condamn\u00e9 \u00e0 la m\u00eame peine.<\/p>\n<p class=\"fig-paragraph\">En 2018, l&rsquo;artiste de 50 ans avait obtenu le lot de l&rsquo;illumination de la\u00a0<a href=\"http:\/\/www.lefigaro.fr\/lyon\/la-porte-monumentale-d-acces-a-la-cite-antique-de-lugdunum-revelee-sous-la-colline-de-fourviere-parmi-d-autres-vestiges-exceptionnels-20250412\" data-fig-type=\"NewsFlash\" data-gtm-custom-categorie=\"navigation\" data-gtm-custom-action=\"crossclick\" data-gtm-custom-label=\"Contextuel\" data-gtm-event=\"customEventSPE\" data-fig-domain=\"LEFIGARO\" target=\"_blank\" rel=\"noopener\">colline de Fourvi\u00e8re,<\/a>\u00a0principale attraction du march\u00e9 public de la c\u00e9l\u00e8bre manifestation, d&rsquo;un montant de 166\u00a0000 euros. Selon le parquet, il avait modifi\u00e9 son offre en pleine proc\u00e9dure de consultation, en b\u00e9n\u00e9ficiant de renseignements confidentiels de la part de Jean-Fran\u00e7ois Zurawik, \u00e0 l&rsquo;\u00e9poque directeur de la f\u00eate des Lumi\u00e8res. Ce dernier a mis fin \u00e0 ses jours durant l&rsquo;instruction.<\/p>\n<p>                                            <a class=\"fig-a11y-skip\" href=\"#fig-a11y-skip-main-inarticle\" data-module=\"a11y-skip\" data-context=\"was @visible\"><br \/>\n    Passer la publicit\u00e9<br \/>\n<\/a>            <\/p>\n<p>                                            \u00ab\u00a0Je savais qu\u2019on n\u2019avait pas le droit, mais je n\u2019avais pas le choix\u00a0\u00bb<\/p>\n<p class=\"fig-paragraph\">Damien Fontaine \u00ab\u00a0a b\u00e9n\u00e9fici\u00e9 d&rsquo;un avantage injustifi\u00e9 et d&rsquo;un accompagnement personnalis\u00e9\u00a0\u00bb, avait estim\u00e9 le procureur \u00e0 l&rsquo;audience du 12\u00a0d\u00e9cembre en requ\u00e9rant six mois de prison avec sursis. \u00ab\u00a0On n&rsquo;avait aucune indication que \u00e7a venait d&rsquo;un autre dossier et que cela pouvait nous favoriser\u00a0\u00bb, s&rsquo;\u00e9tait d\u00e9fendu l&rsquo;artiste, niant l&rsquo;infraction. \u00ab\u00a0Je savais qu&rsquo;on n&rsquo;avait pas le droit, mais je n&rsquo;avais pas le choix\u00a0\u00bb, avait pour sa part argu\u00e9 son ancien producteur, assurant que le march\u00e9 de la f\u00eate des Lumi\u00e8res \u00e9tait alors connu pour son opacit\u00e9. Son avocat avait plaid\u00e9 la relaxe, estimant que la ville portait la responsabilit\u00e9 du mauvais encadrement du march\u00e9.<\/p>\n<p class=\"fig-paragraph\">L&rsquo;affaire avait \u00e9clat\u00e9 apr\u00e8s la plainte de Milosh Luczynski, artiste \u00e9cart\u00e9 du march\u00e9, qui estimait avoir vu son projet copi\u00e9 par son concurrent, lequel \u00e9tait all\u00e9 jusqu&rsquo;\u00e0 reprendre le titre \u00abReflets\u00bb. \u00ab\u00a0Enfin\u00a0! La v\u00e9rit\u00e9 a \u00e9t\u00e9 dite. La justice a pu remettre chacun \u00e0 sa place\u00a0\u00bb, a comment\u00e9 l&rsquo;artiste, qui a obtenu 5\u00a0000 euros de dommages et int\u00e9r\u00eats pour pr\u00e9judice moral.<\/p>\n","protected":false},"excerpt":{"rendered":"Damien Fontaine, qui avait \u00e9t\u00e9 retenu pour l\u2019illumination de la colline de Fourvi\u00e8re en 2028, et son producteur&hellip;\n","protected":false},"author":2,"featured_media":665827,"comment_status":"","ping_status":"","sticky":false,"template":"","format":"standard","meta":{"footnotes":""},"categories":[1889],"tags":[1111,11,2430,1777,674,48836,1011,27,303,2428,12,25],"class_list":{"0":"post-665826","1":"post","2":"type-post","3":"status-publish","4":"format-standard","5":"has-post-thumbnail","7":"category-lyon","8":"tag-actu","9":"tag-actualites","10":"tag-auvergne-rhone-alpes","11":"tag-eu","12":"tag-europe","13":"tag-fete-des-lumieres","14":"tag-fr","15":"tag-france","16":"tag-justice","17":"tag-lyon","18":"tag-news","19":"tag-republique-francaise"},"share_on_mastodon":{"url":"https:\/\/pubeurope.com\/@fr\/115900302126623141","error":""},"_links":{"self":[{"href":"https:\/\/www.europesays.com\/fr\/wp-json\/wp\/v2\/posts\/665826","targetHints":{"allow":["GET"]}}],"collection":[{"href":"https:\/\/www.europesays.com\/fr\/wp-json\/wp\/v2\/posts"}],"about":[{"href":"https:\/\/www.europesays.com\/fr\/wp-json\/wp\/v2\/types\/post"}],"author":[{"embeddable":true,"href":"https:\/\/www.europesays.com\/fr\/wp-json\/wp\/v2\/users\/2"}],"replies":[{"embeddable":true,"href":"https:\/\/www.europesays.com\/fr\/wp-json\/wp\/v2\/comments?post=665826"}],"version-history":[{"count":0,"href":"https:\/\/www.europesays.com\/fr\/wp-json\/wp\/v2\/posts\/665826\/revisions"}],"wp:featuredmedia":[{"embeddable":true,"href":"https:\/\/www.europesays.com\/fr\/wp-json\/wp\/v2\/media\/665827"}],"wp:attachment":[{"href":"https:\/\/www.europesays.com\/fr\/wp-json\/wp\/v2\/media?parent=665826"}],"wp:term":[{"taxonomy":"category","embeddable":true,"href":"https:\/\/www.europesays.com\/fr\/wp-json\/wp\/v2\/categories?post=665826"},{"taxonomy":"post_tag","embeddable":true,"href":"https:\/\/www.europesays.com\/fr\/wp-json\/wp\/v2\/tags?post=665826"}],"curies":[{"name":"wp","href":"https:\/\/api.w.org\/{rel}","templated":true}]}}