{"id":66584,"date":"2025-05-01T09:40:10","date_gmt":"2025-05-01T09:40:10","guid":{"rendered":"https:\/\/www.europesays.com\/fr\/66584\/"},"modified":"2025-05-01T09:40:10","modified_gmt":"2025-05-01T09:40:10","slug":"2900-personnes-reunies-place-kleber","status":"publish","type":"post","link":"https:\/\/www.europesays.com\/fr\/66584\/","title":{"rendered":"2900 personnes r\u00e9unies place Kl\u00e9ber"},"content":{"rendered":"<p>Environ 2900 personnes, selon la police, se sont r\u00e9unies ce jeudi 1er mai \u00e0 10h place Kl\u00e9ber \u00e0 Strasbourg pour la manifestation du 1er mai, \u00e0 l&rsquo;appel de l&rsquo;intersyndicale.<\/p>\n<p>Les revendications ont une port\u00e9e aussi bien nationale qu&rsquo;internationale. Des drapeaux palestiniens \u00e9taient par exemple visible dans la foule, ainsi que des portraits d&rsquo;Abdullah \u00d6calan, fondateur du PKK en Turquie.<\/p>\n<p>Le cort\u00e8ge s&rsquo;est \u00e9lanc\u00e9 aux alentours de 10h30.<\/p>\n","protected":false},"excerpt":{"rendered":"Environ 2900 personnes, selon la police, se sont r\u00e9unies ce jeudi 1er mai \u00e0 10h place Kl\u00e9ber \u00e0&hellip;\n","protected":false},"author":2,"featured_media":66585,"comment_status":"","ping_status":"","sticky":false,"template":"","format":"standard","meta":{"footnotes":""},"categories":[2820],"tags":[1111,11,2389,2649,9671,1777,674,107,1011,27,775,12,25,801,640],"class_list":{"0":"post-66584","1":"post","2":"type-post","3":"status-publish","4":"format-standard","5":"has-post-thumbnail","7":"category-strasbourg","8":"tag-actu","9":"tag-actualites","10":"tag-alsace","11":"tag-bas-rhin","12":"tag-conflit-social","13":"tag-eu","14":"tag-europe","15":"tag-fil-info","16":"tag-fr","17":"tag-france","18":"tag-grand-est","19":"tag-news","20":"tag-republique-francaise","21":"tag-social","22":"tag-strasbourg"},"share_on_mastodon":{"url":"https:\/\/pubeurope.com\/@fr\/114431919583674538","error":""},"_links":{"self":[{"href":"https:\/\/www.europesays.com\/fr\/wp-json\/wp\/v2\/posts\/66584","targetHints":{"allow":["GET"]}}],"collection":[{"href":"https:\/\/www.europesays.com\/fr\/wp-json\/wp\/v2\/posts"}],"about":[{"href":"https:\/\/www.europesays.com\/fr\/wp-json\/wp\/v2\/types\/post"}],"author":[{"embeddable":true,"href":"https:\/\/www.europesays.com\/fr\/wp-json\/wp\/v2\/users\/2"}],"replies":[{"embeddable":true,"href":"https:\/\/www.europesays.com\/fr\/wp-json\/wp\/v2\/comments?post=66584"}],"version-history":[{"count":0,"href":"https:\/\/www.europesays.com\/fr\/wp-json\/wp\/v2\/posts\/66584\/revisions"}],"wp:featuredmedia":[{"embeddable":true,"href":"https:\/\/www.europesays.com\/fr\/wp-json\/wp\/v2\/media\/66585"}],"wp:attachment":[{"href":"https:\/\/www.europesays.com\/fr\/wp-json\/wp\/v2\/media?parent=66584"}],"wp:term":[{"taxonomy":"category","embeddable":true,"href":"https:\/\/www.europesays.com\/fr\/wp-json\/wp\/v2\/categories?post=66584"},{"taxonomy":"post_tag","embeddable":true,"href":"https:\/\/www.europesays.com\/fr\/wp-json\/wp\/v2\/tags?post=66584"}],"curies":[{"name":"wp","href":"https:\/\/api.w.org\/{rel}","templated":true}]}}