{"id":665845,"date":"2026-01-15T17:40:15","date_gmt":"2026-01-15T17:40:15","guid":{"rendered":"https:\/\/www.europesays.com\/fr\/665845\/"},"modified":"2026-01-15T17:40:15","modified_gmt":"2026-01-15T17:40:15","slug":"lallemagne-lancera-un-appel-doffres-pour-12-gigawatts-de-nouvelle-capacite-de-centrales-electriques-en-2026","status":"publish","type":"post","link":"https:\/\/www.europesays.com\/fr\/665845\/","title":{"rendered":"L&rsquo;Allemagne lancera un appel d&rsquo;offres pour 12 gigawatts de nouvelle capacit\u00e9 de centrales \u00e9lectriques en 2026"},"content":{"rendered":"<p>                    L&rsquo;Allemagne a annonc\u00e9 jeudi avoir trouv\u00e9 un accord avec la Commission europ\u00e9enne concernant un plan de construction de nouvelles centrales \u00e9lectriques. Elle pr\u00e9voit de lancer en 2026 un appel d&rsquo;offres portant sur 12 gigawatts (GW) de capacit\u00e9, en mettant l&rsquo;accent sur des sites aliment\u00e9s au gaz.<\/p>\n<p>Il s&rsquo;agit d&rsquo;une \u00e9tape majeure dans la strat\u00e9gie allemande visant \u00e0 garantir la s\u00e9curit\u00e9 d&rsquo;approvisionnement, alors que le pays poursuit sa sortie progressive du charbon.<\/p>\n<p>La majeure partie de cette nouvelle capacit\u00e9, soit 10 GW, devra \u00eatre capable de produire de l&rsquo;\u00e9lectricit\u00e9 sur une longue dur\u00e9e afin d&rsquo;assurer un approvisionnement stable, a pr\u00e9cis\u00e9 le minist\u00e8re de l&rsquo;\u00e9conomie. Cela inclut, sans s&rsquo;y limiter, des centrales \u00e9lectriques au gaz.<\/p>\n<p>Les nouvelles centrales, dont la mise en service est pr\u00e9vue pour 2031, devront \u00eatre en mesure de fonctionner \u00e0 l&rsquo;hydrog\u00e8ne d&rsquo;ici 2045 au plus tard, en coh\u00e9rence avec l&rsquo;objectif de neutralit\u00e9 climatique de l&rsquo;Allemagne \u00e0 cette \u00e9ch\u00e9ance, a indiqu\u00e9 le minist\u00e8re.<\/p>\n<p>Les proc\u00e9dures d&rsquo;aides d&rsquo;\u00c9tat li\u00e9es \u00e0 ce plan ne sont pas encore achev\u00e9es, a ajout\u00e9 Berlin, pr\u00e9cisant que la strat\u00e9gie devra encore recevoir l&rsquo;approbation finale de la Commission europ\u00e9enne.<\/p>\n","protected":false},"excerpt":{"rendered":"L&rsquo;Allemagne a annonc\u00e9 jeudi avoir trouv\u00e9 un accord avec la Commission europ\u00e9enne concernant un plan de construction de&hellip;\n","protected":false},"author":2,"featured_media":665846,"comment_status":"","ping_status":"","sticky":false,"template":"","format":"standard","meta":{"footnotes":""},"categories":[1587],"tags":[11,672,340,1804,1805,1803,1777,674,1801,12,1802],"class_list":{"0":"post-665845","1":"post","2":"type-post","3":"status-publish","4":"format-standard","5":"has-post-thumbnail","7":"category-allemagne","8":"tag-actualites","9":"tag-allemagne","10":"tag-bourse","11":"tag-bundesrepublik-deutschland","12":"tag-de","13":"tag-deutschland","14":"tag-eu","15":"tag-europe","16":"tag-germany","17":"tag-news","18":"tag-republique-federale-dallemagne"},"share_on_mastodon":{"url":"https:\/\/pubeurope.com\/@fr\/115900345701681112","error":""},"_links":{"self":[{"href":"https:\/\/www.europesays.com\/fr\/wp-json\/wp\/v2\/posts\/665845","targetHints":{"allow":["GET"]}}],"collection":[{"href":"https:\/\/www.europesays.com\/fr\/wp-json\/wp\/v2\/posts"}],"about":[{"href":"https:\/\/www.europesays.com\/fr\/wp-json\/wp\/v2\/types\/post"}],"author":[{"embeddable":true,"href":"https:\/\/www.europesays.com\/fr\/wp-json\/wp\/v2\/users\/2"}],"replies":[{"embeddable":true,"href":"https:\/\/www.europesays.com\/fr\/wp-json\/wp\/v2\/comments?post=665845"}],"version-history":[{"count":0,"href":"https:\/\/www.europesays.com\/fr\/wp-json\/wp\/v2\/posts\/665845\/revisions"}],"wp:featuredmedia":[{"embeddable":true,"href":"https:\/\/www.europesays.com\/fr\/wp-json\/wp\/v2\/media\/665846"}],"wp:attachment":[{"href":"https:\/\/www.europesays.com\/fr\/wp-json\/wp\/v2\/media?parent=665845"}],"wp:term":[{"taxonomy":"category","embeddable":true,"href":"https:\/\/www.europesays.com\/fr\/wp-json\/wp\/v2\/categories?post=665845"},{"taxonomy":"post_tag","embeddable":true,"href":"https:\/\/www.europesays.com\/fr\/wp-json\/wp\/v2\/tags?post=665845"}],"curies":[{"name":"wp","href":"https:\/\/api.w.org\/{rel}","templated":true}]}}