{"id":665849,"date":"2026-01-15T17:42:17","date_gmt":"2026-01-15T17:42:17","guid":{"rendered":"https:\/\/www.europesays.com\/fr\/665849\/"},"modified":"2026-01-15T17:42:17","modified_gmt":"2026-01-15T17:42:17","slug":"europe-afrique-vers-une-nouvelle-relation-economique-eco-dici-eco-dailleurs","status":"publish","type":"post","link":"https:\/\/www.europesays.com\/fr\/665849\/","title":{"rendered":"Europe &#8211; Afrique : vers une nouvelle relation \u00e9conomique ? &#8211; \u00c9co d&rsquo;ici \u00e9co d&rsquo;ailleurs"},"content":{"rendered":"<p>\n                                                Dans un monde marqu\u00e9 par les tensions g\u00e9opolitiques, la fragmentation \u00e9conomique et la mont\u00e9e de nouvelles puissances, la relation entre l\u2019Europe et l\u2019Afrique est \u00e0 un tournant. Longtemps structur\u00e9e autour de l\u2019aide au d\u00e9veloppement, elle cherche aujourd\u2019hui \u00e0 \u00e9voluer vers un v\u00e9ritable partenariat fond\u00e9 sur l\u2019investissement, la co-construction et la cr\u00e9ation de valeur locale. C\u2019est l\u2019un des grands enjeux d\u00e9battus lors du dernier sommet Union europ\u00e9enne \u2013 Union africaine, organis\u00e9 \u00e0 Luanda, en Angola.                    <\/p>\n<p>                                                                <strong>NOS INVIT\u00c9S<\/strong> <\/p>\n<p><strong>\ud83d\udc49<a href=\"https:\/\/www.linkedin.com\/in\/mario-pezzini-18411713\/\" target=\"_blank\" rel=\"noopener\">Mario Pezzini<\/a><\/strong>, \u00e9conomiste, ancien directeur du centre de d\u00e9veloppement de l&rsquo;OCDE, auteur du <a href=\"https:\/\/www.linkedin.com\/posts\/mario-pezzini-18411713_europe-at-a-crossroads-from-vassalage-to-activity-7405547705931812864-Ljqz?utm_source=share&amp;utm_medium=member_desktop&amp;rcm=ACoAABqQQ6ABaaYQM6cq86o8KPdqOqRmhlmT2Ek\" target=\"_blank\" rel=\"noopener\">rapport Europa 360\u00b0<\/a> pour la fondation espagnole Avanza<\/p>\n<p>\ud83d\udc49<strong><a href=\"https:\/\/www.linkedin.com\/in\/benoit-chervalier-ab894aa\/\" target=\"_blank\" rel=\"noopener\">Beno\u00eet Chervalier<\/a>, <\/strong>pr\u00e9sident de BCH Invest<strong>,\u00a0<\/strong>vice-pr\u00e9sident Afrique du <a href=\"https:\/\/www.linkedin.com\/company\/medef-international\/\" target=\"_blank\" rel=\"noopener\">Medef international<\/a>, pr\u00e9sident Africa Business Europe, cofondateur et directeur ex\u00e9cutif de la <a href=\"https:\/\/www.essec.edu\/fr\/chaire\/chaire-business-et-industry-in-africa\/\" target=\"_blank\" rel=\"noopener\">Chaire\u00a0Business et industrie en Afrique de l&rsquo;ESSEC<\/a>, auteur de l&rsquo;essai <a href=\"https:\/\/editionsdelaube.fr\/catalogue_de_livres\/ce-quattend-lafrique\/\" target=\"_blank\" rel=\"noopener\">\u00ab\u00a0Ce qu&rsquo;attend l&rsquo;Afrique\u00a0\u00bb (\u00e9ditions de l&rsquo;Aube)<\/a><\/p>\n<p>\ud83d\udc49\u00a0<strong><a href=\"https:\/\/www.linkedin.com\/in\/camarayoussouf\/\" target=\"_blank\" rel=\"noopener\">Youssouf Camara<\/a><\/strong>, coach de dirigeants, directeur de la <a href=\"https:\/\/www.linkedin.com\/in\/la-maison-de-l-afrique-a7430517b\/\" target=\"_blank\" rel=\"noopener\">Maison de l&rsquo;Afrique<\/a><\/p>\n<p>\u00a0<\/p>\n<p><img fetchpriority=\"low\" decoding=\"async\" src=\"https:\/\/www.europesays.com\/fr\/wp-content\/uploads\/2026\/01\/WhatsApp-Image-2026-01-08-at-20-33-59-1.jpeg\"   alt=\"\" style=\"max-height:506px\" loading=\"lazy\" class=\"a-img \"\/><\/p>\n<p>         D\u2019un mod\u00e8le d\u2019aide \u00e0 un mod\u00e8le de partenariat <\/p>\n<p>Pendant des d\u00e9cennies, la relation euro-africaine a repos\u00e9 sur une logique de donateurs et de b\u00e9n\u00e9ficiaires. Mais ce mod\u00e8le montre aujourd\u2019hui ses limites.<\/p>\n<p>Pour l\u2019\u00e9conomiste Mario Pezzini, ancien directeur du Centre de d\u00e9veloppement de l\u2019OCDE, il est temps de passer \u00e0 une alliance fond\u00e9e sur le dialogue et la co-gouvernance :<\/p>\n<blockquote data-end=\"1387\" data-start=\"1237\">\n<p>\u00ab Il faut construire une relation diff\u00e9rente, bas\u00e9e sur des r\u00e8gles d\u00e9finies ensemble, et non plus sur des projets pens\u00e9s uniquement c\u00f4t\u00e9 europ\u00e9en. \u00bb<\/p>\n<\/blockquote>\n<p>M\u00eame constat du c\u00f4t\u00e9 du secteur priv\u00e9. Beno\u00eet Chervalier, banquier d\u2019affaires et pr\u00e9sident Afrique de Business Europe, plaide pour une rupture avec l\u2019aide publique au d\u00e9veloppement telle qu\u2019elle existe aujourd\u2019hui :<\/p>\n<blockquote data-end=\"1789\" data-start=\"1607\">\n<p>\u00ab Il faut sortir de la logique de l\u2019aide et aller vers une logique d\u2019investissement. Ce que veulent les citoyens, c\u2019est un retour sur investissement, pas seulement des promesses. \u00bb<\/p>\n<\/blockquote>\n<p> Une Afrique plurielle, des partenariats multiples <\/p>\n<p>L\u2019Afrique n\u2019est pas un bloc homog\u00e8ne. Ses r\u00e9alit\u00e9s \u00e9conomiques, politiques et sociales varient fortement d\u2019un pays \u00e0 l\u2019autre. De plus, l\u2019Europe n\u2019est plus le seul partenaire strat\u00e9gique du continent.<\/p>\n<p>La Chine, les pays du Golfe, la Turquie ou encore l\u2019Inde renforcent leur pr\u00e9sence \u00e9conomique. Les pays africains revendiquent d\u00e9sormais la libert\u00e9 de choisir leurs partenaires.<\/p>\n<blockquote data-end=\"2331\" data-start=\"2224\">\n<p>\u00ab Personne ne veut \u00eatre sous tutelle, ni les Africains, ni les Europ\u00e9ens \u00bb, rappelle Beno\u00eet Chervalier.<\/p>\n<\/blockquote>\n<p>Cette diversification se traduit aussi par des relations bilat\u00e9rales plus dynamiques entre certains pays europ\u00e9ens et africains, au-del\u00e0 des cadres institutionnels.<\/p>\n<p><img fetchpriority=\"low\" decoding=\"async\" src=\"https:\/\/www.europesays.com\/fr\/wp-content\/uploads\/2026\/01\/000-787M7M6.jpg\"   alt=\"Le pr\u00e9sident de la R\u00e9publique d\u00e9mocratique du Congo, F\u00e9lix Tshisekedi, s'adressant au public lors du Global Gateway Forum 2025 au Square - Brussels Meeting Centre, \u00e0 Bruxelles, le 9 octobre 2025.\" style=\"max-height:567px\" loading=\"lazy\" class=\"a-img \"\/><\/p>\n<p>                Le pr\u00e9sident de la R\u00e9publique d\u00e9mocratique du Congo, F\u00e9lix Tshisekedi, s&rsquo;adressant au public lors du Global Gateway Forum 2025 au Square &#8211; Brussels Meeting Centre, \u00e0 Bruxelles, le 9 octobre 2025.                AFP &#8211; NICOLAS TUCAT            <\/p>\n<p>         Global Gateway : 300 milliards d\u2019euros pour l\u2019Afrique <\/p>\n<p>L\u2019Union europ\u00e9enne a lanc\u00e9 en 2021 le programme Global Gateway, un vaste plan d\u2019investissement de 300 milliards d\u2019euros, dont la moiti\u00e9 destin\u00e9e \u00e0 l\u2019Afrique. Les priorit\u00e9s :<\/p>\n<ul>\n<li>\n<p>infrastructures<\/p>\n<\/li>\n<li>\n<p>transition \u00e9nerg\u00e9tique<\/p>\n<\/li>\n<li>\n<p>num\u00e9rique<\/p>\n<\/li>\n<li>\n<p>sant\u00e9<\/p>\n<\/li>\n<li>\n<p>transports<\/p>\n<\/li>\n<li>\n<p>\u00e9ducation<\/p>\n<\/li>\n<\/ul>\n<p>L\u2019objectif est de proposer une alternative aux investissements chinois, en misant sur des financements durables et transparents.<\/p>\n<p>Mais le pr\u00e9sident sud-africain Cyril Ramaphosa met en garde :<\/p>\n<blockquote data-end=\"3179\" data-start=\"3031\">\n<p>\u00ab Ces investissements ne doivent pas remplacer une d\u00e9pendance par une autre. Ils doivent \u00eatre transformateurs et cr\u00e9ateurs de capacit\u00e9s locales. \u00bb<\/p>\n<\/blockquote>\n<p> Le d\u00e9fi de la transformation locale <\/p>\n<p>Un point fait consensus : l\u2019Afrique doit transformer davantage ses ressources sur place.<\/p>\n<p>Produire localement, d\u00e9velopper les cha\u00eenes de valeur, cr\u00e9er des emplois et r\u00e9duire la d\u00e9pendance aux exportations de mati\u00e8res premi\u00e8res sont des priorit\u00e9s.<\/p>\n<p>Mario Pezzini insiste :<\/p>\n<blockquote data-end=\"3615\" data-start=\"3494\">\n<p>\u00ab Une infrastructure sans comp\u00e9tences ni institutions devient un d\u00e9cor. Une route seule ne cr\u00e9e pas de d\u00e9veloppement. \u00bb<\/p>\n<\/blockquote>\n<p>Les investissements doivent donc s\u2019accompagner :<\/p>\n<p><img fetchpriority=\"low\" decoding=\"async\" src=\"https:\/\/www.europesays.com\/fr\/wp-content\/uploads\/2026\/01\/WhatsApp-Image-2026-01-08-at-20-33-59.jpeg\"   alt=\"Mario Pezzini, Bruno Faure, Youssouf Camara et Beno\u00eet Chervalier dans les studios de RFI\" style=\"max-height:638px\" loading=\"lazy\" class=\"a-img \"\/><\/p>\n<p>                Mario Pezzini, Bruno Faure, Youssouf Camara et Beno\u00eet Chervalier dans les studios de RFI                \u00a9 RFI            <\/p>\n<p>         PME, agriculture et jeunesse au c\u0153ur du d\u00e9veloppement <\/p>\n<p>Les petites et moyennes entreprises, souvent familiales, constituent l\u2019essentiel du tissu \u00e9conomique africain. Pourtant, elles rencontrent de nombreux obstacles : normes, acc\u00e8s au financement, comp\u00e9titivit\u00e9, logistique.<\/p>\n<p>Youssouf Camara, directeur g\u00e9n\u00e9ral de la Maison de l\u2019Afrique, plaide pour une coop\u00e9ration plus op\u00e9rationnelle :<\/p>\n<blockquote data-end=\"4320\" data-start=\"4168\">\n<p>\u00ab Les accords politiques ne suffisent pas. Il faut accompagner concr\u00e8tement les entreprises africaines pour qu\u2019elles acc\u00e8dent aux march\u00e9s europ\u00e9ens. \u00bb<\/p>\n<\/blockquote>\n<p>L\u2019agriculture, l\u2019agro-industrie et les industries locales sont \u00e9galement des secteurs cl\u00e9s pour absorber la forte croissance d\u00e9mographique du continent. D\u2019ici 2050, environ 800 millions de jeunes entreront sur le march\u00e9 du travail africain.<\/p>\n<p> Vers une relation plus \u00e9quilibr\u00e9e <\/p>\n<p>La nouvelle doctrine europ\u00e9enne repose sur une id\u00e9e centrale :\u00a0cr\u00e9er de la richesse l\u00e0 o\u00f9 elle est produite.<\/p>\n<p>Cela suppose :<\/p>\n<ul>\n<li>\n<p>une industrialisation progressive<\/p>\n<\/li>\n<li>\n<p>des investissements cibl\u00e9s<\/p>\n<\/li>\n<li>\n<p>une meilleure int\u00e9gration r\u00e9gionale<\/p>\n<\/li>\n<li>\n<p>un dialogue politique plus \u00e9quilibr\u00e9<\/p>\n<\/li>\n<\/ul>\n<p>L\u2019objectif n\u2019est plus seulement de financer, mais de co-construire.<\/p>\n<p>Retrouvez <a href=\"https:\/\/www.youtube.com\/playlist?list=PLi_zbgj_QX4qDvc_HnXIx_8jlAug0IW3O\" target=\"_blank\" rel=\"noopener\">nos invit\u00e9s de l&rsquo;\u00e9conomie ici<\/a><\/p>\n","protected":false},"excerpt":{"rendered":"Dans un monde marqu\u00e9 par les tensions g\u00e9opolitiques, la fragmentation \u00e9conomique et la mont\u00e9e de nouvelles puissances, la&hellip;\n","protected":false},"author":2,"featured_media":665850,"comment_status":"","ping_status":"","sticky":false,"template":"","format":"standard","meta":{"footnotes":""},"categories":[1586],"tags":[11,879,309,1639,14880,33,73,1777,674,18160,1779,1011,27,5595,2223,12,25,880,3496,1778,364],"class_list":{"0":"post-665849","1":"post","2":"type-post","3":"status-publish","4":"format-standard","5":"has-post-thumbnail","7":"category-europe","8":"tag-actualites","9":"tag-afrique","10":"tag-chine","11":"tag-cote-divoire","12":"tag-eco-dici-eco-dailleurs","13":"tag-economie","14":"tag-etats-unis","15":"tag-eu","16":"tag-europe","17":"tag-europe-afrique","18":"tag-european-union","19":"tag-fr","20":"tag-france","21":"tag-inde","22":"tag-maroc","23":"tag-news","24":"tag-republique-francaise","25":"tag-senegal","26":"tag-turquie","27":"tag-ue","28":"tag-union-europeenne"},"share_on_mastodon":{"url":"https:\/\/pubeurope.com\/@fr\/115900353674671060","error":""},"_links":{"self":[{"href":"https:\/\/www.europesays.com\/fr\/wp-json\/wp\/v2\/posts\/665849","targetHints":{"allow":["GET"]}}],"collection":[{"href":"https:\/\/www.europesays.com\/fr\/wp-json\/wp\/v2\/posts"}],"about":[{"href":"https:\/\/www.europesays.com\/fr\/wp-json\/wp\/v2\/types\/post"}],"author":[{"embeddable":true,"href":"https:\/\/www.europesays.com\/fr\/wp-json\/wp\/v2\/users\/2"}],"replies":[{"embeddable":true,"href":"https:\/\/www.europesays.com\/fr\/wp-json\/wp\/v2\/comments?post=665849"}],"version-history":[{"count":0,"href":"https:\/\/www.europesays.com\/fr\/wp-json\/wp\/v2\/posts\/665849\/revisions"}],"wp:featuredmedia":[{"embeddable":true,"href":"https:\/\/www.europesays.com\/fr\/wp-json\/wp\/v2\/media\/665850"}],"wp:attachment":[{"href":"https:\/\/www.europesays.com\/fr\/wp-json\/wp\/v2\/media?parent=665849"}],"wp:term":[{"taxonomy":"category","embeddable":true,"href":"https:\/\/www.europesays.com\/fr\/wp-json\/wp\/v2\/categories?post=665849"},{"taxonomy":"post_tag","embeddable":true,"href":"https:\/\/www.europesays.com\/fr\/wp-json\/wp\/v2\/tags?post=665849"}],"curies":[{"name":"wp","href":"https:\/\/api.w.org\/{rel}","templated":true}]}}