{"id":665860,"date":"2026-01-15T17:53:11","date_gmt":"2026-01-15T17:53:11","guid":{"rendered":"https:\/\/www.europesays.com\/fr\/665860\/"},"modified":"2026-01-15T17:53:11","modified_gmt":"2026-01-15T17:53:11","slug":"mathieu-van-der-poel-fait-limpasse-sur-le-cross-de-benidorm","status":"publish","type":"post","link":"https:\/\/www.europesays.com\/fr\/665860\/","title":{"rendered":"Mathieu van der Poel fait l&rsquo;impasse sur le cross de Benidorm"},"content":{"rendered":"<p class=\"ap-StoryElement ap-StoryElement--mb ap-StoryText\">Le champion du monde est en stage avec son \u00e9quipe Alpecin-Premier Tech \u00e0 Calp, \u00e0 une vingtaine de kilom\u00e8tres, mais la course ne s&rsquo;inscrit pas dans son programme d&rsquo;entra\u00eenement en vue de la saison sur route.<\/p>\n<p class=\"ap-StoryElement ap-StoryElement--mb ap-StoryText\">Le s\u00e9lectionneur n\u00e9erlandais Gerben de Knegt avait tout de m\u00eame inscrit Mathieu van der Poel sur la liste provisoire des participants, au cas o\u00f9 \u00ab\u00a0Matje\u00a0\u00bb changeait d&rsquo;avis, mais cela n&rsquo;a pas \u00e9t\u00e9 le cas, bien qu&rsquo;il soit en t\u00eate du classement g\u00e9n\u00e9ral avec 200 points, r\u00e9colt\u00e9s en remportant les cinq courses auxquelles il a particip\u00e9.<\/p>\n","protected":false},"excerpt":{"rendered":"Le champion du monde est en stage avec son \u00e9quipe Alpecin-Premier Tech \u00e0 Calp, \u00e0 une vingtaine de&hellip;\n","protected":false},"author":2,"featured_media":665861,"comment_status":"","ping_status":"","sticky":false,"template":"","format":"standard","meta":{"footnotes":""},"categories":[1411],"tags":[1154,207,67264,1011,27,60],"class_list":{"0":"post-665860","1":"post","2":"type-post","3":"status-publish","4":"format-standard","5":"has-post-thumbnail","7":"category-cyclisme","8":"tag-cycling","9":"tag-cyclisme","10":"tag-cyclocross","11":"tag-fr","12":"tag-france","13":"tag-sports"},"share_on_mastodon":{"url":"https:\/\/pubeurope.com\/@fr\/115900396614989934","error":""},"_links":{"self":[{"href":"https:\/\/www.europesays.com\/fr\/wp-json\/wp\/v2\/posts\/665860","targetHints":{"allow":["GET"]}}],"collection":[{"href":"https:\/\/www.europesays.com\/fr\/wp-json\/wp\/v2\/posts"}],"about":[{"href":"https:\/\/www.europesays.com\/fr\/wp-json\/wp\/v2\/types\/post"}],"author":[{"embeddable":true,"href":"https:\/\/www.europesays.com\/fr\/wp-json\/wp\/v2\/users\/2"}],"replies":[{"embeddable":true,"href":"https:\/\/www.europesays.com\/fr\/wp-json\/wp\/v2\/comments?post=665860"}],"version-history":[{"count":0,"href":"https:\/\/www.europesays.com\/fr\/wp-json\/wp\/v2\/posts\/665860\/revisions"}],"wp:featuredmedia":[{"embeddable":true,"href":"https:\/\/www.europesays.com\/fr\/wp-json\/wp\/v2\/media\/665861"}],"wp:attachment":[{"href":"https:\/\/www.europesays.com\/fr\/wp-json\/wp\/v2\/media?parent=665860"}],"wp:term":[{"taxonomy":"category","embeddable":true,"href":"https:\/\/www.europesays.com\/fr\/wp-json\/wp\/v2\/categories?post=665860"},{"taxonomy":"post_tag","embeddable":true,"href":"https:\/\/www.europesays.com\/fr\/wp-json\/wp\/v2\/tags?post=665860"}],"curies":[{"name":"wp","href":"https:\/\/api.w.org\/{rel}","templated":true}]}}