{"id":665864,"date":"2026-01-15T17:55:10","date_gmt":"2026-01-15T17:55:10","guid":{"rendered":"https:\/\/www.europesays.com\/fr\/665864\/"},"modified":"2026-01-15T17:55:10","modified_gmt":"2026-01-15T17:55:10","slug":"sa-magnifique-maison-dans-le-lot-et-garonne","status":"publish","type":"post","link":"https:\/\/www.europesays.com\/fr\/665864\/","title":{"rendered":"sa magnifique maison dans le Lot-et-Garonne"},"content":{"rendered":"<p data-start=\"1115\" data-end=\"1418\">Il n\u2019a jamais aim\u00e9 Paris,<br \/>\nencore moins les paillettes. <a href=\"https:\/\/www.purepeople.com\/article\/francis-cabrel-installe-a-astaffort-sa-grande-maison-au-milieu-des-vignes_a494009\/1\" target=\"_blank\" rel=\"noopener\"><br \/>\nFrancis Cabrel<\/a>, 70 ans, m\u00e8ne une existence tranquille dans le<br \/>\nSud-Ouest, l\u00e0 o\u00f9 il a grandi. C\u2019est \u00e0 <strong data-start=\"1272\" data-end=\"1285\">Astaffort<\/strong>, dans le <strong data-start=\"1295\" data-end=\"1313\">Lot-et-Garonne<\/strong>, qu\u2019il a b\u00e2ti sa<br \/>\nmaison, un lieu \u00e0 son image\u202f: sobre, chaleureux et profond\u00e9ment<br \/>\nenracin\u00e9 dans la terre.<\/p>\n<p data-start=\"1420\" data-end=\"1696\">L\u2019auteur de Je l\u2019aime \u00e0 mourir n\u2019a jamais quitt\u00e9 sa<br \/>\nr\u00e9gion natale. Bien au contraire, il y a investi et y a m\u00eame cr\u00e9\u00e9<br \/>\ndes projets pour la jeunesse. Sa maison, entour\u00e9e de vignes et de<br \/>\nchamps, illustre ce choix de rester fid\u00e8le \u00e0 ses origines, loin de<br \/>\nl\u2019agitation m\u00e9diatique.<\/p>\n<p>Francis Cabrel : son<br \/>\nquotidien dans le Lot-et-Garonne, loin de la sc\u00e8ne m\u00e9diatique<\/p>\n<p data-start=\"3043\" data-end=\"3318\">\u00c0 Astaffort, dans le<br \/>\nLot-et-Garonne, Francis Cabrel vit avec son \u00e9pouse Mariette,<br \/>\nrencontr\u00e9e \u00e0 l\u2019\u00e9poque du lyc\u00e9e. Ensemble, ils ont \u00e9lev\u00e9 leurs trois<br \/>\nfilles dans cet environnement prot\u00e9g\u00e9. Ici, pas de paparazzis ni de<br \/>\nsoir\u00e9es mondaines, mais un rythme simple, rythm\u00e9 par les saisons et<br \/>\nla musique.<\/p>\n<p data-start=\"3320\" data-end=\"3625\">Quand il n\u2019\u00e9crit pas de<br \/>\nnouvelles chansons, le chanteur s\u2019adonne \u00e0 sa passion pour le<br \/>\n<strong data-start=\"3406\" data-end=\"3416\">vinyle<\/strong>, ou se<br \/>\nprom\u00e8ne dans son <strong data-start=\"3441\" data-end=\"3451\">jardin<\/strong>. \u00ab\u00a0Je<br \/>\nsuis quelqu\u2019un de tr\u00e8s casanier\u00a0\u00bb, a-t-il d\u00e9j\u00e0 confi\u00e9. Et \u00e0<br \/>\nvoir l\u2019attachement qu\u2019il porte \u00e0 cette maison, on comprend que<br \/>\nquitter Astaffort n\u2019a jamais \u00e9t\u00e9 une option.<\/p>\n<p>Francis Cabrel : sa<br \/>\nmagnifique demeure nich\u00e9e dans le Lot-et-Garonne<\/p>\n<p data-start=\"1742\" data-end=\"2050\">Difficile de l\u2019imaginer<br \/>\nailleurs. Francis Cabrel a toujours affirm\u00e9 que c\u2019est dans le<br \/>\n<strong data-start=\"1830\" data-end=\"1843\">Sud-Ouest<\/strong> qu\u2019il<br \/>\nse sentait lui-m\u00eame. \u00ab\u00a0J\u2019ai<br \/>\nbesoin d\u2019entendre les gens parler comme moi autour de moi, j\u2019ai<br \/>\nbesoin d\u2019entendre les cris d\u2019un merle, le coq qui chante au<br \/>\nloin\u00a0\u00bb, confiait-il dans une ancienne interview.<\/p>\n<p data-start=\"2052\" data-end=\"2338\">Sa maison se trouve au c\u0153ur du<br \/>\n<strong data-start=\"2083\" data-end=\"2106\">village<br \/>\nd\u2019Astaffort<\/strong>, \u00e0 quelques kilom\u00e8tres seulement de la maison<br \/>\nde ses parents. Une b\u00e2tisse simple, mais \u00e9l\u00e9gante, construite dans<br \/>\nle style local, avec des pierres blondes typiques de la r\u00e9gion et<br \/>\nune vue imprenable sur les <a href=\"https:\/\/www.lejournaldelamaison.fr\/le-journal-de-la-maison\/reportages-maisons\/maisons-campagne\/bernard-pivot-laboure-sulfate-vendange-soutire-maison-avec-piscine-milieu-vignes-beaujolaises-523525.html\" target=\"_blank\" rel=\"noopener\"><br \/>\n<strong data-start=\"2313\" data-end=\"2323\">vignes<\/strong><\/a><br \/>\nenvironnantes.<\/p>\n<blockquote class=\"instagram-media\" style=\"background: #ffffff;border: 0;margin: 1px;width: 100%;padding: 0;max-width: 500px;\" data-instgrm-permalink=\"https:\/\/www.instagram.com\/p\/CWQQMwSIFFU\/\" data-instgrm-version=\"14\"\/><p>\nFrancis Cabrel : sa vie \u00e0<br \/>\nAstaffort, un village devenu son fief<\/p>\n<p data-start=\"2395\" data-end=\"2700\">Mais la maison de Francis<br \/>\nCabrel, ce n\u2019est pas qu\u2019un refuge personnel. L\u2019artiste y a aussi<br \/>\nd\u00e9velopp\u00e9 un projet collectif : les <strong data-start=\"2524\" data-end=\"2550\">Rencontres d\u2019Astaffort<\/strong>, qui accueillent de<br \/>\njeunes auteurs-compositeurs. Ce projet, lanc\u00e9 dans les ann\u00e9es 1990,<br \/>\na transform\u00e9 le petit village en un centre culturel de renom.<\/p>\n<p data-start=\"2702\" data-end=\"2990\">L\u00a0\u00bbartiste est \u00e9galement \u00e0<br \/>\nl\u2019origine de <strong data-start=\"2748\" data-end=\"2763\">Voix du<br \/>\nSud<\/strong>, une structure qui forme de nouveaux talents dans la<br \/>\n<a href=\"https:\/\/www.lejournaldelamaison.fr\/le-journal-de-la-maison\/reportages-maisons\/maisons-reportages-maisons\/brigitte-fontaine-appartement-ile-saint-louis-527613.html\" target=\"_blank\" rel=\"noopener\"><br \/>\nmusique<\/a>. Astaffort n\u2019est donc plus seulement le village de son<br \/>\nenfance, mais un v\u00e9ritable <strong data-start=\"2907\" data-end=\"2927\">foyer artistique<\/strong> qui rayonne bien au-del\u00e0 des<br \/>\nfronti\u00e8res du <strong data-start=\"2971\" data-end=\"2989\">Lot-et-Garonne<\/strong>.<\/p>\n<p><script async src=\"\/\/www.instagram.com\/embed.js\"><\/script><\/p>\n","protected":false},"excerpt":{"rendered":"Il n\u2019a jamais aim\u00e9 Paris, encore moins les paillettes. Francis Cabrel, 70 ans, m\u00e8ne une existence tranquille dans&hellip;\n","protected":false},"author":2,"featured_media":665865,"comment_status":"","ping_status":"","sticky":false,"template":"","format":"standard","meta":{"footnotes":""},"categories":[1359],"tags":[930,8108,3031,76638,3477,6521,1446,1805,154,58,59,12219,10485,1011,27,61092,5601,76639,63730,17922,28488,20064,2142,17937,2537,2403,973,24951,3711,96,4802],"class_list":{"0":"post-665864","1":"post","2":"type-post","3":"status-publish","4":"format-standard","5":"has-post-thumbnail","7":"category-people","8":"tag-le","9":"tag-ancienne","10":"tag-au","11":"tag-cabrel","12":"tag-cette","13":"tag-coeur","14":"tag-dans","15":"tag-de","16":"tag-des","17":"tag-divertissement","18":"tag-entertainment","19":"tag-et","20":"tag-filles","21":"tag-fr","22":"tag-france","23":"tag-francis","24":"tag-garonne","25":"tag-grandi","26":"tag-grange","27":"tag-havre","28":"tag-incroyable","29":"tag-lot","30":"tag-maison","31":"tag-mes","32":"tag-ont","33":"tag-paix","34":"tag-people","35":"tag-renovee","36":"tag-son","37":"tag-une","38":"tag-vignes"},"share_on_mastodon":{"url":"https:\/\/pubeurope.com\/@fr\/115900404489631702","error":""},"_links":{"self":[{"href":"https:\/\/www.europesays.com\/fr\/wp-json\/wp\/v2\/posts\/665864","targetHints":{"allow":["GET"]}}],"collection":[{"href":"https:\/\/www.europesays.com\/fr\/wp-json\/wp\/v2\/posts"}],"about":[{"href":"https:\/\/www.europesays.com\/fr\/wp-json\/wp\/v2\/types\/post"}],"author":[{"embeddable":true,"href":"https:\/\/www.europesays.com\/fr\/wp-json\/wp\/v2\/users\/2"}],"replies":[{"embeddable":true,"href":"https:\/\/www.europesays.com\/fr\/wp-json\/wp\/v2\/comments?post=665864"}],"version-history":[{"count":0,"href":"https:\/\/www.europesays.com\/fr\/wp-json\/wp\/v2\/posts\/665864\/revisions"}],"wp:featuredmedia":[{"embeddable":true,"href":"https:\/\/www.europesays.com\/fr\/wp-json\/wp\/v2\/media\/665865"}],"wp:attachment":[{"href":"https:\/\/www.europesays.com\/fr\/wp-json\/wp\/v2\/media?parent=665864"}],"wp:term":[{"taxonomy":"category","embeddable":true,"href":"https:\/\/www.europesays.com\/fr\/wp-json\/wp\/v2\/categories?post=665864"},{"taxonomy":"post_tag","embeddable":true,"href":"https:\/\/www.europesays.com\/fr\/wp-json\/wp\/v2\/tags?post=665864"}],"curies":[{"name":"wp","href":"https:\/\/api.w.org\/{rel}","templated":true}]}}