{"id":665866,"date":"2026-01-15T17:56:12","date_gmt":"2026-01-15T17:56:12","guid":{"rendered":"https:\/\/www.europesays.com\/fr\/665866\/"},"modified":"2026-01-15T17:56:12","modified_gmt":"2026-01-15T17:56:12","slug":"un-croquis-attribue-a-rubens-bientot-expose-a-bruxelles","status":"publish","type":"post","link":"https:\/\/www.europesays.com\/fr\/665866\/","title":{"rendered":"Un croquis attribu\u00e9 \u00e0 Rubens bient\u00f4t expos\u00e9 \u00e0 Bruxelles"},"content":{"rendered":"<p>\n    Longtemps consid\u00e9r\u00e9e comme perdue, une esquisse du peintre flamand fera son apparition \u00e0 la foire belge d\u2019art et d\u2019antiquit\u00e9. La qualit\u00e9 d\u2019ex\u00e9cution et l\u2019expressivit\u00e9 du portrait fascinent les experts.<\/p>\n<p class=\"fig-paragraph\">Red\u00e9couverte il y a trois ans par Klaas Muller, le marchand belge et\u00a0<a href=\"http:\/\/www.lefigaro.fr\/culture\/a-bruxelles-la-brafa-brave-la-crise-grace-a-ses-fideles-20250131\" target=\"_blank\" data-fig-type=\"Article\" rel=\"noopener\" data-gtm-custom-categorie=\"navigation\" data-gtm-custom-action=\"crossclick\" data-gtm-custom-label=\"Contextuel\" data-gtm-event=\"customEventSPE\" data-fig-domain=\"LEFIGARO\">pr\u00e9sident de la BRAFA<\/a>, une esquisse disparue du\u00a0<a href=\"https:\/\/www.lefigaro.fr\/arts-expositions\/2017\/10\/03\/03015-20171003ARTFIG00003-rubens-1610-la-passion-selon-pierre-paul.php\" target=\"_blank\" data-fig-type=\"Article\" rel=\"noopener\" data-gtm-custom-categorie=\"navigation\" data-gtm-custom-action=\"crossclick\" data-gtm-custom-label=\"Contextuel\" data-gtm-event=\"customEventSPE\" data-fig-domain=\"LEFIGARO\">peintre Pierre-Paul Rubens<\/a>\u00a0sera expos\u00e9e du 25 janvier au 1er f\u00e9vrier, lors de la 71e \u00e9dition de la\u00a0<a href=\"https:\/\/www.lefigaro.fr\/arts-expositions\/a-bruxelles-la-brafa-fait-son-show-surrealiste-20240201\" target=\"_blank\" data-fig-type=\"Article\" rel=\"noopener\" data-gtm-custom-categorie=\"navigation\" data-gtm-custom-action=\"crossclick\" data-gtm-custom-label=\"Contextuel\" data-gtm-event=\"customEventSPE\" data-fig-domain=\"LEFIGARO\">BRAFA -la foire belge d\u2019art et d\u2019antiquit\u00e9s- \u00e0 Bruxelles<\/a>.<\/p>\n<p class=\"fig-paragraph\">Intitul\u00e9e Portrait d\u2019un vieil homme, l\u2019\u00e9tude montre le visage d\u2019un homme \u00e2g\u00e9 avec une longue barbe blanche et le regard embu\u00e9 par le vin. Passionn\u00e9 par le\u00a0<a href=\"http:\/\/www.lefigaro.fr\/culture\/un-tableau-du-celebre-peintre-rubens-disparu-pendant-quatre-siecles-adjuge-a-2-9-millions-d-euros-20251130\" target=\"_blank\" data-fig-type=\"NewsFlash\" rel=\"noopener\" data-gtm-custom-categorie=\"navigation\" data-gtm-custom-action=\"crossclick\" data-gtm-custom-label=\"Contextuel\" data-gtm-event=\"customEventSPE\" data-fig-domain=\"LEFIGARO\">ma\u00eetre baroque flamand<\/a>, Klaas Muller a longuement \u00e9tudi\u00e9 l\u2019\u0153uvre\u00a0: \u00ab\u00a0Je n\u2019\u00e9tais pas s\u00fbr que ce soit un Rubens\u00a0\u00bb, a confi\u00e9 le marchand \u00e0 nos confr\u00e8res du Guardian. D\u2019autant plus que le croquis \u00ab\u00a0\u00e9tait tr\u00e8s sale m\u00eame si le vernis prot\u00e9geait tr\u00e8s bien la peinture. Mais je voyais bien qu\u2019elle \u00e9tait d\u2019une qualit\u00e9 extr\u00eamement \u00e9lev\u00e9e.\u00a0\u00bb<\/p>\n<p>                                            <a class=\"fig-a11y-skip\" href=\"#fig-a11y-skip-main-inarticle\" data-module=\"a11y-skip\" data-context=\"was @visible\"><br \/>\n    Passer la publicit\u00e9<br \/>\n<\/a>            <\/p>\n<p class=\"fig-paragraph\">Le marchand d\u2019art a confi\u00e9 l\u2019\u0153uvre \u00e0 Ben Van Beneden, un ancien directeur de la maison Rubens, afin d\u2019authentifier le croquis. \u00ab Je pense que c\u2019est tr\u00e8s probable, a-t-il d\u00e9clar\u00e9, toujours au Guardian. Il faut \u00eatre prudent car vous avez affaire \u00e0 une peinture qui n\u2019a pas \u00e9t\u00e9 faite pour le march\u00e9 mais comme mat\u00e9riau de travail. Mais le savoir-faire est exceptionnel \u2013 il a une qualit\u00e9 tr\u00e8s r\u00e9aliste.\u00a0\u00bb Mais selon l\u2019historien les \u00e9l\u00e9ments ne manquent pas en faveur d\u2019une\u00a0<a href=\"https:\/\/www.lefigaro.fr\/arts-expositions\/2017\/09\/30\/03015-20170930ARTFIG00006-rubens-le-peintre-gentilhomme-l-eclosion-d-un-talent.php\" target=\"_blank\" data-fig-type=\"Article\" rel=\"noopener\" data-gtm-custom-categorie=\"navigation\" data-gtm-custom-action=\"crossclick\" data-gtm-custom-label=\"Contextuel\" data-gtm-event=\"customEventSPE\" data-fig-domain=\"LEFIGARO\">esquisse originale de Rubens<\/a>\u00a0: le geste est \u00ab\u00a0spontan\u00e9, pr\u00e9cis et montre une virtuosit\u00e9 exceptionnelle\u00a0\u00bb. De plus, l\u2019esquisse montre \u00ab\u00a0l\u2019usage caract\u00e9ristique de feuilles de papier maroufl\u00e9es sur panneau\u00a0\u00bb.<\/p>\n<p class=\"fig-body-link\">\n<p>        Lire le dossier<br \/>\n        <a class=\"fig-body-link__link\" href=\"http:\/\/www.lefigaro.fr\/arts-expositions\/dossier\/rubens-le-peintre-gentilhomme\" target=\"_blank\" data-fig-type=\"Topic\" rel=\"noopener\" data-gtm-custom-categorie=\"navigation\" data-gtm-custom-action=\"crossclick\" data-gtm-custom-label=\"Contextuel\" data-gtm-event=\"customEventSPE\" data-fig-domain=\"LEFIGARO\"><\/p>\n<p>        Rubens, le peintre gentilhomme<br \/>\n    <\/a>\n<\/p>\n<p class=\"fig-paragraph\">L\u2019artiste a commenc\u00e9 ses travaux pr\u00e9paratoires d\u00e8s sa jeunesse mais c\u2019est sous l\u2019influence de peintres italiens que Rubens commence \u00e0 pratiquer des t\u00eates d\u2019\u00e9tudes peintes \u00e0 l\u2019huile. Ainsi, il r\u00e9alisait de mani\u00e8re \u00ab\u00a0rapide et spontan\u00e9e souvent sous diff\u00e9rents angles\u00a0\u00bb ses croquis. Le peintre s\u2019est constitu\u00e9 un v\u00e9ritable \u00ab\u00a0<a href=\"https:\/\/www.lefigaro.fr\/arts-expositions\/2016\/01\/04\/03015-20160104ARTFIG00149-rubens-un-grand-peintre-au-service-secret-de-ses-majestes.php\" target=\"_blank\" data-fig-type=\"Article\" rel=\"noopener\" data-gtm-custom-categorie=\"navigation\" data-gtm-custom-action=\"crossclick\" data-gtm-custom-label=\"Contextuel\" data-gtm-event=\"customEventSPE\" data-fig-domain=\"LEFIGARO\">r\u00e9pertoire visuel de physionomies expressives<\/a> \u00a0\u00bb qu\u2019il r\u00e9utilisait dans ses compositions destin\u00e9es \u00e0 la vente. De retour \u00e0 Anvers, en 1608, Rubens s\u2019investit dans ses croquis et r\u00e9alise ses premi\u00e8res t\u00eates peintes sur papier, qui seront ensuite coll\u00e9es sur panneau. L\u2019\u00e9tude Portrait d\u2019un vieil homme permettrait de venir compl\u00e9ter le r\u00e9pertoire de croquis de l\u2019artiste.<\/p>\n<p>    La peinture Saint-Thomas illustre un homme dont le visage pr\u00e9sente des ressemblances avec l\u2019esquisse Le Portrait du vieil homme.<br \/>\n                Photo Josse \/ Bridgeman Images<\/p>\n<p class=\"fig-paragraph\">Un autre d\u00e9tail fascine les experts\u00a0: la pr\u00e9sence du visage d\u2019une jeune fille dans la barbe du vieil homme. Tout laisse \u00e0 penser que cette figure correspond \u00e0 l\u2019\u00e9bauche d\u2019un autre tableau, qui aurait \u00e9t\u00e9 ult\u00e9rieurement recouverte par le peintre.<\/p>\n","protected":false},"excerpt":{"rendered":"Longtemps consid\u00e9r\u00e9e comme perdue, une esquisse du peintre flamand fera son apparition \u00e0 la foire belge d\u2019art et&hellip;\n","protected":false},"author":2,"featured_media":665867,"comment_status":"","ping_status":"","sticky":false,"template":"","format":"standard","meta":{"footnotes":""},"categories":[1358],"tags":[3734,1348,1384,1385,2360,1386,58,59,3293,1011,27,1585,52990],"class_list":{"0":"post-665866","1":"post","2":"type-post","3":"status-publish","4":"format-standard","5":"has-post-thumbnail","7":"category-arts-et-design","8":"tag-art","9":"tag-arts","10":"tag-arts-and-design","11":"tag-arts-et-design","12":"tag-bruxelles","13":"tag-design","14":"tag-divertissement","15":"tag-entertainment","16":"tag-exposition","17":"tag-fr","18":"tag-france","19":"tag-peinture","20":"tag-rubens"},"share_on_mastodon":{"url":"https:\/\/pubeurope.com\/@fr\/115900408293251908","error":""},"_links":{"self":[{"href":"https:\/\/www.europesays.com\/fr\/wp-json\/wp\/v2\/posts\/665866","targetHints":{"allow":["GET"]}}],"collection":[{"href":"https:\/\/www.europesays.com\/fr\/wp-json\/wp\/v2\/posts"}],"about":[{"href":"https:\/\/www.europesays.com\/fr\/wp-json\/wp\/v2\/types\/post"}],"author":[{"embeddable":true,"href":"https:\/\/www.europesays.com\/fr\/wp-json\/wp\/v2\/users\/2"}],"replies":[{"embeddable":true,"href":"https:\/\/www.europesays.com\/fr\/wp-json\/wp\/v2\/comments?post=665866"}],"version-history":[{"count":0,"href":"https:\/\/www.europesays.com\/fr\/wp-json\/wp\/v2\/posts\/665866\/revisions"}],"wp:featuredmedia":[{"embeddable":true,"href":"https:\/\/www.europesays.com\/fr\/wp-json\/wp\/v2\/media\/665867"}],"wp:attachment":[{"href":"https:\/\/www.europesays.com\/fr\/wp-json\/wp\/v2\/media?parent=665866"}],"wp:term":[{"taxonomy":"category","embeddable":true,"href":"https:\/\/www.europesays.com\/fr\/wp-json\/wp\/v2\/categories?post=665866"},{"taxonomy":"post_tag","embeddable":true,"href":"https:\/\/www.europesays.com\/fr\/wp-json\/wp\/v2\/tags?post=665866"}],"curies":[{"name":"wp","href":"https:\/\/api.w.org\/{rel}","templated":true}]}}