{"id":665870,"date":"2026-01-15T17:59:11","date_gmt":"2026-01-15T17:59:11","guid":{"rendered":"https:\/\/www.europesays.com\/fr\/665870\/"},"modified":"2026-01-15T17:59:11","modified_gmt":"2026-01-15T17:59:11","slug":"bibi-la-fille-cachee-de-freddie-mercury-est-decedee-a-48-ans","status":"publish","type":"post","link":"https:\/\/www.europesays.com\/fr\/665870\/","title":{"rendered":"Bibi, la fille cach\u00e9e de Freddie Mercury, est d\u00e9c\u00e9d\u00e9e \u00e0 48 ans"},"content":{"rendered":"<p><a href=\"https:\/\/www.dhnet.be\/lifestyle\/people\/2025\/08\/12\/freddie-mercury-b-est-elle-le-secret-le-mieux-garde-de-la-vie-tumultueuse-du-chanteur-de-queen-MPH7AEWPRZEYTC35SGOGURY4UI\/\" target=\"_self\" class=\"ap-StoryInterstitialLink ap-StoryElement ap-StoryElement--mb js-paywall-target\" rel=\"noopener\">Freddie Mercury : B. est-elle le secret le mieux gard\u00e9 de la vie tumultueuse du chanteur de Queen ?<\/a><\/p>\n<p class=\"ap-StoryElement ap-StoryElement--mb ap-StoryText\">N\u00e9e en f\u00e9vrier 1977, Bibi \u00e9tait le fruit d&rsquo;une aventure entre Freddie Mercury, d\u00e9c\u00e9d\u00e9 en 1991, et \u00ab\u00a0l&rsquo;\u00e9pouse de ses amis proches\u00a0\u00bb, expliquait la femme dans les colonnes de Paris Match en ao\u00fbt dernier. Elle pr\u00e9cise avoir \u00e9t\u00e9 \u00ab\u00a0con\u00e7ue par accident\u00a0\u00bb. Une situation dont le chanteur n&rsquo;\u00e9tait \u00ab\u00a0pas fier\u00a0\u00bb mais qui le rendait tout de m\u00eame heureux, ajoutait-elle. Le fait de devenir p\u00e8re \u00e9tait un bonheur absolu pour lui. S&rsquo;il culpabilisait, c&rsquo;\u00e9tait parce que je ne conna\u00eetrai jamais le sch\u00e9ma familial parfait qu&rsquo;il aurait voulu m&rsquo;offrir : une maman, un papa, des fr\u00e8res et s\u0153urs, un chien, une belle maison et un jardin\u2026\u00a0\u00bb<\/p>\n<p><a href=\"https:\/\/www.dhnet.be\/medias\/musique\/2025\/10\/18\/bohemian-rhapsody-a-50-ans-histoire-records-et-mysteres-autour-de-la-chanson-iconique-de-queen-LASYGUDKIVDLZGOHZCBYW474F4\/\" target=\"_self\" class=\"ap-StoryInterstitialLink ap-StoryElement ap-StoryElement--mb\" rel=\"noopener\">Bohemian Rhapsody a 50 ans : histoire, records et myst\u00e8res autour de la chanson iconique de Queen<\/a>\u00ab\u00a0On nous entend chanter lui et moi\u00a0\u00bb<\/p>\n<p class=\"ap-StoryElement ap-StoryElement--mb ap-StoryText\">Toujours dans Paris Match, Bibi se souvenait des moments pass\u00e9s aux c\u00f4t\u00e9s de son p\u00e8re. Alors qu&rsquo;elle \u00e9tait \u00ab\u00a0en train de jouer ou de lire\u00a0\u00bb, lui, \u00ab\u00a0travaillait \u00e0 ses compositions, sur des \u00e9bauches de \u00adchansons qu&rsquo;il enregistrait lui-m\u00eame\u00a0\u00bb. Elle poursuit : \u00ab\u00a0Parfois, sur ces bandes, on entend une petite fille de 4 ans lui demander de venir l&rsquo;aider ou de jouer pour elle quelques notes. [\u2026.] \u00c0 d&rsquo;autres moments on nous entend chanter lui et moi.\u00a0\u00bb<\/p>\n","protected":false},"excerpt":{"rendered":"Freddie Mercury : B. est-elle le secret le mieux gard\u00e9 de la vie tumultueuse du chanteur de Queen&hellip;\n","protected":false},"author":2,"featured_media":665871,"comment_status":"","ping_status":"","sticky":false,"template":"","format":"standard","meta":{"footnotes":""},"categories":[1355],"tags":[3983,58,59,1011,27,12977,1361,873],"class_list":{"0":"post-665870","1":"post","2":"type-post","3":"status-publish","4":"format-standard","5":"has-post-thumbnail","7":"category-musique","8":"tag-deces","9":"tag-divertissement","10":"tag-entertainment","11":"tag-fr","12":"tag-france","13":"tag-freddie-mercury","14":"tag-music","15":"tag-musique"},"share_on_mastodon":{"url":"https:\/\/pubeurope.com\/@fr\/115900420197750522","error":""},"_links":{"self":[{"href":"https:\/\/www.europesays.com\/fr\/wp-json\/wp\/v2\/posts\/665870","targetHints":{"allow":["GET"]}}],"collection":[{"href":"https:\/\/www.europesays.com\/fr\/wp-json\/wp\/v2\/posts"}],"about":[{"href":"https:\/\/www.europesays.com\/fr\/wp-json\/wp\/v2\/types\/post"}],"author":[{"embeddable":true,"href":"https:\/\/www.europesays.com\/fr\/wp-json\/wp\/v2\/users\/2"}],"replies":[{"embeddable":true,"href":"https:\/\/www.europesays.com\/fr\/wp-json\/wp\/v2\/comments?post=665870"}],"version-history":[{"count":0,"href":"https:\/\/www.europesays.com\/fr\/wp-json\/wp\/v2\/posts\/665870\/revisions"}],"wp:featuredmedia":[{"embeddable":true,"href":"https:\/\/www.europesays.com\/fr\/wp-json\/wp\/v2\/media\/665871"}],"wp:attachment":[{"href":"https:\/\/www.europesays.com\/fr\/wp-json\/wp\/v2\/media?parent=665870"}],"wp:term":[{"taxonomy":"category","embeddable":true,"href":"https:\/\/www.europesays.com\/fr\/wp-json\/wp\/v2\/categories?post=665870"},{"taxonomy":"post_tag","embeddable":true,"href":"https:\/\/www.europesays.com\/fr\/wp-json\/wp\/v2\/tags?post=665870"}],"curies":[{"name":"wp","href":"https:\/\/api.w.org\/{rel}","templated":true}]}}