{"id":665872,"date":"2026-01-15T18:00:17","date_gmt":"2026-01-15T18:00:17","guid":{"rendered":"https:\/\/www.europesays.com\/fr\/665872\/"},"modified":"2026-01-15T18:00:17","modified_gmt":"2026-01-15T18:00:17","slug":"cest-confirme-le-film-marche-moins-bien-que-les-precedents-malgre-lenorme-succes","status":"publish","type":"post","link":"https:\/\/www.europesays.com\/fr\/665872\/","title":{"rendered":"c&rsquo;est confirm\u00e9, le film marche moins bien que les pr\u00e9c\u00e9dents malgr\u00e9 l&rsquo;\u00e9norme succ\u00e8s"},"content":{"rendered":"<p><strong>Avatar 3 est toujours \u00e0 la t\u00eate du box-office fran\u00e7ais, mais le dernier film de <a href=\"https:\/\/www.ecranlarge.com\/personnalite\/652848-james-cameron-i\" data-type=\"people\" data-id=\"304972\" target=\"_blank\" rel=\"noopener\">James Cameron<\/a> s\u2019en sort nettement moins bien que les deux pr\u00e9c\u00e9dents volets.<\/strong><\/p>\n<p>Il \u00e9tait \u00e9vident que, comme <strong>Avatar <\/strong>et <strong>Avatar : La voie de l\u2019eau<\/strong>, le dernier <strong><a href=\"https:\/\/www.ecranlarge.com\/films\/985857-avatar-3\" data-type=\"films\" data-id=\"685986\" target=\"_blank\" rel=\"noopener\">Avatar : De feu et de cendres<\/a><\/strong> ferait de (tr\u00e8s) gros chiffres au box-office. L\u00e0 n\u2019\u00e9tait pas la question. Il s\u2019agissait plut\u00f4t de savoir s\u2019il \u00e9tait possible pour ce troisi\u00e8me volet de battre le record d\u2019<strong>Avatar<\/strong> (2,9 milliards ressorties incluses) ou a minima d\u2019\u00e9galer ou d\u00e9passer <strong>Avatar 2<\/strong>. Autrement dit, l\u2019enjeu \u00e9tait surtout de<strong> savoir si la franchise de Disney allait ralentir, se maintenir ou monter en puissance.<\/strong><\/p>\n<p>                    <img decoding=\"async\" alt=\"\" class=\"wp-image-518375\" style=\"object-fit:cover;width:25px;height:25px\" src=\"https:\/\/www.ecranlarge.com\/content\/uploads\/2023\/09\/arrow-right-circle.svg\"\/><\/p>\n<p>Alors oui, avec 1,2 milliard de dollars r\u00e9colt\u00e9s au box-office en moins d\u2019un mois d\u2019exploitation, <strong inert=\"true\">Avatar 3 <\/strong>fait d\u2019ores et d\u00e9j\u00e0 partie des 30 plus gros succ\u00e8s commerciaux de tous les temps. Il est pour l\u2019instant 29e, entre <strong inert=\"true\">Fast &amp; Furious 8<\/strong> et<strong inert=\"true\"> Iron Man 3<\/strong>, mais devrait continuer \u00e0 grimper dans les semaines \u00e0 venir. Toutefois, m\u00eame s\u2019il a encore du temps devant lui, ce troisi\u00e8me film, toujours port\u00e9 par Sam Worthington et Zoe Saldana, risque de ne pas rejoindre ses deux a\u00een\u00e9s dans le top 10. <\/p>\n<p><strong>Un constat qu\u2019on peut \u00e9galement faire au box-office fran\u00e7ais<\/strong> ou le film de James Cameron cartonne, mais pas autant que les deux autres.<\/p>\n<p>LA VOIE DE L\u2019ARGENT<\/p>\n<p>Pour sa quatri\u00e8me semaine d\u2019exploitation en France, <strong>Avatar 3 <\/strong>a gagn\u00e9 plus de 728 000 entr\u00e9es, pour un total de 7,3 millions de places \u00e9coul\u00e9es. Le troisi\u00e8me volet de la saga de science-fiction reste donc premier du classement, mais son ralentissement est de plus en plus \u00e9vident. D\u2019abord parce que ses chiffres hebdomadaires se rapprochent d\u00e9sormais de ceux de <strong>La Femme de M\u00e9nage<\/strong>, le thriller avec Amanda Seyfried et Sydney Sweeney qui a attir\u00e9 683 000 spectateurs et spectatrices suppl\u00e9mentaires, et plus de 2,9 millions en trois semaines. <\/p>\n<p>                    <img decoding=\"async\" alt=\"\" class=\"wp-image-518375\" style=\"object-fit:cover;width:25px;height:25px\" src=\"https:\/\/www.ecranlarge.com\/content\/uploads\/2023\/09\/arrow-right-circle.svg\"\/><\/p>\n<p>Ensuite, parce qu\u2019<strong inert=\"true\">Avatar 3<\/strong> a perdu plus de 54% de sa fr\u00e9quentation par rapport \u00e0 la semaine derni\u00e8re, alors m\u00eame que son nombre de copies a augment\u00e9 et que son parc est le plus \u00e9tendu : 1151 \u00e9crans, soit 190 de plus, contre 827 pour <strong>La Femme de M\u00e9nage<\/strong>. C\u2019est d\u2019ailleurs un record, puisque le plus grand r\u00e9seau de distribution \u00e9tait pour <strong inert=\"true\">Avatar 2<\/strong> (998 copies pour sa cinqui\u00e8me semaine d\u2019exploitation).<\/p>\n<p><a href=\"https:\/\/www.ecranlarge.com\/content\/uploads\/2025\/12\/3040a_0200_v1271.l.1025.jpg\" target=\"_blank\" rel=\"noopener\"><\/p>\n<p><img loading=\"lazy\" decoding=\"async\" alt=\"Oona Chaplin dans Avatar : De feu et de cendres\" src=\"https:\/\/www.europesays.com\/fr\/wp-content\/uploads\/2025\/12\/3040a_0200_v1271.l.1025-1260x664.jpg\" width=\"1260\" height=\"664\"  \/><\/p>\n<p><\/a>Ca redescend, mais \u00e7a vole toujours tr\u00e8s haut<\/p>\n<p>Enfin, si on compare le parcours du troisi\u00e8me film \u00e0 ceux des deux pr\u00e9c\u00e9dents opus, le constat est encore plus clair. Apr\u00e8s un mois \u00e0 l\u2019affiche, <strong>Avatar 1<\/strong> et <strong>2 <\/strong>avait respectivement cumul\u00e9 9 et 10,3 millions d\u2019entr\u00e9es. Le premier film de 2009 n\u2019est descendu sous la barre du million d\u2019entr\u00e9es hebdomadaire qu\u2019apr\u00e8s sept semaines en salles, et le deuxi\u00e8me apr\u00e8s six semaines d\u2019exploitation \u2013 qui plus est avec moins de copies \u00e0 disposition.<\/p>\n<p>Mais pas besoin d\u2019\u00eatre alarmiste ou d\u00e9faitiste non plus : avec un budget estim\u00e9 \u00e0 400 millions de dollars hors marketing, <strong>Avatar 3 <\/strong>a d\u00e9j\u00e0 atteint son seuil de rentabilit\u00e9. Les suites ne seront donc a priori pas compromises, ou en tout cas pas \u00e0 cause du box-office du troisi\u00e8me chapitre. Par ailleurs, l\u2019actrice Michelle Yeoh a \u00e9t\u00e9 annonc\u00e9e dans <strong>Avatar 4<\/strong> et <strong>5<\/strong>, ce qui laisse penser que ce n\u2019est plus qu\u2019une question de temps avant que Disney valide officiellement les suites.<\/p>\n","protected":false},"excerpt":{"rendered":"Avatar 3 est toujours \u00e0 la t\u00eate du box-office fran\u00e7ais, mais le dernier film de James Cameron s\u2019en&hellip;\n","protected":false},"author":2,"featured_media":665873,"comment_status":"","ping_status":"","sticky":false,"template":"","format":"standard","meta":{"footnotes":""},"categories":[1354],"tags":[58,59,1346,1011,27,1360],"class_list":{"0":"post-665872","1":"post","2":"type-post","3":"status-publish","4":"format-standard","5":"has-post-thumbnail","7":"category-films","8":"tag-divertissement","9":"tag-entertainment","10":"tag-films","11":"tag-fr","12":"tag-france","13":"tag-movies"},"share_on_mastodon":{"url":"https:\/\/pubeurope.com\/@fr\/115900424280653789","error":""},"_links":{"self":[{"href":"https:\/\/www.europesays.com\/fr\/wp-json\/wp\/v2\/posts\/665872","targetHints":{"allow":["GET"]}}],"collection":[{"href":"https:\/\/www.europesays.com\/fr\/wp-json\/wp\/v2\/posts"}],"about":[{"href":"https:\/\/www.europesays.com\/fr\/wp-json\/wp\/v2\/types\/post"}],"author":[{"embeddable":true,"href":"https:\/\/www.europesays.com\/fr\/wp-json\/wp\/v2\/users\/2"}],"replies":[{"embeddable":true,"href":"https:\/\/www.europesays.com\/fr\/wp-json\/wp\/v2\/comments?post=665872"}],"version-history":[{"count":0,"href":"https:\/\/www.europesays.com\/fr\/wp-json\/wp\/v2\/posts\/665872\/revisions"}],"wp:featuredmedia":[{"embeddable":true,"href":"https:\/\/www.europesays.com\/fr\/wp-json\/wp\/v2\/media\/665873"}],"wp:attachment":[{"href":"https:\/\/www.europesays.com\/fr\/wp-json\/wp\/v2\/media?parent=665872"}],"wp:term":[{"taxonomy":"category","embeddable":true,"href":"https:\/\/www.europesays.com\/fr\/wp-json\/wp\/v2\/categories?post=665872"},{"taxonomy":"post_tag","embeddable":true,"href":"https:\/\/www.europesays.com\/fr\/wp-json\/wp\/v2\/tags?post=665872"}],"curies":[{"name":"wp","href":"https:\/\/api.w.org\/{rel}","templated":true}]}}