{"id":665878,"date":"2026-01-15T18:03:11","date_gmt":"2026-01-15T18:03:11","guid":{"rendered":"https:\/\/www.europesays.com\/fr\/665878\/"},"modified":"2026-01-15T18:03:11","modified_gmt":"2026-01-15T18:03:11","slug":"sa-maison-joyeuse-dans-les-alpilles","status":"publish","type":"post","link":"https:\/\/www.europesays.com\/fr\/665878\/","title":{"rendered":"sa \u00ab maison joyeuse \u00bb dans les Alpilles"},"content":{"rendered":"<p>Figure bien connue du paysage audiovisuel fran\u00e7ais, Marie<br \/>\nDrucker a su construire sa carri\u00e8re \u00e0 la t\u00e9l\u00e9vision, \u00e0 la radio et<br \/>\ndans la presse avec humilit\u00e9 et discr\u00e9tion. Quand elle n\u00a0\u00bbest pas<br \/>\nsur les plateaux, la ni\u00e8ce de Michel Drucker se ressource<br \/>\nvolontiers dans la maison familiale, situ\u00e9e en Provence.<\/p>\n<p>La carri\u00e8re exemplaire de Marie Drucker<\/p>\n<p>Marie Drucker s&rsquo;est impos\u00e9e depuis plus de vingt ans comme l&rsquo;une<br \/>\ndes figures les plus respect\u00e9es du journalisme fran\u00e7ais. Apr\u00e8s des<br \/>\nd\u00e9buts \u00e0 la radio, elle rejoint la t\u00e9l\u00e9vision au d\u00e9but des ann\u00e9es<br \/>\n2000 et se fait conna\u00eetre du grand public sur France 2, o\u00f9<br \/>\n<strong>elle pr\u00e9sente successivement le journal t\u00e9l\u00e9vis\u00e9, des<br \/>\n\u00e9ditions sp\u00e9ciales et de grands rendez-vous<br \/>\nd&rsquo;information<\/strong>.<\/p>\n<p>Ces derni\u00e8res ann\u00e9es, Marie Drucker poursuit sa carri\u00e8re en<br \/>\ns&rsquo;\u00e9loignant volontairement du journal t\u00e9l\u00e9vis\u00e9 quotidien pour se<br \/>\nconsacrer \u00e0 des projets plus personnels. Elle continue de<br \/>\ntravailler pour France T\u00e9l\u00e9visions, notamment \u00e0 travers des<br \/>\ndocumentaires et des \u00e9missions sp\u00e9ciales, tout en cultivant<br \/>\n<strong>une pr\u00e9sence m\u00e9diatique plus discr\u00e8te<\/strong>.<\/p>\n<p>Marie Drucker : son refuge familial dans les Alpilles<\/p>\n<p>Dans <a href=\"https:\/\/www.lejournaldelamaison.fr\/actualite\/inconnu-grand-public-village-magnifique-fait-craquer-celebrites-star-emblematique-tele-francaise-511343.html\" target=\"_blank\" rel=\"noopener\"><br \/>\nl&rsquo;\u00e9crin naturel des Alpilles<\/a>, la journaliste et \u00e9crivaine a<br \/>\ntrouv\u00e9 un lieu de paix qui contraste avec l&rsquo;effervescence<br \/>\nparisienne. Elle confie \u00e0 ses interlocuteurs qu&rsquo;elle aime y \u00ab<br \/>\nbaisser le son de l&rsquo;actualit\u00e9 \u00bb pour simplement se<br \/>\nreconnecter \u00e0 l&rsquo;essentiel et profiter de moments de<br \/>\ntranquillit\u00e9.<\/p>\n<p>Perch\u00e9e en pleine nature, cette maison offre une vue<br \/>\nspectaculaire \u00ab jusqu&rsquo;\u00e0 Arles et m\u00eame Marseille \u00bb,<br \/>\nconfiait-elle au Figaro en 2009. Telle qu&rsquo;elle le d\u00e9crit,<br \/>\n\u00ab c&rsquo;est <strong>une maison joyeuse<\/strong>, \u00e0 la v\u00e9g\u00e9tation<br \/>\nm\u00e9diterran\u00e9enne un peu anarchique, o\u00f9 l&rsquo;on se retrouve en famille<br \/>\net o\u00f9 on improvise des bals certains soirs d&rsquo;\u00e9t\u00e9, quand on ne fait<br \/>\npas le tour des f\u00eates de village \u00bb.<\/p>\n<blockquote class=\"instagram-media\" style=\"background: #ffffff;border: 0;margin: 1px;width: 100%;padding: 0;max-width: 500px;\" data-instgrm-permalink=\"https:\/\/www.instagram.com\/p\/C8KTds2Noi5\/?hl=fr\" data-instgrm-version=\"14\"\/><p>\nUn d\u00e9sir visc\u00e9ral de passer du temps<br \/>\ndans cette maison<\/p>\n<p>Amoureuse de cette maison proven\u00e7ale, Marie Drucker y passe<br \/>\nbeaucoup de temps lorsque son travail le laisse tranquille : \u00ab<br \/>\nLorsque mon emploi du temps le permet, <strong>j&rsquo;y viens<br \/>\npresque tous les week-ends<\/strong>, pour me reposer et non pour<br \/>\ncroiser des gens connus ou du m\u00e9tier, que je fr\u00e9quente d\u00e9j\u00e0 peu \u00e0<br \/>\nParis hors de mon travail\u00a0\u00bb. Une d\u00e9connection<br \/>\ntotale, dans un d\u00e9cor qui invite au silence. En ces lieux, la<br \/>\ncousine de <a href=\"https:\/\/www.lejournaldelamaison.fr\/le-journal-de-la-maison\/reportages-maisons\/appartements\/lea-drucker-menilmontant-nouvelle-vie-518497.html\" target=\"_blank\" rel=\"noopener\"><br \/>\nL\u00e9a Drucker<\/a> s&rsquo;adonne \u00e0 des activit\u00e9s telles que la marche, la<br \/>\nlecture et le yoga.<\/p>\n<p>Dans cette r\u00e9gion que sa famille adore, son oncle <strong>Michel<br \/>\nDrucker<\/strong> n&rsquo;est jamais bien loin, lui qui poss\u00e8de <a href=\"https:\/\/www.lejournaldelamaison.fr\/le-journal-de-la-maison\/reportages-maisons\/maisons-campagne\/michel-drucker-superbe-demeure-provencale-dans-village-tres-huppe-alpilles-entouree-champs-lavande-oliviers-cette-villa-refuge-519134.html\" target=\"_blank\" rel=\"noopener\"><br \/>\nune maison dans le village voisin d&rsquo;Eygali\u00e8res<\/a>. \u00ab Je ne<br \/>\nmanque pas une occasion de le retrouver. M\u00eame si on est un peu<br \/>\ncasaniers, chacun r\u00e9fugi\u00e9 dans sa maison \u00bb,<br \/>\nplaisante-t-elle.<\/p>\n<p><script async src=\"\/\/www.instagram.com\/embed.js\"><\/script><\/p>\n","protected":false},"excerpt":{"rendered":"Figure bien connue du paysage audiovisuel fran\u00e7ais, Marie Drucker a su construire sa carri\u00e8re \u00e0 la t\u00e9l\u00e9vision, \u00e0&hellip;\n","protected":false},"author":2,"featured_media":665879,"comment_status":"","ping_status":"","sticky":false,"template":"","format":"standard","meta":{"footnotes":""},"categories":[8],"tags":[51546,6005,2511,2837,1805,154,58,63415,3170,59,1011,27,17922,3354,35217,2142,6665,37496,10650,2403,76640,3711,96],"class_list":{"0":"post-665878","1":"post","2":"type-post","3":"status-publish","4":"format-standard","5":"has-post-thumbnail","7":"category-divertissement","8":"tag-alpilles","9":"tag-beau","10":"tag-cest","11":"tag-dun","12":"tag-de","13":"tag-des","14":"tag-divertissement","15":"tag-drucker","16":"tag-elle","17":"tag-entertainment","18":"tag-fr","19":"tag-france","20":"tag-havre","21":"tag-jardin","22":"tag-joyeuse","23":"tag-maison","24":"tag-marie","25":"tag-mediterraneen","26":"tag-ou","27":"tag-paix","28":"tag-soccupe","29":"tag-son","30":"tag-une"},"share_on_mastodon":{"url":"https:\/\/pubeurope.com\/@fr\/115900435908986757","error":""},"_links":{"self":[{"href":"https:\/\/www.europesays.com\/fr\/wp-json\/wp\/v2\/posts\/665878","targetHints":{"allow":["GET"]}}],"collection":[{"href":"https:\/\/www.europesays.com\/fr\/wp-json\/wp\/v2\/posts"}],"about":[{"href":"https:\/\/www.europesays.com\/fr\/wp-json\/wp\/v2\/types\/post"}],"author":[{"embeddable":true,"href":"https:\/\/www.europesays.com\/fr\/wp-json\/wp\/v2\/users\/2"}],"replies":[{"embeddable":true,"href":"https:\/\/www.europesays.com\/fr\/wp-json\/wp\/v2\/comments?post=665878"}],"version-history":[{"count":0,"href":"https:\/\/www.europesays.com\/fr\/wp-json\/wp\/v2\/posts\/665878\/revisions"}],"wp:featuredmedia":[{"embeddable":true,"href":"https:\/\/www.europesays.com\/fr\/wp-json\/wp\/v2\/media\/665879"}],"wp:attachment":[{"href":"https:\/\/www.europesays.com\/fr\/wp-json\/wp\/v2\/media?parent=665878"}],"wp:term":[{"taxonomy":"category","embeddable":true,"href":"https:\/\/www.europesays.com\/fr\/wp-json\/wp\/v2\/categories?post=665878"},{"taxonomy":"post_tag","embeddable":true,"href":"https:\/\/www.europesays.com\/fr\/wp-json\/wp\/v2\/tags?post=665878"}],"curies":[{"name":"wp","href":"https:\/\/api.w.org\/{rel}","templated":true}]}}