{"id":665882,"date":"2026-01-15T18:05:17","date_gmt":"2026-01-15T18:05:17","guid":{"rendered":"https:\/\/www.europesays.com\/fr\/665882\/"},"modified":"2026-01-15T18:05:17","modified_gmt":"2026-01-15T18:05:17","slug":"x-peine-a-calmer-le-tolle-du-deshabillage-des-personnes-reelles-sur-grok-15-01-2026-a-1630","status":"publish","type":"post","link":"https:\/\/www.europesays.com\/fr\/665882\/","title":{"rendered":"X peine \u00e0 calmer le toll\u00e9 du \u00ab\u00a0d\u00e9shabillage\u00a0\u00bb des \u00ab\u00a0personnes r\u00e9elles\u00a0\u00bb sur Grok &#8211; 15\/01\/2026 \u00e0 16:30"},"content":{"rendered":"<p>        <img decoding=\"async\" src=\"https:\/\/www.europesays.com\/fr\/wp-content\/uploads\/2026\/01\/f64868b2adeff6b7a91144e5f4bf3e55-760x507.jpg\" alt=\"Ecrans affichant le logo de Grok, un chatbot d'IA g\u00e9n\u00e9rative d\u00e9velopp\u00e9 par la soci\u00e9t\u00e9 am\u00e9ricaine xAI, et son fondateur, Elon Musk, le 13 janvier 2025 \u00e0 Toulouse ( AFP \/ Lionel BONAVENTURE )\" loading=\"eager\" fetchpriority=\"high\" width=\"760\" height=\"507\" style=\"max-width: 100%!important; height: auto;\"\/><\/p>\n<p class=\"c-image-news__legend\">Ecrans affichant le logo de Grok, un chatbot d&rsquo;IA g\u00e9n\u00e9rative d\u00e9velopp\u00e9 par la soci\u00e9t\u00e9 am\u00e9ricaine xAI, et son fondateur, Elon Musk, le 13 janvier 2025 \u00e0 Toulouse ( AFP \/ Lionel BONAVENTURE )<\/p>\n<p>\n Nouvelle suspension de Grok en Asie, pression maintenue en Europe: la plateforme X d&rsquo;Elon Musk peine \u00e0 \u00e9teindre le toll\u00e9 mondial suscit\u00e9 par son outil d&rsquo;intelligence artificielle, qu&rsquo;il dit avoir brid\u00e9 pour l'\u00a0\u00bbemp\u00eacher\u00a0\u00bb de g\u00e9n\u00e9rer des images truqu\u00e9es d\u00e9nudant des personnes r\u00e9elles dans les pays condamnant ces pratiques.\n<\/p>\n<p>\n Apr\u00e8s l&rsquo;Indon\u00e9sie et la Malaisie musulmanes, les Philippines, le plus grand pays catholique d&rsquo;Asie, ont annonc\u00e9 jeudi leur intention de suspendre \u00ab\u00a0d&rsquo;ici ce soir\u00a0\u00bb l&rsquo;acc\u00e8s \u00e0 Grok en raison de ces montages hyperr\u00e9alistes.\n<\/p>\n<p>\n La nouvelle est tomb\u00e9e quelques heures apr\u00e8s que X a fait \u00e9tat de mesures prises pour \u00ab\u00a0emp\u00eacher\u00a0\u00bb Grok de \u00ab\u00a0d\u00e9shabiller\u00a0\u00bb des \u00ab\u00a0personnes r\u00e9elles\u00a0\u00bb.\n<\/p>\n<p>\n \u00ab\u00a0Nous avons mis en place des mesures technologiques pour emp\u00eacher le compte Grok de permettre l&rsquo;\u00e9dition d&rsquo;images de personnes r\u00e9elles dans des tenues d\u00e9shabill\u00e9es, comme des bikinis\u00a0\u00bb, a indiqu\u00e9 X dans un message publi\u00e9 mercredi en fin de journ\u00e9e aux \u00c9tats-Unis.\n<\/p>\n<p>\n Selon X, les restrictions d'\u00a0\u00bb\u00e9dition\u00a0\u00bb s&rsquo;appliquent \u00e0 \u00ab\u00a0tous les utilisateurs, y compris les abonn\u00e9s payants\u00a0\u00bb. Mais une ambig\u00fcit\u00e9 subsiste: la plateforme dit appliquer un \u00ab\u00a0blocage g\u00e9ographique\u00a0\u00bb pour la \u00ab\u00a0g\u00e9n\u00e9ration\u00a0\u00bb avec Grok d&rsquo;images d\u00e9nud\u00e9es de personnes r\u00e9elles seulement \u00ab\u00a0au sein des juridictions o\u00f9 cela est ill\u00e9gal\u00a0\u00bb.\n<\/p>\n<p>\n Au Royaume-Uni, l&rsquo;un des pays les plus virulents \u00e0 l&rsquo;encontre de Grok, le Premier ministre, Keir Starmer, a salu\u00e9 jeudi les mesures tout en exhortant X \u00e0 se mettre \u00ab\u00a0imm\u00e9diatement\u00a0\u00bb en \u00ab\u00a0conformit\u00e9 totale\u00a0\u00bb avec la loi britannique.\n<\/p>\n<p>\n En France, la ministre charg\u00e9e de l&rsquo;IA, Anne Le H\u00e9nanff y a vu la \u00ab\u00a0d\u00e9monstration\u00a0\u00bb que \u00ab\u00a0la mobilisation de la France et de l&rsquo;Europe n&rsquo;est pas vaine\u00a0\u00bb et \u00ab\u00a0produit des r\u00e9sultats\u00a0\u00bb mais se dit \u00ab\u00a0particuli\u00e8rement vigilante \u00e0 la bonne application des engagements pris par X\u00a0\u00bb.\n<\/p>\n<p>\n La Commission europ\u00e9enne avait auparavant \u00ab\u00a0pris acte des mesures suppl\u00e9mentaires adopt\u00e9es\u00a0\u00bb. \u00ab\u00a0Nous \u00e9valuerons attentivement ces changements afin de nous assurer qu&rsquo;ils prot\u00e8gent efficacement les citoyens de l&rsquo;Union europ\u00e9enne\u00a0\u00bb, avait d\u00e9clar\u00e9 Thomas Regnier, un porte-parole de l&rsquo;ex\u00e9cutif europ\u00e9en.\n<\/p>\n<p>\n Selon lui, \u00ab\u00a0si ces changements n&rsquo;\u00e9taient pas effectifs, la Commission n&rsquo;h\u00e9siterait pas \u00e0 utiliser tout\u00a0\u00bb son arsenal l\u00e9gislatif, qui lui permet d&rsquo;infliger des astreintes financi\u00e8res, voire de suspendre le r\u00e9seau social sur son sol.\n<\/p>\n<p>\n Selon les autorit\u00e9s de r\u00e9gulation nationales de Malaisie, les mesures prises par X pour emp\u00eacher Grok de g\u00e9n\u00e9rer des images ind\u00e9centes \u00ab\u00a0n&rsquo;avaient pas \u00e9t\u00e9 mises en \u0153uvre dans leur totalit\u00e9\u00a0\u00bb jeudi.\n<\/p>\n<p>\n Comme depuis le 9 janvier, la g\u00e9n\u00e9ration d&rsquo;images avec Grok, l&rsquo;assistant IA d\u00e9velopp\u00e9 par xAI, reste limit\u00e9e aux abonn\u00e9s payants, confirme X.\n<\/p>\n<p>\n D\u00e9but janvier, la plateforme avait affirm\u00e9 \u00ab\u00a0prendre des mesures contre les contenus ill\u00e9gaux (&#8230;) en les supprimant, en suspendant d\u00e9finitivement les comptes et en collaborant avec les autorit\u00e9s locales\u00a0\u00bb.\n<\/p>\n<p>\n Mais elle \u00e9tait rest\u00e9e silencieuse ensuite malgr\u00e9 la multiplication des protestations et menaces de sanctions officielles.\n<\/p>\n<p>\n Certains utilisateurs se sont servis de Grok pour poster sur X ou r\u00e9pondre \u00e0 des messages contenant des photos de femmes, les accompagnant d&rsquo;une instruction comme \u00ab\u00a0Mets-la en bikini\u00a0\u00bb pour g\u00e9n\u00e9rer un montage hyper-r\u00e9aliste (\u00ab\u00a0deepfake\u00a0\u00bb).\n<\/p>\n<p> &#8211; Enqu\u00eate californienne &#8211;<\/p>\n<p>\n Selon une analyse la semaine derni\u00e8re de l&rsquo;ONG AI Forensics, r\u00e9alis\u00e9e sur plus de 20.000 images g\u00e9n\u00e9r\u00e9es par Grok, plus de la moiti\u00e9 repr\u00e9sentaient des personnes l\u00e9g\u00e8rement v\u00eatues, dont 81% \u00e9taient des femmes et 2% paraissaient mineures.\n<\/p>\n<p>\n Le scandale a conduit \u00e0 la suspension de Grok en Indon\u00e9sie et en Malaisie ce week-end. L&rsquo;Inde a affirm\u00e9 avoir fait retirer des milliers de contenus sur X et plusieurs proc\u00e9dures judiciaires ou administratives ont \u00e9t\u00e9 ouvertes dans le monde, notamment en France.\n<\/p>\n<p>\n Le procureur g\u00e9n\u00e9ral de Californie a annonc\u00e9 mercredi lancer sa propre enqu\u00eate \u00ab\u00a0afin de d\u00e9terminer si, et comment, xAI a viol\u00e9 la loi\u00a0\u00bb.\n<\/p>\n<p>\n \u00ab\u00a0J&rsquo;exhorte xAI \u00e0 prendre des mesures imm\u00e9diates pour que cela ne se reproduise plus\u00a0\u00bb, a d\u00e9clar\u00e9 le procureur Rob Bonta, un \u00e9lu d\u00e9mocrate hostile aux vell\u00e9it\u00e9s de l&rsquo;administration Trump d&#8217;emp\u00eacher la r\u00e9gulation de l&rsquo;IA.\n<\/p>\n<p>\n Le procureur, qui brigue sa r\u00e9\u00e9lection en novembre pour un second mandat, d\u00e9fend \u00ab\u00a0une tol\u00e9rance z\u00e9ro pour la cr\u00e9ation et la diffusion par l&rsquo;IA d&rsquo;images intimes non consenties ou de mat\u00e9riel p\u00e9dopornographique\u00a0\u00bb.\n<\/p>\n<p>\n Elon Musk, qui s&rsquo;exprime tous les jours sur X, d\u00e9nonce r\u00e9guli\u00e8rement les mesures de r\u00e9gulation des gouvernements, qui veulent \u00ab\u00a0supprimer la libert\u00e9 d&rsquo;expression\u00a0\u00bb. \u00ab\u00a0Le principe de fonctionnement de Grok est de respecter les lois de chaque pays et chaque Etat\u00a0\u00bb, a-t-il assur\u00e9 mercredi.\n<\/p>\n<p>\n \u00ab\u00a0La libert\u00e9 d&rsquo;expression n&rsquo;est pas la libert\u00e9 de bafouer la notion de consentement. Les images de jeunes femmes ne sont pas un bien public, et leur s\u00e9curit\u00e9 n&rsquo;est pas n\u00e9gociable\u00a0\u00bb, a r\u00e9pondu jeudi sur X le Premier ministre britannique.\n<\/p>\n<p>\n De leur c\u00f4t\u00e9, 28 ONG ont sign\u00e9 mercredi l&rsquo;appel de l&rsquo;association f\u00e9ministe Ultraviolet pour que Google et<br \/>\n <a href=\"https:\/\/www.boursorama.com\/cours\/AAPL\/\" target=\"_blank\" rel=\"noopener\"><br \/>\n  Apple<br \/>\n <\/a><br \/>\n retirent Grok et X de leurs boutiques d&rsquo;applications.<\/p>\n","protected":false},"excerpt":{"rendered":"Ecrans affichant le logo de Grok, un chatbot d&rsquo;IA g\u00e9n\u00e9rative d\u00e9velopp\u00e9 par la soci\u00e9t\u00e9 am\u00e9ricaine xAI, et son&hellip;\n","protected":false},"author":2,"featured_media":665883,"comment_status":"","ping_status":"","sticky":false,"template":"","format":"standard","meta":{"footnotes":""},"categories":[6],"tags":[400,398,408,35,405,33,34,1011,27,403,402,399,404,401,406,407],"class_list":{"0":"post-665882","1":"post","2":"type-post","3":"status-publish","4":"format-standard","5":"has-post-thumbnail","7":"category-economie","8":"tag-action-cac-40","9":"tag-bourse-de-paris","10":"tag-boursorama","11":"tag-business","12":"tag-cotations","13":"tag-economie","14":"tag-economy","15":"tag-fr","16":"tag-france","17":"tag-indices-devises","18":"tag-investir","19":"tag-investissement","20":"tag-marche-boursier","21":"tag-sicav","22":"tag-trackers","23":"tag-warrants"},"share_on_mastodon":{"url":"https:\/\/pubeurope.com\/@fr\/115900443801542154","error":""},"_links":{"self":[{"href":"https:\/\/www.europesays.com\/fr\/wp-json\/wp\/v2\/posts\/665882","targetHints":{"allow":["GET"]}}],"collection":[{"href":"https:\/\/www.europesays.com\/fr\/wp-json\/wp\/v2\/posts"}],"about":[{"href":"https:\/\/www.europesays.com\/fr\/wp-json\/wp\/v2\/types\/post"}],"author":[{"embeddable":true,"href":"https:\/\/www.europesays.com\/fr\/wp-json\/wp\/v2\/users\/2"}],"replies":[{"embeddable":true,"href":"https:\/\/www.europesays.com\/fr\/wp-json\/wp\/v2\/comments?post=665882"}],"version-history":[{"count":0,"href":"https:\/\/www.europesays.com\/fr\/wp-json\/wp\/v2\/posts\/665882\/revisions"}],"wp:featuredmedia":[{"embeddable":true,"href":"https:\/\/www.europesays.com\/fr\/wp-json\/wp\/v2\/media\/665883"}],"wp:attachment":[{"href":"https:\/\/www.europesays.com\/fr\/wp-json\/wp\/v2\/media?parent=665882"}],"wp:term":[{"taxonomy":"category","embeddable":true,"href":"https:\/\/www.europesays.com\/fr\/wp-json\/wp\/v2\/categories?post=665882"},{"taxonomy":"post_tag","embeddable":true,"href":"https:\/\/www.europesays.com\/fr\/wp-json\/wp\/v2\/tags?post=665882"}],"curies":[{"name":"wp","href":"https:\/\/api.w.org\/{rel}","templated":true}]}}