{"id":665884,"date":"2026-01-15T18:06:12","date_gmt":"2026-01-15T18:06:12","guid":{"rendered":"https:\/\/www.europesays.com\/fr\/665884\/"},"modified":"2026-01-15T18:06:12","modified_gmt":"2026-01-15T18:06:12","slug":"trump-recoit-maria-corina-machado-opposante-venezuelienne-et-prix-nobel-de-la-paix-actualites","status":"publish","type":"post","link":"https:\/\/www.europesays.com\/fr\/665884\/","title":{"rendered":"Trump re\u00e7oit Maria Corina Machado, opposante v\u00e9n\u00e9zu\u00e9lienne et prix Nobel de la paix : Actualit\u00e9s"},"content":{"rendered":"<p class=\"lead \">L&rsquo;opposante v\u00e9n\u00e9zu\u00e9lienne et laur\u00e9ate du prix Nobel de la paix Maria Corina Machado est arriv\u00e9e jeudi \u00e0 la Maison Blanche pour un d\u00e9jeuner avec Donald Trump, qui l&rsquo;a \u00e9cart\u00e9e de sa strat\u00e9gie au Venezuela et qui ne dig\u00e8re pas de ne pas avoir \u00e9t\u00e9 distingu\u00e9 l&rsquo;an dernier par le comit\u00e9 Nobel.<\/p>\n<p class=\"lead \">Elle a \u00e9t\u00e9 aper\u00e7ue peu apr\u00e8s 12h00 locale (17h00 GMT) par un photographe de l&rsquo;AFP.<\/p>\n<p class=\"lead \">Son d\u00e9jeuner avec le pr\u00e9sident am\u00e9ricain doit se d\u00e9rouler \u00e0 l&rsquo;\u00e9cart de la presse, selon l&rsquo;agenda officiel de ce dernier.<\/p>\n<p class=\"lead \">Sa venue \u00e0 la Maison Blanche intervient au lendemain d&rsquo;une \u00ab\u00a0longue conversation\u00a0\u00bb du pr\u00e9sident am\u00e9ricain avec la pr\u00e9sidente par int\u00e9rim du pays d&rsquo;Am\u00e9rique latine, Delcy Rodriguez, confirmant l&rsquo;intention am\u00e9ricaine de traiter jusqu&rsquo;\u00e0 nouvel ordre avec l&rsquo;\u00e9quipe dirigeante rest\u00e9e en place \u00e0 Caracas apr\u00e8s la capture du pr\u00e9sident Nicolas Maduro par les forces sp\u00e9ciales am\u00e9ricaines.<\/p>\n<p class=\"lead \">Il n&rsquo;a eu que des \u00e9loges pour l&rsquo;ancienne vice-pr\u00e9sidente du dirigeant d\u00e9chu, une \u00ab\u00a0personne formidable\u00a0\u00bb, assurant pendant un \u00e9change avec la presse qu&rsquo;il \u00ab\u00a0travaillait tr\u00e8s bien\u00a0\u00bb avec les autorit\u00e9s v\u00e9n\u00e9zu\u00e9liennes.<\/p>\n<p class=\"lead \">Delcy Rodriguez a parl\u00e9 d&rsquo;un entretien \u00ab\u00a0productif et courtois\u00a0\u00bb.<\/p>\n<p class=\"lead \">Tout cela n&#8217;emp\u00eache pas Washington de maintenir la pression sur Caracas: les forces am\u00e9ricaines ont saisi jeudi matin un nouveau p\u00e9trolier sous sanctions dans les Cara\u00efbes, le sixi\u00e8me en quelques semaines.<\/p>\n<p class=\"lead \">&#8211; Vente de p\u00e9trole &#8211;<\/p>\n<p class=\"lead \">Les Etats-Unis ont par ailleurs finalis\u00e9 une vente de p\u00e9trole v\u00e9n\u00e9zu\u00e9lien, la premi\u00e8re depuis leur reprise en main du secteur, pour un montant de 500 millions de dollars.<\/p>\n<p class=\"lead \">S&rsquo;il ne montre pour l&rsquo;instant aucune vell\u00e9it\u00e9 de soutenir l&rsquo;opposition v\u00e9n\u00e9zu\u00e9lienne ni d&rsquo;organiser des \u00e9lections dans ce pays, Donald Trump avait assur\u00e9 \u00e0 la cha\u00eene Fox News \u00eatre \u00ab\u00a0impatient\u00a0\u00bb de voir Maria Corina Machado.<\/p>\n<p class=\"lead \">Interrog\u00e9 lors de cet entretien sur la possibilit\u00e9 que l&rsquo;opposante v\u00e9n\u00e9zu\u00e9lienne lui c\u00e8de son prix Nobel, il avait r\u00e9pondu: \u00ab\u00a0J&rsquo;ai entendu qu&rsquo;elle voulait faire \u00e7a. Ce serait un grand honneur\u00a0\u00bb.<\/p>\n<p class=\"lead \">L&rsquo;Institut Nobel a indiqu\u00e9 qu&rsquo;il \u00e9tait absolument impossible de transf\u00e9rer, partager ou r\u00e9voquer un prix Nobel une fois qu&rsquo;il a \u00e9t\u00e9 attribu\u00e9.<\/p>\n<p class=\"lead \">Si cela s&rsquo;applique \u00e0 la distinction elle-m\u00eame dans sa dimension immat\u00e9rielle, dont le ou les laur\u00e9ats ne peuvent pas \u00eatre modifi\u00e9s a posteriori, Maria Corina Machado peut en th\u00e9orie disposer comme elle l&rsquo;entend notamment du dipl\u00f4me et de la m\u00e9daille qu&rsquo;elle a re\u00e7us.<\/p>\n<p class=\"lead \">&#8211; Partenariat \u00ab\u00a0spectaculaire\u00a0\u00bb &#8211;<\/p>\n<p class=\"lead \">Peu apr\u00e8s la capture de Nicolas Maduro, d\u00e9sormais d\u00e9tenu aux Etats-Unis, Donald Trump avait estim\u00e9 que Mme Machado, qui avait quitt\u00e9 clandestinement le Venezuela en d\u00e9cembre pour recevoir le Nobel, n&rsquo;\u00e9tait pas qualifi\u00e9e pour diriger le pays.<\/p>\n<p class=\"lead \">Le pr\u00e9sident am\u00e9ricain entend dicter toute d\u00e9cision prise par Caracas, notamment en mati\u00e8re p\u00e9troli\u00e8re, jusqu&rsquo;\u00e0 nouvel ordre.<\/p>\n<p class=\"lead \">\u00ab\u00a0Ce partenariat entre les Etats-Unis et le Venezuela sera spectaculaire pour tous\u00a0\u00bb, a encore assur\u00e9 Donald Trump mercredi sur son r\u00e9seau Truth Social.<\/p>\n<p class=\"lead \">Pour arriver \u00e0 ses fins, il lui faudra toutefois convaincre les multinationales p\u00e9troli\u00e8res, dont certaines sont prudentes voire franchement r\u00e9ticentes, d&rsquo;investir massivement dans les infrastructures au Venezuela.<\/p>\n<p class=\"lead \">La Maison Blanche assure par ailleurs que la pression am\u00e9ricaine a \u00e9t\u00e9 d\u00e9terminante pour les lib\u00e9rations de prisonniers d\u00e9cid\u00e9es par Caracas, m\u00eame si Mme Rodriguez souligne qu&rsquo;il s&rsquo;agissait d&rsquo;un processus entam\u00e9 par le pr\u00e9sident d\u00e9chu Nicolas Maduro avant sa capture.<\/p>\n<p class=\"lead \">Nuan\u00e7ant depuis le d\u00e9but du processus les chiffres officiels bien plus \u00e9lev\u00e9s, l&rsquo;ONG Foro Penal a recens\u00e9 72 lib\u00e9rations, alors que proches et ONG parlent de lib\u00e9rations au compte-gouttes.<\/p>\n<p class=\"lead \">Des ONG consid\u00e8rent que plus de 800 prisonniers politiques croupissent dans les ge\u00f4les du pays.<\/p>\n<p class=\"small font-weight-bold text-gray3 \"> publi\u00e9 le 15 janvier \u00e0 18h52, AFP<\/p>\n<p>                             Partager<\/p>\n","protected":false},"excerpt":{"rendered":"L&rsquo;opposante v\u00e9n\u00e9zu\u00e9lienne et laur\u00e9ate du prix Nobel de la paix Maria Corina Machado est arriv\u00e9e jeudi \u00e0 la&hellip;\n","protected":false},"author":2,"featured_media":665885,"comment_status":"","ping_status":"","sticky":false,"template":"","format":"standard","meta":{"footnotes":""},"categories":[5],"tags":[14427,11,312,1011,27,843,14,12,18472,8131,308,337,28],"class_list":{"0":"post-665884","1":"post","2":"type-post","3":"status-publish","4":"format-standard","5":"has-post-thumbnail","7":"category-international","8":"tag-nergie","9":"tag-actualites","10":"tag-diplomatie","11":"tag-fr","12":"tag-france","13":"tag-gaz","14":"tag-international","15":"tag-news","16":"tag-ptrole","17":"tag-production","18":"tag-usa","19":"tag-venezuela","20":"tag-world"},"share_on_mastodon":{"url":"https:\/\/pubeurope.com\/@fr\/115900447740272271","error":""},"_links":{"self":[{"href":"https:\/\/www.europesays.com\/fr\/wp-json\/wp\/v2\/posts\/665884","targetHints":{"allow":["GET"]}}],"collection":[{"href":"https:\/\/www.europesays.com\/fr\/wp-json\/wp\/v2\/posts"}],"about":[{"href":"https:\/\/www.europesays.com\/fr\/wp-json\/wp\/v2\/types\/post"}],"author":[{"embeddable":true,"href":"https:\/\/www.europesays.com\/fr\/wp-json\/wp\/v2\/users\/2"}],"replies":[{"embeddable":true,"href":"https:\/\/www.europesays.com\/fr\/wp-json\/wp\/v2\/comments?post=665884"}],"version-history":[{"count":0,"href":"https:\/\/www.europesays.com\/fr\/wp-json\/wp\/v2\/posts\/665884\/revisions"}],"wp:featuredmedia":[{"embeddable":true,"href":"https:\/\/www.europesays.com\/fr\/wp-json\/wp\/v2\/media\/665885"}],"wp:attachment":[{"href":"https:\/\/www.europesays.com\/fr\/wp-json\/wp\/v2\/media?parent=665884"}],"wp:term":[{"taxonomy":"category","embeddable":true,"href":"https:\/\/www.europesays.com\/fr\/wp-json\/wp\/v2\/categories?post=665884"},{"taxonomy":"post_tag","embeddable":true,"href":"https:\/\/www.europesays.com\/fr\/wp-json\/wp\/v2\/tags?post=665884"}],"curies":[{"name":"wp","href":"https:\/\/api.w.org\/{rel}","templated":true}]}}