{"id":665909,"date":"2026-01-15T18:20:13","date_gmt":"2026-01-15T18:20:13","guid":{"rendered":"https:\/\/www.europesays.com\/fr\/665909\/"},"modified":"2026-01-15T18:20:13","modified_gmt":"2026-01-15T18:20:13","slug":"sanctuarisation-du-budget-fin-des-appels-a-projets-ce-que-proposent-les-candidats","status":"publish","type":"post","link":"https:\/\/www.europesays.com\/fr\/665909\/","title":{"rendered":"sanctuarisation du budget, fin des appels \u00e0 projets&#8230; ce que proposent les candidats"},"content":{"rendered":"<p>Une affluence digne des plus grandes soir\u00e9es musicales de l\u2019Amp\u00e9rage. Sauf que sur sc\u00e8ne, le public avait face \u00e0 lui <a href=\"https:\/\/www.ledauphine.com\/d\/elections-municipales-a-grenoble-qui-pour-diriger-la-capitale-des-alpes-b680a716-7cd1-44d5-beea-9e6d1132b539\" target=\"_blank\" rel=\"noopener\">huit candidats aux municipales \u00e0 Grenoble <\/a>(1). Tous \u00e9taient venus parler de la culture, un th\u00e8me souvent absent des campagnes \u00e9lectorales mais que le r\u00e9seau de salles de musiques actuelles, Tempo, avait bien l\u2019intention de mettre en avant, comme il l\u2019avait fait en\u00a02014 et\u00a02020.<\/p>\n<p>Plus de trois heures de d\u00e9bat autour du budget, des \u00e9quipements, de la vie nocturne, de l\u2019action culturelle et de la libert\u00e9 de cr\u00e9ation. Avec d\u2019embl\u00e9e un point commun \u00e0 tous les candidats\u00a0: la sanctuarisation du budget de la culture. La Ville consacre actuellement 10\u00a0% de ses d\u00e9penses \u00e0 la&#8230;<\/p>\n","protected":false},"excerpt":{"rendered":"Une affluence digne des plus grandes soir\u00e9es musicales de l\u2019Amp\u00e9rage. Sauf que sur sc\u00e8ne, le public avait face&hellip;\n","protected":false},"author":2,"featured_media":665910,"comment_status":"","ping_status":"","sticky":false,"template":"","format":"standard","meta":{"footnotes":""},"categories":[9566],"tags":[1111,11,2430,1687,112,4188,1777,674,1011,27,2731,2732,3540,108,2338,3539,6319,2759,873,12,8387,3541,316,3370,25],"class_list":{"0":"post-665909","1":"post","2":"type-post","3":"status-publish","4":"format-standard","5":"has-post-thumbnail","7":"category-grenoble","8":"tag-actu","9":"tag-actualites","10":"tag-auvergne-rhone-alpes","11":"tag-culture-loisirs","12":"tag-edition-grenoble-agglomeration","13":"tag-elections-municipales","14":"tag-eu","15":"tag-europe","16":"tag-fr","17":"tag-france","18":"tag-grenoble","19":"tag-grenoble-bassin","20":"tag-horizons","21":"tag-isere","22":"tag-la-france-insoumise","23":"tag-les-ecologistes","24":"tag-les-republicains","25":"tag-modem","26":"tag-musique","27":"tag-news","28":"tag-parti-communiste","29":"tag-parti-socialiste","30":"tag-politique","31":"tag-renaissance","32":"tag-republique-francaise"},"share_on_mastodon":{"url":"https:\/\/pubeurope.com\/@fr\/115900502772713172","error":""},"_links":{"self":[{"href":"https:\/\/www.europesays.com\/fr\/wp-json\/wp\/v2\/posts\/665909","targetHints":{"allow":["GET"]}}],"collection":[{"href":"https:\/\/www.europesays.com\/fr\/wp-json\/wp\/v2\/posts"}],"about":[{"href":"https:\/\/www.europesays.com\/fr\/wp-json\/wp\/v2\/types\/post"}],"author":[{"embeddable":true,"href":"https:\/\/www.europesays.com\/fr\/wp-json\/wp\/v2\/users\/2"}],"replies":[{"embeddable":true,"href":"https:\/\/www.europesays.com\/fr\/wp-json\/wp\/v2\/comments?post=665909"}],"version-history":[{"count":0,"href":"https:\/\/www.europesays.com\/fr\/wp-json\/wp\/v2\/posts\/665909\/revisions"}],"wp:featuredmedia":[{"embeddable":true,"href":"https:\/\/www.europesays.com\/fr\/wp-json\/wp\/v2\/media\/665910"}],"wp:attachment":[{"href":"https:\/\/www.europesays.com\/fr\/wp-json\/wp\/v2\/media?parent=665909"}],"wp:term":[{"taxonomy":"category","embeddable":true,"href":"https:\/\/www.europesays.com\/fr\/wp-json\/wp\/v2\/categories?post=665909"},{"taxonomy":"post_tag","embeddable":true,"href":"https:\/\/www.europesays.com\/fr\/wp-json\/wp\/v2\/tags?post=665909"}],"curies":[{"name":"wp","href":"https:\/\/api.w.org\/{rel}","templated":true}]}}