{"id":665915,"date":"2026-01-15T18:23:11","date_gmt":"2026-01-15T18:23:11","guid":{"rendered":"https:\/\/www.europesays.com\/fr\/665915\/"},"modified":"2026-01-15T18:23:11","modified_gmt":"2026-01-15T18:23:11","slug":"un-grand-oral-et-de-belles-promesses-pour-cinq-candidats-a-strasbourg","status":"publish","type":"post","link":"https:\/\/www.europesays.com\/fr\/665915\/","title":{"rendered":"un grand oral et de belles promesses pour cinq candidats \u00e0 Strasbourg"},"content":{"rendered":"<p>Elle se pr\u00e9sente comme la vigie \u00ab\u00a0apolitique\u00a0\u00bb du patrimoine \u00e0 Strasbourg. L\u2019association Les Amis du Vieux-Strasbourg (AVS) s\u2019est \u00ab\u00a0cr\u00e9\u00e9e il y a 70 ans en opposition au projet du pr\u00e9fet de l\u2019\u00e9poque de\u2026 d\u00e9truire le palais du Rhin, aujourd\u2019hui class\u00e9 aux monuments historiques, dans un quartier class\u00e9 au patrimoine mondial de l\u2019Unesco\u00a0\u00bb, a rappel\u00e9 son pr\u00e9sident Olivier Ohresser, en guise d\u2019introduction au grand oral des candidats aux municipales. Depuis, la flamme de ce premier combat \u00e9pique n\u2019a jamais vacill\u00e9 aupr\u00e8s de ces amoureux de leur ville et de ceux qui leur ont succ\u00e9d\u00e9.<\/p>\n<p>Lorsque les AVS ont propos\u00e9 aux six t\u00eates de liste \u2013 \u00ab\u00a0arriv\u00e9es en t\u00eate lors des deux <a href=\"https:\/\/www.dna.fr\/elections\/2025\/12\/09\/nouveau-sondage-trautmann-encore-plus-haut-vetter-et-barseghian-baissent-jakubowicz-revient\" target=\"_blank\" rel=\"noopener\">premiers sondages pour les municipales<\/a> \u00a0\u00bb, dixit Olivier Ohresser \u2013 de venir d\u00e9fendre leur conception du patrimoine et de l\u2019urbanisme, seule la chaise de la candidate du RN, <a href=\"https:\/\/www.dna.fr\/p\/virginie-joron\" target=\"_blank\" rel=\"noopener\">Virginie Joron<\/a>, est rest\u00e9e vide. Quatre t\u00eates de listes ont r\u00e9pondu \u00e0 l\u2019appel\u00a0: <a href=\"https:\/\/www.dna.fr\/p\/jean-philippe-vetter\" target=\"_blank\" rel=\"noopener\">Jean-Philippe Vetter<\/a> (LR), <a href=\"https:\/\/www.dna.fr\/p\/pierre-jakubowicz\" target=\"_blank\" rel=\"noopener\">Pierre Jakubowicz<\/a> (Horizons-Renaissance), <a href=\"https:\/\/www.dna.fr\/p\/florian-kobryn\" target=\"_blank\" rel=\"noopener\">Florian&#8230;<\/a><\/p>\n","protected":false},"excerpt":{"rendered":"Elle se pr\u00e9sente comme la vigie \u00ab\u00a0apolitique\u00a0\u00bb du patrimoine \u00e0 Strasbourg. L\u2019association Les Amis du Vieux-Strasbourg (AVS) s\u2019est&hellip;\n","protected":false},"author":2,"featured_media":665916,"comment_status":"","ping_status":"","sticky":false,"template":"","format":"standard","meta":{"footnotes":""},"categories":[2820],"tags":[1111,11,1687,2880,5949,4188,1777,674,107,1011,27,775,12,2661,316,25,104,640,2879,1631],"class_list":{"0":"post-665915","1":"post","2":"type-post","3":"status-publish","4":"format-standard","5":"has-post-thumbnail","7":"category-strasbourg","8":"tag-actu","9":"tag-actualites","10":"tag-culture-loisirs","11":"tag-edition-strasbourg","12":"tag-elections","13":"tag-elections-municipales","14":"tag-eu","15":"tag-europe","16":"tag-fil-info","17":"tag-fr","18":"tag-france","19":"tag-grand-est","20":"tag-news","21":"tag-patrimoine-culturel","22":"tag-politique","23":"tag-republique-francaise","24":"tag-societe","25":"tag-strasbourg","26":"tag-strasbourg-ville","27":"tag-vie-associative"},"share_on_mastodon":{"url":"https:\/\/pubeurope.com\/@fr\/115900514623115227","error":""},"_links":{"self":[{"href":"https:\/\/www.europesays.com\/fr\/wp-json\/wp\/v2\/posts\/665915","targetHints":{"allow":["GET"]}}],"collection":[{"href":"https:\/\/www.europesays.com\/fr\/wp-json\/wp\/v2\/posts"}],"about":[{"href":"https:\/\/www.europesays.com\/fr\/wp-json\/wp\/v2\/types\/post"}],"author":[{"embeddable":true,"href":"https:\/\/www.europesays.com\/fr\/wp-json\/wp\/v2\/users\/2"}],"replies":[{"embeddable":true,"href":"https:\/\/www.europesays.com\/fr\/wp-json\/wp\/v2\/comments?post=665915"}],"version-history":[{"count":0,"href":"https:\/\/www.europesays.com\/fr\/wp-json\/wp\/v2\/posts\/665915\/revisions"}],"wp:featuredmedia":[{"embeddable":true,"href":"https:\/\/www.europesays.com\/fr\/wp-json\/wp\/v2\/media\/665916"}],"wp:attachment":[{"href":"https:\/\/www.europesays.com\/fr\/wp-json\/wp\/v2\/media?parent=665915"}],"wp:term":[{"taxonomy":"category","embeddable":true,"href":"https:\/\/www.europesays.com\/fr\/wp-json\/wp\/v2\/categories?post=665915"},{"taxonomy":"post_tag","embeddable":true,"href":"https:\/\/www.europesays.com\/fr\/wp-json\/wp\/v2\/tags?post=665915"}],"curies":[{"name":"wp","href":"https:\/\/api.w.org\/{rel}","templated":true}]}}