{"id":665917,"date":"2026-01-15T18:24:23","date_gmt":"2026-01-15T18:24:23","guid":{"rendered":"https:\/\/www.europesays.com\/fr\/665917\/"},"modified":"2026-01-15T18:24:23","modified_gmt":"2026-01-15T18:24:23","slug":"strasbourg-la-librairie-kleber-rouvre-dans-ses-nouveaux-locaux-apres-un-demenagement-marathon","status":"publish","type":"post","link":"https:\/\/www.europesays.com\/fr\/665917\/","title":{"rendered":"Strasbourg. La librairie Kl\u00e9ber rouvre dans ses nouveaux locaux apr\u00e8s un d\u00e9m\u00e9nagement marathon"},"content":{"rendered":"<p>Les livres ont voyag\u00e9 presque aussi vite que les clients sont revenus\u00a0: en quelques heures \u00e0 \u201cKl\u00e9ber \u00c9ph\u00e9m\u00e8re\u201d les usagers ont repris leurs marques au milieu des derniers best-sellers et prix litt\u00e9raires.\u00a0Dans son emplacement provisoire du 30, rue du Vingt-Deux-Novembre, la libraire Kl\u00e9ber a rouvert ses portes apr\u00e8s quinze jours de fermeture d\u00e9di\u00e9s \u00e0 un inventaire puis au <a href=\"https:\/\/www.dna.fr\/culture-loisirs\/2025\/11\/06\/la-librairie-kleber-dans-les-anciens-locaux-de-boulanger-a-partir-le-15-janvier\" target=\"_blank\" rel=\"noopener\">d\u00e9m\u00e9nagement<\/a>.\u00a0Pour cette premi\u00e8re journ\u00e9e hors les murs, ceux qui fuyaient les rayonnages parfois jug\u00e9s exigus ont pu d\u00e9couvrir ce jeudi 15\u00a0janvier des rayonnages espac\u00e9s, une d\u00e9ambulation facilit\u00e9e sous une luminosit\u00e9 remarquable.\u00a0La librairie en a profit\u00e9 pour revoir la r\u00e9organisation de ses 190\u00a0000 ouvrages disponibles en rayons. \u00ab\u00a0Ils sont tous l\u00e0\u00a0!\u00a0\u00bb, souffle Mathilde Guiraud, directrice de la librairie, refermant le chapitre d\u2019un d\u00e9m\u00e9nagement marathon de cinq jours, entam\u00e9 sans rature le 6\u00a0janvier. Le 13 au soir, la commission de s\u00e9curit\u00e9 a donn\u00e9 son feu vert \u00e0 l\u2019ouverture.<\/p>\n<p>Apr\u00e8s la salve des livraisons matinales (entre 1 et 3 tonnes d\u2019ouvrages livr\u00e9s chaque jour\u00a0!), Kl\u00e9ber \u00c9ph\u00e9m\u00e8re a ouvert \u00e0 ses premiers clients qui attendaient devant les rideaux \u00e0 9 heures tapantes. \u00ab\u00a0Ce matin on s\u2019est retrouv\u00e9 pendant 15 minutes avec les \u00e9quipes (49 salari\u00e9s au total, ndlr) au pied de l\u2019escalier avant d\u2019ouvrir, je leur ai dit voil\u00e0 cette librairie ne nous appartient plus, elle est maintenant aux Strasbourgeois et aux lecteurs. Maintenant on retrouve notre rythme habituel\u00a0\u00bb, raconte Mathilde Guiraud, la directrice de l\u2019\u00e9tablissement. Les dix premiers d\u2019entre eux ont eu la chance d\u2018\u00eatre r\u00e9compens\u00e9s par un tote-bag garni de cadeaux, accueillis sous une haie d\u2019honneur des salari\u00e9s.<\/p>\n<p>  Une organisation qui pr\u00e9figure la librairie r\u00e9nov\u00e9e<\/p>\n<p>Sur une surface similaire \u00e0 l\u2019emplacement d\u2019origine, d\u2019environ 1\u00a0300 m2 , ils ont \u00e9t\u00e9 parmi les premiers \u00e0 d\u00e9couvrir un large rez-de-chauss\u00e9e consacr\u00e9 \u00e0 toutes les litt\u00e9ratures, compl\u00e9t\u00e9es, et c\u2019est nouveau, par les ouvrages SF et Fantasy. La section BD-Jeunesse et scolaires gagne d\u00e9sormais le second et dernier \u00e9tage. Quant au premier \u00e9tage, il accueille la th\u00e9matique soci\u00e9t\u00e9-histoire-vie pratique-alsatique ainsi que le retrait des commandes en ligne (le site de la librairie a lui aussi rouvert ses portes num\u00e9riques par la m\u00eame occasion). C\u2019est \u00e0 cet \u00e9tage \u00e9galement qu\u2019auront lieu les rencontres avec les \u00e9crivains dans l\u2019espace \u201cPic Pic\u201d garni de larges canap\u00e9s. M\u00eame si la premi\u00e8re avec <a href=\"https:\/\/www.dna.fr\/culture-loisirs\/2026\/01\/08\/rencontre-avec-augustin-trapenard-pour-droit-dans-les-yeux-et-la-grande-librairie\" target=\"_blank\" rel=\"noopener\">Augustin Trapenard<\/a> , \u00ab\u00a0le parrain des libraires\u00a0\u00bb, sourit Mathilde Guiraud, aura lieu au cin\u00e9ma Cosmos vendredi (complet). \u00ab\u00a0Cette r\u00e9organisation refl\u00e8te ce que sera la librairie Kl\u00e9ber \u00e0 terme quand nous regagnerons nos locaux historiques\u00a0\u00bb, pr\u00e9cise la directrice des lieux.<\/p>\n<p>Les plus attentifs remarqueront qu\u2019une partie du mobilier de la librairie a fait le voyage\u00a0: 110 tables-pr\u00e9sentoirs garnissent les all\u00e9es. \u00ab\u00a0220 biblioth\u00e8ques ont \u00e9t\u00e9 confectionn\u00e9es sp\u00e9cialement \u00e0 partir de bois de r\u00e9cup\u00e9ration\u00a0\u00bb, ajoute-t-elle. Toutes d\u00e9j\u00e0 bien garnies. \u00ab\u00a0En janvier, il y a aussi une rentr\u00e9e litt\u00e9raire, moins connue que celle de septembre\u00a0\u00bb, explique Alexis Scheppler devant la t\u00eate de gondole o\u00f9 les couvertures des derniers Pierre Lema\u00eetre, Delphine de Vigan et B\u00e9gaudeau se disputent le meilleur emplacement.<\/p>\n<p>Ce contenu est bloqu\u00e9 car vous n&rsquo;avez pas accept\u00e9 les cookies et autres traceurs.<\/p>\n<p>En cliquant sur \u00ab J\u2019accepte \u00bb, les cookies et autres traceurs seront d\u00e9pos\u00e9s et vous pourrez visualiser les contenus  (<a href=\"\" class=\"consentModule_policy\" target=\"_blank\" title=\"Consulter la politique de protection des donn\u00e9es du fournisseur\">plus d&rsquo;informations<\/a>).<\/p>\n<p>En cliquant sur \u00ab J\u2019accepte tous les cookies \u00bb, vous autorisez des d\u00e9p\u00f4ts de cookies et autres traceurs pour le stockage de vos donn\u00e9es sur nos sites et applications \u00e0 des fins de personnalisation et de ciblage publicitaire.<\/p>\n<p class=\"consentModule_secondaryText\">Vous gardez la possibilit\u00e9 de retirer votre consentement \u00e0 tout moment en consultant notre <a href=\"https:\/\/www.dna.fr\/protection-des-donnees\" target=\"_blank\" title=\"Consulter notre politique de protection des donn\u00e9es\" rel=\"noopener\">politique de protection des donn\u00e9es<\/a>. <br \/>&#13;<br \/>\n            <a href=\"https:\/\/www.dna.fr\/culture-loisirs\/2026\/01\/15\/javascript:Didomi.notice.show()\" class=\"consentModule_cmp\" target=\"_blank\" rel=\"noopener\">G\u00e9rer mes choix<\/a>&#13;\n        <\/p>\n<p>&#13;<br \/>\n                        J&rsquo;accepte&#13;<br \/>\n            J&rsquo;accepte tous les cookies&#13;\n        <\/p>\n<p>Les usagers b\u00e9n\u00e9ficient d\u2019ascenseurs qui distribuent chaque \u00e9tage, ce qui ne d\u00e9pla\u00eet pas \u00e0 Samuel Redelsperger, \u00e9crivain trentenaire strasbourgeois, qui se d\u00e9place en fauteuil roulant\u00a0: \u00ab\u00a0Je viens r\u00e9guli\u00e8rement pour effectuer des recherches pour alimenter mon travail d\u2019\u00e9criture. Dans l\u2019ancien local c\u2019\u00e9tait exigu, m\u00eame si j\u2019arrivais \u00e0 passer. L\u00e0 j\u2019appr\u00e9cie l\u2019espace, m\u00eame si je trouve qu\u2019ils ont r\u00e9ussi \u00e0 conserver le c\u00f4t\u00e9 \u201cintime\u201d de l\u2019ancienne librairie\u00a0\u00bb.<\/p>\n<p>Un peu \u00e9tage plus bas, un vendeur d\u2019une librairie concurrente passe prendre connaissance de la nouvelle implantation\u00a0: \u00ab\u00a0C\u2019est top\u00a0!\u00a0\u00bb, s\u2019exclame-t-il.\u00a0Mais pour Charles et Fr\u00e9d\u00e9ric, des habitu\u00e9s qui engloutissent entre 15 et 20\u00a0livres par mois, d\u00e9couvrir les nouveaux locaux n\u2019est pas le plus important\u00a0: \u00ab\u00a0Ce qui compte surtout, c\u2019est ce qu\u2019il y a dans les rayons\u00a0\u00bb, sourit le couple de lecteurs.<\/p>\n","protected":false},"excerpt":{"rendered":"Les livres ont voyag\u00e9 presque aussi vite que les clients sont revenus\u00a0: en quelques heures \u00e0 \u201cKl\u00e9ber \u00c9ph\u00e9m\u00e8re\u201d&hellip;\n","protected":false},"author":2,"featured_media":665918,"comment_status":"","ping_status":"","sticky":false,"template":"","format":"standard","meta":{"footnotes":""},"categories":[2820],"tags":[1111,11,4406,1687,33,2880,1777,674,107,1011,27,775,2410,12,25,640,2879],"class_list":{"0":"post-665917","1":"post","2":"type-post","3":"status-publish","4":"format-standard","5":"has-post-thumbnail","7":"category-strasbourg","8":"tag-actu","9":"tag-actualites","10":"tag-commerce-et-services","11":"tag-culture-loisirs","12":"tag-economie","13":"tag-edition-strasbourg","14":"tag-eu","15":"tag-europe","16":"tag-fil-info","17":"tag-fr","18":"tag-france","19":"tag-grand-est","20":"tag-livres-bd","21":"tag-news","22":"tag-republique-francaise","23":"tag-strasbourg","24":"tag-strasbourg-ville"},"share_on_mastodon":{"url":"https:\/\/pubeurope.com\/@fr\/115900518551582629","error":""},"_links":{"self":[{"href":"https:\/\/www.europesays.com\/fr\/wp-json\/wp\/v2\/posts\/665917","targetHints":{"allow":["GET"]}}],"collection":[{"href":"https:\/\/www.europesays.com\/fr\/wp-json\/wp\/v2\/posts"}],"about":[{"href":"https:\/\/www.europesays.com\/fr\/wp-json\/wp\/v2\/types\/post"}],"author":[{"embeddable":true,"href":"https:\/\/www.europesays.com\/fr\/wp-json\/wp\/v2\/users\/2"}],"replies":[{"embeddable":true,"href":"https:\/\/www.europesays.com\/fr\/wp-json\/wp\/v2\/comments?post=665917"}],"version-history":[{"count":0,"href":"https:\/\/www.europesays.com\/fr\/wp-json\/wp\/v2\/posts\/665917\/revisions"}],"wp:featuredmedia":[{"embeddable":true,"href":"https:\/\/www.europesays.com\/fr\/wp-json\/wp\/v2\/media\/665918"}],"wp:attachment":[{"href":"https:\/\/www.europesays.com\/fr\/wp-json\/wp\/v2\/media?parent=665917"}],"wp:term":[{"taxonomy":"category","embeddable":true,"href":"https:\/\/www.europesays.com\/fr\/wp-json\/wp\/v2\/categories?post=665917"},{"taxonomy":"post_tag","embeddable":true,"href":"https:\/\/www.europesays.com\/fr\/wp-json\/wp\/v2\/tags?post=665917"}],"curies":[{"name":"wp","href":"https:\/\/api.w.org\/{rel}","templated":true}]}}