{"id":665921,"date":"2026-01-15T18:26:10","date_gmt":"2026-01-15T18:26:10","guid":{"rendered":"https:\/\/www.europesays.com\/fr\/665921\/"},"modified":"2026-01-15T18:26:10","modified_gmt":"2026-01-15T18:26:10","slug":"le-prix-de-vente-de-logc-nice-en-chute-libre","status":"publish","type":"post","link":"https:\/\/www.europesays.com\/fr\/665921\/","title":{"rendered":"Le prix de vente de l\u2019OGC Nice en chute libre"},"content":{"rendered":"<p>Propri\u00e9taire de l\u2019OGC Nice depuis 2019, Sir Jim Ratcliffe veut se d\u00e9barrasser du club azur\u00e9en. Apr\u00e8s avoir d\u00e9clar\u00e9 publiquement qu\u2019il n\u2019aimait pas venir assister aux matches Aiglons, le milliardaire anglais a mis le club en vente.<\/p>\n<p>            La suite apr\u00e8s cette publicit\u00e9<\/p>\n<p>Cependant, Ratcliffe s\u2019est montr\u00e9 trop gourmand. Selon le m\u00e9dia sp\u00e9cialis\u00e9 des finances, <a href=\"https:\/\/www.bloomberg.com\/news\/articles\/2026-01-15\/jim-ratcliffe-cuts-price-tag-for-french-football-club-nice\" target=\"_blank\" rel=\"noopener\">Bloomberg<\/a>, le patron du Gym r\u00e9clamait plus de 200 M\u20ac. Face \u00e0 la r\u00e9ticence des acheteurs, le m\u00e9dia annonce que \u00ab\u00a0le prix a d\u00e9sormais consid\u00e9rablement baiss\u00e9\u00a0\u00bb.<\/p>\n<p>\n    Pub. le 15\/01\/2026 19:16<br \/>\n            &#8211; MAJ le 15\/01\/2026 19:18\n    <\/p>\n","protected":false},"excerpt":{"rendered":"Propri\u00e9taire de l\u2019OGC Nice depuis 2019, Sir Jim Ratcliffe veut se d\u00e9barrasser du club azur\u00e9en. Apr\u00e8s avoir d\u00e9clar\u00e9&hellip;\n","protected":false},"author":2,"featured_media":665922,"comment_status":"","ping_status":"","sticky":false,"template":"","format":"standard","meta":{"footnotes":""},"categories":[2819],"tags":[1111,11,1777,674,1011,27,12,2401,882,25],"class_list":{"0":"post-665921","1":"post","2":"type-post","3":"status-publish","4":"format-standard","5":"has-post-thumbnail","7":"category-nice","8":"tag-actu","9":"tag-actualites","10":"tag-eu","11":"tag-europe","12":"tag-fr","13":"tag-france","14":"tag-news","15":"tag-nice","16":"tag-provence-alpes-cote-dazur","17":"tag-republique-francaise"},"share_on_mastodon":{"url":"https:\/\/pubeurope.com\/@fr\/115900526327676335","error":""},"_links":{"self":[{"href":"https:\/\/www.europesays.com\/fr\/wp-json\/wp\/v2\/posts\/665921","targetHints":{"allow":["GET"]}}],"collection":[{"href":"https:\/\/www.europesays.com\/fr\/wp-json\/wp\/v2\/posts"}],"about":[{"href":"https:\/\/www.europesays.com\/fr\/wp-json\/wp\/v2\/types\/post"}],"author":[{"embeddable":true,"href":"https:\/\/www.europesays.com\/fr\/wp-json\/wp\/v2\/users\/2"}],"replies":[{"embeddable":true,"href":"https:\/\/www.europesays.com\/fr\/wp-json\/wp\/v2\/comments?post=665921"}],"version-history":[{"count":0,"href":"https:\/\/www.europesays.com\/fr\/wp-json\/wp\/v2\/posts\/665921\/revisions"}],"wp:featuredmedia":[{"embeddable":true,"href":"https:\/\/www.europesays.com\/fr\/wp-json\/wp\/v2\/media\/665922"}],"wp:attachment":[{"href":"https:\/\/www.europesays.com\/fr\/wp-json\/wp\/v2\/media?parent=665921"}],"wp:term":[{"taxonomy":"category","embeddable":true,"href":"https:\/\/www.europesays.com\/fr\/wp-json\/wp\/v2\/categories?post=665921"},{"taxonomy":"post_tag","embeddable":true,"href":"https:\/\/www.europesays.com\/fr\/wp-json\/wp\/v2\/tags?post=665921"}],"curies":[{"name":"wp","href":"https:\/\/api.w.org\/{rel}","templated":true}]}}