{"id":665923,"date":"2026-01-15T18:27:15","date_gmt":"2026-01-15T18:27:15","guid":{"rendered":"https:\/\/www.europesays.com\/fr\/665923\/"},"modified":"2026-01-15T18:27:15","modified_gmt":"2026-01-15T18:27:15","slug":"machines-sorcieres-muscadet-voyage-a-nantes-2026-quel-est-le-programme","status":"publish","type":"post","link":"https:\/\/www.europesays.com\/fr\/665923\/","title":{"rendered":"Machines, sorci\u00e8res, muscadet&#8230;Voyage \u00e0 Nantes 2026 : quel est le programme\u00a0?"},"content":{"rendered":"<p>                    Par<br \/>\n        <strong><br \/>\n            <a href=\"https:\/\/actu.fr\/auteur\/laure-gentil\" title=\"Consulter tous les articles de Laure Gentil\" target=\"_blank\" rel=\"noopener\">Laure Gentil<\/a><br \/>\n                    <\/strong><\/p>\n<p>        Publi\u00e9 le<\/p>\n<p>            15 janv. 2026 \u00e0 17h23        <\/p>\n<p>Chaque ann\u00e9e le <b>Voyage \u00e0 Nantes<\/b> (Loire-Atlantique) pr\u00e9sente son <b>programme culturel<\/b>. Et en 2026, les Nantais vont avoir de quoi s\u2019occuper. <b>Nouvelles expos, Machines de l\u2019\u00eele, un muscadet \u00ab\u00a0singulier\u00a0\u00bb<\/b>\u2026 Voici ce \u00e0 quoi il faut s\u2019attendre pour cette nouvelle saison.\u00a0<\/p>\n<p>Machines, sorci\u00e8res, muscadet\u2026Voyage \u00e0 Nantes 2026 : quel est le programme ?<\/p>\n<p class=\" wall-content\">La r\u00e9ouverture des Machines se d\u00e9roulera le premier samedi des vacances scolaires :<b> le 7 f\u00e9vrier 2026 \u00e0 14 h.<\/b> Bien entendu, l\u2019\u00e9v\u00e8nement sera suivi en soir\u00e9e de la Nocturne de 19 h \u00e0 22 h. L\u2019araign\u00e9e, le m\u00e9rou et l\u2019\u00e9l\u00e9phant font ainsi leur retour en fanfare. Cette ann\u00e9e, le Carrousel des Mondes marins va \u00eatre mis en valeur avec<b> l\u2019ouverture en visite libre<\/b> (avec tours) le mercredi \u00ab\u00a0pour mieux r\u00e9pondre aux attentes des visiteurs\u00a0\u00bb, comme l\u2019a expliqu\u00e9 la directrice des Machines de l\u2019\u00eele, H\u00e9l\u00e8ne Madec.\u00a0<\/p>\n<p class=\" wall-content\">Autre <b>nouveaut\u00e9 <\/b>: des visites th\u00e9matiques \u00ab\u00a0confortables\u00a0\u00bb ou \u00ab\u00a0en coulisses\u00a0\u00bb, sur r\u00e9servation et pour les groupes.\u00a0<\/p>\n<p class=\" wall-content\">Pour la fin d\u2019ann\u00e9e, les Machines vont renouveler leur soir\u00e9e du nouvel an. La premi\u00e8re soir\u00e9e a rencontr\u00e9 beaucoup de succ\u00e8s, toutes les places ont \u00e9t\u00e9 vendues en pr\u00e9vente et 2 500 personnes ont particip\u00e9 \u00e0 la f\u00eate.\u00a0<\/p>\n<p class=\" wall-content\">Attention toutefois, <b>l\u2019\u00c9l\u00e9phant <\/b>dispara\u00eetra quelques temps, \u00e0 partir du 2 novembre, pour \u00ab\u00a0se refaire une beaut\u00e9\u00a0\u00bb. Cette absence durera quatre mois. Cela lui permettra de revenir en pleine forme pour son vingti\u00e8me anniversaire en 2027.<\/p>\n<p>L\u2019exposition Sorci\u00e8res<\/p>\n<p class=\" wall-content\">C\u2019est la grande exposition qui va succ\u00e9der \u00e0 Hokusai au ch\u00e2teau des ducs de Bretagne :\u00a0Sorci\u00e8res. Cette exposition sera un \u00ab\u00a0parcours immersif\u00a0\u00bb repr\u00e9sentant les magiciennes de l\u2019Antiquit\u00e9, comme Circ\u00e9, mais aussi les proc\u00e8s inquisitoriaux, les chasses aux sorci\u00e8res du XVIe et XVIIe si\u00e8cles ainsi que la d\u00e9criminalisation des pratiques occultes. Un sujet d\u00e9crit comme \u00ab\u00a0inspirant\u00a0\u00bb par Krystel Guald\u00e9, commissaire de l\u2019exposition. \u00ab\u00a0Nous partageons tous le m\u00eame imaginaire des sorci\u00e8res. On partage tous une vraie m\u00e9connaissance. C\u2019est l\u2019histoire vraie, de celles qui ont \u00e9t\u00e9 accus\u00e9es et condamn\u00e9es pour sorcellerie,\u00a0\u00bb a-t-elle expliqu\u00e9 en conf\u00e9rence de presse ce jeudi 15 janvier 2026. \u00ab\u00a0On se rend compte que, finalement,\u00a0c\u2019est un imaginaire qui a cr\u00e9\u00e9 une r\u00e9alit\u00e9.\u00a0\u00bb<\/p>\n<p class=\" wall-content\"><b>L\u2019exposition commencera le 7 f\u00e9vrier 2026 et durera jusqu\u2019au 28 juin.\u00a0<\/b><\/p>\n<p>L\u2019exposition Interstellar<\/p>\n<p class=\" wall-content\">Il ne faudra pas non plus manquer l\u2019exposition Interstellar \u2013 R\u00e9imaginer la Terre, du 23 mai 2026 au 27 septembre, qui \u00ab\u00a0inaugure un nouveau cycle th\u00e9matique sur les \u00e9l\u00e9ments\u00a0\u00bb. Elle se d\u00e9roulera au <b>Hab Galerie<\/b> et se voit comme \u00ab\u00a0une exploration de la Terre comme infiniment grand et infiniment petit\u00a0\u00bb.<\/p>\n<p>Votre r\u00e9gion, votre actu !<\/p>\n<p>Recevez chaque jour les infos qui comptent pour vous.<\/p>\n<p>\t<a href=\"https:\/\/actu.fr\/newsletter\" class=\"ac-btn ac-btn--corner ac-btn--medium ac-btn--blue800\" target=\"_blank\" rel=\"noopener\">S&rsquo;incrire<\/a><br \/>\nExpression(s) d\u00e9coloniale(s)<\/p>\n<p class=\" wall-content\">Apr\u00e8s\u00a0Sorci\u00e8res, le ch\u00e2teau des ducs de Bretagne accueillera l\u2019exposition Expression(s) d\u00e9coloniale(s)\u00a0du 8 mai 2026 au 8 novembre. Une exposition qui traitera des questions li\u00e9es \u00e0 l\u2019histoire coloniale et esclavagiste fran\u00e7aise.<\/p>\n<p class=\" wall-content\">Trois personnalit\u00e9s ont accept\u00e9 de participer \u00e0 Expression(s) d\u00e9coloniale(s) :\u00a0l\u2019historienne b\u00e9ninoise Lylly Houngnihin, l\u2019artiste br\u00e9silienne Rosanna Paulino et l\u2019artiste s\u00e9n\u00e9galais Omar Victor Diop qui pr\u00e9sentera deux s\u00e9ries de photographies, dont l\u2019une s\u2019inspire de portraits r\u00e9alis\u00e9s entre le 15e et le 19e si\u00e8cle mettant en valeur des personnes en lien avec l\u2019histoire coloniale.\u00a0<\/p>\n<p>Le muscadet du Voyage<\/p>\n<p class=\" wall-content\">Bonne nouvelle pour les amoureux du muscadet, le Voyage \u00e0 Nantes lance sa propre cuv\u00e9e : \u00ab\u00a0le muscadet du Voyage\u00a0\u00bb. Cette cuv\u00e9e qui se veut \u00ab\u00a0un peu singuli\u00e8re\u00a0\u00bb sera une \u00ab\u00a0ode au terroir nantais\u00a0\u00bb. Il sera bio et<b> mis en bouteille le soir de la Nuit du VAN,<\/b> le 4 juillet. Il sera produit \u00e0 <b>5 000 bouteilles<\/b> et ne sera disponible que dans \u00ab\u00a0des lieux ambassadeurs\u00a0\u00bb. Le muscadet du Voyage a m\u00eame un parrain : le<b> journaliste Dominique Hutin<\/b> (France Inter).<\/p>\n<p>Le th\u00e8me du Voyage \u00e0 Nantes cet \u00e9t\u00e9<\/p>\n<p class=\" wall-content\">Pour la 15\u1d49 \u00e9dition du VAN, <b>du 4 juillet au 6 septembre 2026<\/b>, le th\u00e8me choisi est en lien avec les \u00e9l\u00e9ments : \u00ab\u00a0La Terre\u00a0\u00bb. Si les \u0153uvres n\u2019ont pas encore \u00e9t\u00e9 d\u00e9voil\u00e9es, des noms d\u2019artistes ont d\u00e9j\u00e0 \u00e9t\u00e9 r\u00e9v\u00e9l\u00e9s. Seront invit\u00e9s cette ann\u00e9e, Caroline Le M\u00e9haut\u00e9 et Ali Cherri. Deux lieux in\u00e9dits serviront cette ann\u00e9e : le Jardin extraordinaire et les cryptes de la cath\u00e9drale.<\/p>\n<p class=\" wall-content\">Personnalisez votre actualit\u00e9 en ajoutant vos villes et m\u00e9dias en favori avec <a href=\"https:\/\/moncompte.actu.fr\" title=\"D\u00e9couvez Mon Actu\" rel=\"nofollow noopener\" data-trk=\"{&quot;cta&quot;:{&quot;action&quot;:&quot;https:\\\/\\\/moncompte.actu.fr&quot;,&quot;category&quot;:&quot;mon compte&quot;,&quot;from&quot;:&quot;article footer&quot;,&quot;name&quot;:&quot;Mon actu&quot;,&quot;type&quot;:&quot;cta&quot;}}\" target=\"_blank\">Mon Actu<\/a>.<\/p>\n","protected":false},"excerpt":{"rendered":"Par Laure Gentil Publi\u00e9 le 15 janv. 2026 \u00e0 17h23 Chaque ann\u00e9e le Voyage \u00e0 Nantes (Loire-Atlantique) pr\u00e9sente&hellip;\n","protected":false},"author":2,"featured_media":665924,"comment_status":"","ping_status":"","sticky":false,"template":"","format":"standard","meta":{"footnotes":""},"categories":[2818],"tags":[1111,11,1777,674,1349,1011,27,1652,766,12,2636,25,34735],"class_list":{"0":"post-665923","1":"post","2":"type-post","3":"status-publish","4":"format-standard","5":"has-post-thumbnail","7":"category-nantes","8":"tag-actu","9":"tag-actualites","10":"tag-eu","11":"tag-europe","12":"tag-expositions","13":"tag-fr","14":"tag-france","15":"tag-loisirs-culture","16":"tag-nantes","17":"tag-news","18":"tag-pays-de-la-loire","19":"tag-republique-francaise","20":"tag-voyage-a-nantes"},"share_on_mastodon":{"url":"https:\/\/pubeurope.com\/@fr\/115900530375378466","error":""},"_links":{"self":[{"href":"https:\/\/www.europesays.com\/fr\/wp-json\/wp\/v2\/posts\/665923","targetHints":{"allow":["GET"]}}],"collection":[{"href":"https:\/\/www.europesays.com\/fr\/wp-json\/wp\/v2\/posts"}],"about":[{"href":"https:\/\/www.europesays.com\/fr\/wp-json\/wp\/v2\/types\/post"}],"author":[{"embeddable":true,"href":"https:\/\/www.europesays.com\/fr\/wp-json\/wp\/v2\/users\/2"}],"replies":[{"embeddable":true,"href":"https:\/\/www.europesays.com\/fr\/wp-json\/wp\/v2\/comments?post=665923"}],"version-history":[{"count":0,"href":"https:\/\/www.europesays.com\/fr\/wp-json\/wp\/v2\/posts\/665923\/revisions"}],"wp:featuredmedia":[{"embeddable":true,"href":"https:\/\/www.europesays.com\/fr\/wp-json\/wp\/v2\/media\/665924"}],"wp:attachment":[{"href":"https:\/\/www.europesays.com\/fr\/wp-json\/wp\/v2\/media?parent=665923"}],"wp:term":[{"taxonomy":"category","embeddable":true,"href":"https:\/\/www.europesays.com\/fr\/wp-json\/wp\/v2\/categories?post=665923"},{"taxonomy":"post_tag","embeddable":true,"href":"https:\/\/www.europesays.com\/fr\/wp-json\/wp\/v2\/tags?post=665923"}],"curies":[{"name":"wp","href":"https:\/\/api.w.org\/{rel}","templated":true}]}}