{"id":665925,"date":"2026-01-15T18:28:27","date_gmt":"2026-01-15T18:28:27","guid":{"rendered":"https:\/\/www.europesays.com\/fr\/665925\/"},"modified":"2026-01-15T18:28:27","modified_gmt":"2026-01-15T18:28:27","slug":"nantes-previsions-meteo-du-jeudi-15-janvier-2026","status":"publish","type":"post","link":"https:\/\/www.europesays.com\/fr\/665925\/","title":{"rendered":"Nantes : pr\u00e9visions m\u00e9t\u00e9o du jeudi 15 janvier 2026"},"content":{"rendered":"<p>\u00c0 Nantes, la journ\u00e9e de jeudi 15 janvier 2026 sera marqu\u00e9e par une couverture nuageuse importante et des passages de pluie mod\u00e9r\u00e9e. Le vent de sud soufflera en rafales localement soutenues, avec des temp\u00e9ratures fra\u00eeches autour de 9 \u00e0 11\u00b0C.<\/p>\n<p>    Alerte en cours<\/p>\n<p>\nLe d\u00e9partement de Loire-Atlantique est plac\u00e9 aujourd\u2019hui en vigilance <b>Jaune Vent<\/b>. Les rafales les plus fortes sont attendues cet apr\u00e8s-midi sur la r\u00e9gion nantaise, autour de <b>54 km\/h<\/b>.\n<\/p>\n<p>\nCes valeurs, habituelles pour la saison mais parfois g\u00eanantes, peuvent compliquer les d\u00e9placements en deux-roues, provoquer des chutes de branches ou perturber les chantiers en hauteur.\n<\/p>\n<p>\nLa prudence reste de mise : pensez \u00e0 fermer les volets, \u00e0 limiter les travaux ext\u00e9rieurs l\u00e9gers et \u00e0 surveiller les objets pouvant s\u2019envoler. Pour plus d\u2019informations, consultez notre <a href=\"https:\/\/www.meteocity.com\/france\/alertes\" target=\"_blank\" rel=\"noopener\">page d\u00e9di\u00e9e aux alertes m\u00e9t\u00e9orologiques<\/a>.\n<\/p>\n<p>Matin : ciel couvert au lever du soleil (08 h 48)<\/p>\n<p>\nLa journ\u00e9e d\u00e9bute sous un ciel tr\u00e8s nuageux. \u00c0 09 h, le thermom\u00e8tre affiche <b>9 \u00b0C<\/b>, mais le vent de sud accentue la sensation de fra\u00eecheur : ressenti <b>6 \u00b0C<\/b>.\n<\/p>\n<p>\nL\u2019humidit\u00e9 \u00e9lev\u00e9e (87 %) et une pression de 1 009 hPa entretiennent cette grisaille. La probabilit\u00e9 d\u2019averse reste mod\u00e9r\u00e9e \u00e0 53 %, cependant aucun cumul significatif n\u2019est relev\u00e9 en d\u00e9but de matin\u00e9e.\n<\/p>\n<ul>\n<li><b>Vent :<\/b> 17 km\/h de sud, rafales insignifiantes.<\/li>\n<li><b>Visibilit\u00e9 :<\/b> bonne malgr\u00e9 la couverture nuageuse.<\/li>\n<\/ul>\n<p>Apr\u00e8s-midi : bruine et premi\u00e8res rafales<\/p>\n<p>\nVers 15 h, un front humide traverse la m\u00e9tropole. On passe alors \u00e0 une bruine l\u00e9g\u00e8re, avec un cumul attendu de <b>3,65 mm<\/b>.\n<\/p>\n<p>\nLa temp\u00e9rature grimpe l\u00e9g\u00e8rement \u00e0 <b>11 \u00b0C<\/b>, ressenti <b>7 \u00b0C<\/b> sous l\u2019effet du vent. L\u2019air reste satur\u00e9 \u00e0 88 % d\u2019humidit\u00e9, tandis que la pression descend \u00e0 1 003 hPa.\n<\/p>\n<p>\nLe vent de sud devient le param\u00e8tre marquant : <b>26 km\/h<\/b> en moyenne, avec des rafales pouvant atteindre <b>54 km\/h<\/b>, surtout en zones expos\u00e9es et sur les ponts de la Loire.\n<\/p>\n<ul>\n<li><b>Pluie :<\/b> intensit\u00e9 faible, mais sols glissants.<\/li>\n<li><b>Probabilit\u00e9 d\u2019averse :<\/b> 80 %.<\/li>\n<li><b>Conseil :<\/b> parapluie robuste conseill\u00e9, prudence pour les cyclistes.<\/li>\n<\/ul>\n<p>Soir : pluies plus franches avant le coucher du soleil (17 h 43)<\/p>\n<p>\nEn d\u00e9but de soir\u00e9e, les nuages s\u2019\u00e9paississent et la pluie se renforce l\u00e9g\u00e8rement. \u00c0 21 h, on attend <b>5 mm<\/b> suppl\u00e9mentaires.\n<\/p>\n<p>\nLe mercure baisse \u00e0 <b>10 \u00b0C<\/b>, ressenti <b>7 \u00b0C<\/b>. Le vent tourne \u00e0 l\u2019ouest-sud-ouest, soufflant \u00e0 18 km\/h ; les rafales restent sous le seuil de vigilance.\n<\/p>\n<p>\nL\u2019humidit\u00e9 avoisine 87 % : routes mouill\u00e9es, visibilit\u00e9 parfois r\u00e9duite par les embruns sur les quais de Loire. Il est conseill\u00e9 d\u2019\u00e9viter les sorties longues sans v\u00eatement imperm\u00e9able.\n<\/p>\n<p>Tendance g\u00e9n\u00e9rale pour le lendemain<\/p>\n<p>\nAu cours de la nuit, le ciel demeure tr\u00e8s nuageux, avec une temp\u00e9rature minimale de <b>8 \u00b0C<\/b> et un ressenti de <b>5 \u00b0C<\/b>. Le vent de sud se maintient autour de 17 km\/h.\n<\/p>\n<p>\nPour vendredi 16 janvier, les mod\u00e8les annoncent un r\u00e9gime de bruine. Les temp\u00e9ratures oscilleront entre <b>6 \u00b0C<\/b> et <b>10 \u00b0C<\/b>, avec des rafales pr\u00e9vues \u00e0 <b>38 km\/h<\/b>, et un cumul inf\u00e9rieur au seuil d\u2019alerte (<b>0,9 mm<\/b>).\n<\/p>\n<p>\nOn gardera le parapluie, mais la m\u00e9t\u00e9o s\u2019annonce moins agit\u00e9e que la veille. Pour pr\u00e9parer vos sorties du week-end, consultez aussi <a href=\"https:\/\/www.meteocity.com\/france\/nantes-v2990969\/meteo-week-end\" target=\"_blank\" rel=\"noopener\">nos pr\u00e9visions week-end<\/a>.\n<\/p>\n<p>\n\u00c0 plus long terme, l\u2019encha\u00eenement de perturbations atlantiques en hiver rappelle l\u2019influence du r\u00e9chauffement global sur la fr\u00e9quence des d\u00e9pressions actives. Restez attentifs aux mises \u00e0 jour quotidiennes.<\/p>\n","protected":false},"excerpt":{"rendered":"\u00c0 Nantes, la journ\u00e9e de jeudi 15 janvier 2026 sera marqu\u00e9e par une couverture nuageuse importante et des&hellip;\n","protected":false},"author":2,"featured_media":665926,"comment_status":"","ping_status":"","sticky":false,"template":"","format":"standard","meta":{"footnotes":""},"categories":[2818],"tags":[1111,11,1777,674,1011,27,766,12,2636,25],"class_list":{"0":"post-665925","1":"post","2":"type-post","3":"status-publish","4":"format-standard","5":"has-post-thumbnail","7":"category-nantes","8":"tag-actu","9":"tag-actualites","10":"tag-eu","11":"tag-europe","12":"tag-fr","13":"tag-france","14":"tag-nantes","15":"tag-news","16":"tag-pays-de-la-loire","17":"tag-republique-francaise"},"share_on_mastodon":{"url":"https:\/\/pubeurope.com\/@fr\/115900534189057042","error":""},"_links":{"self":[{"href":"https:\/\/www.europesays.com\/fr\/wp-json\/wp\/v2\/posts\/665925","targetHints":{"allow":["GET"]}}],"collection":[{"href":"https:\/\/www.europesays.com\/fr\/wp-json\/wp\/v2\/posts"}],"about":[{"href":"https:\/\/www.europesays.com\/fr\/wp-json\/wp\/v2\/types\/post"}],"author":[{"embeddable":true,"href":"https:\/\/www.europesays.com\/fr\/wp-json\/wp\/v2\/users\/2"}],"replies":[{"embeddable":true,"href":"https:\/\/www.europesays.com\/fr\/wp-json\/wp\/v2\/comments?post=665925"}],"version-history":[{"count":0,"href":"https:\/\/www.europesays.com\/fr\/wp-json\/wp\/v2\/posts\/665925\/revisions"}],"wp:featuredmedia":[{"embeddable":true,"href":"https:\/\/www.europesays.com\/fr\/wp-json\/wp\/v2\/media\/665926"}],"wp:attachment":[{"href":"https:\/\/www.europesays.com\/fr\/wp-json\/wp\/v2\/media?parent=665925"}],"wp:term":[{"taxonomy":"category","embeddable":true,"href":"https:\/\/www.europesays.com\/fr\/wp-json\/wp\/v2\/categories?post=665925"},{"taxonomy":"post_tag","embeddable":true,"href":"https:\/\/www.europesays.com\/fr\/wp-json\/wp\/v2\/tags?post=665925"}],"curies":[{"name":"wp","href":"https:\/\/api.w.org\/{rel}","templated":true}]}}