{"id":665927,"date":"2026-01-15T18:29:10","date_gmt":"2026-01-15T18:29:10","guid":{"rendered":"https:\/\/www.europesays.com\/fr\/665927\/"},"modified":"2026-01-15T18:29:10","modified_gmt":"2026-01-15T18:29:10","slug":"hebdo-eco-la-liste-feret-1er-annuaire-de-celles-et-ceux-qui-font-la-gironde","status":"publish","type":"post","link":"https:\/\/www.europesays.com\/fr\/665927\/","title":{"rendered":"Hebdo \u00c9co | La liste F\u00e9ret, 1er annuaire de celles et ceux qui \u00ab\u00a0font\u00a0\u00bb la Gironde"},"content":{"rendered":"<p>        L&rsquo;Hebdo \u00c9co&#13;<\/p>\n<p>Actualit\u00e9 boursi\u00e8re et financi\u00e8re, \u00e9pargne, vie des entreprises, consommation, immobilier, retraite, imp\u00f4ts, e-commerce\u2026 Chaque jeudi \u00e0 18h dans \u201cL\u2019Hebdo Eco\u201d, les journalistes du p\u00f4le Economie de Sud Ouest proposent d\u2019approfondir un sujet d\u2019actualit\u00e9, qui touche aussi bien le citoyen dans son quotidien que les PME-TPE, et ce dans tous les secteurs d\u2019activit\u00e9s, et d\u2019en d\u00e9battre avec un invit\u00e9 afin de mieux comprendre les enjeux et la soci\u00e9t\u00e9 qui nous entourent.&#13;\n        <\/p>\n","protected":false},"excerpt":{"rendered":"L&rsquo;Hebdo \u00c9co&#13; Actualit\u00e9 boursi\u00e8re et financi\u00e8re, \u00e9pargne, vie des entreprises, consommation, immobilier, retraite, imp\u00f4ts, e-commerce\u2026 Chaque jeudi \u00e0&hellip;\n","protected":false},"author":2,"featured_media":665928,"comment_status":"","ping_status":"","sticky":false,"template":"","format":"standard","meta":{"footnotes":""},"categories":[2817],"tags":[1111,11,1997,1777,674,1011,27,12,2219,25],"class_list":{"0":"post-665927","1":"post","2":"type-post","3":"status-publish","4":"format-standard","5":"has-post-thumbnail","7":"category-bordeaux","8":"tag-actu","9":"tag-actualites","10":"tag-bordeaux","11":"tag-eu","12":"tag-europe","13":"tag-fr","14":"tag-france","15":"tag-news","16":"tag-nouvelle-aquitaine","17":"tag-republique-francaise"},"share_on_mastodon":{"url":"https:\/\/pubeurope.com\/@fr\/115900538212727983","error":""},"_links":{"self":[{"href":"https:\/\/www.europesays.com\/fr\/wp-json\/wp\/v2\/posts\/665927","targetHints":{"allow":["GET"]}}],"collection":[{"href":"https:\/\/www.europesays.com\/fr\/wp-json\/wp\/v2\/posts"}],"about":[{"href":"https:\/\/www.europesays.com\/fr\/wp-json\/wp\/v2\/types\/post"}],"author":[{"embeddable":true,"href":"https:\/\/www.europesays.com\/fr\/wp-json\/wp\/v2\/users\/2"}],"replies":[{"embeddable":true,"href":"https:\/\/www.europesays.com\/fr\/wp-json\/wp\/v2\/comments?post=665927"}],"version-history":[{"count":0,"href":"https:\/\/www.europesays.com\/fr\/wp-json\/wp\/v2\/posts\/665927\/revisions"}],"wp:featuredmedia":[{"embeddable":true,"href":"https:\/\/www.europesays.com\/fr\/wp-json\/wp\/v2\/media\/665928"}],"wp:attachment":[{"href":"https:\/\/www.europesays.com\/fr\/wp-json\/wp\/v2\/media?parent=665927"}],"wp:term":[{"taxonomy":"category","embeddable":true,"href":"https:\/\/www.europesays.com\/fr\/wp-json\/wp\/v2\/categories?post=665927"},{"taxonomy":"post_tag","embeddable":true,"href":"https:\/\/www.europesays.com\/fr\/wp-json\/wp\/v2\/tags?post=665927"}],"curies":[{"name":"wp","href":"https:\/\/api.w.org\/{rel}","templated":true}]}}