{"id":665929,"date":"2026-01-15T18:30:14","date_gmt":"2026-01-15T18:30:14","guid":{"rendered":"https:\/\/www.europesays.com\/fr\/665929\/"},"modified":"2026-01-15T18:30:14","modified_gmt":"2026-01-15T18:30:14","slug":"la-riposte-des-vins-de-bordeaux-aux-injonctions-sanitaires-du-dry-january","status":"publish","type":"post","link":"https:\/\/www.europesays.com\/fr\/665929\/","title":{"rendered":"la riposte des Vins de Bordeaux aux \u00ab\u00a0injonctions sanitaires\u00a0\u00bb du Dry January"},"content":{"rendered":"<blockquote><p> C\u2019est l\u2019id\u00e9e\u00a0: pr\u00f4ner une\u00a0consommation plaisir, une sorte de\u00a0sobri\u00e9t\u00e9 choisie<\/p><\/blockquote>\n<p>\u00ab\u00a0Pr\u00e9judice dommageable\u00a0\u00bb<\/p>\n<p>Pourtant, le Dry se pose en p\u00e9riode durant laquelle se tester de fa\u00e7on plus ou moins ludique, et de questionner la place qu\u2019occupe l\u2019alcool dans notre soci\u00e9t\u00e9 et dans sa propre intimit\u00e9 \u2013 pas si loin de ce que sugg\u00e8re la version French, deux verres par jour maximum, s\u2019accorder des jours sans alcool dans la semaine, pr\u00e9f\u00e9rer la d\u00e9gustation \u00e0 la consommation rapide. Mais pour les professionnels du vin, ce d\u00e9fi\u00a0m\u00e9diatique \u00ab\u00a0tr\u00e8s relay\u00e9, mais pas tant suivi\u00a0\u00bb serait devenu une fa\u00e7on de taper sur une fili\u00e8re d\u00e9j\u00e0 bien ab\u00eem\u00e9e par une \u00e9prouvante crise commerciale.<\/p>\n<p>Du \u00ab\u00a0janvier sec\u00a0\u00bb \u00e0 <a href=\"https:\/\/www.sudouest.fr\/vin\/crise-viticole-en-gironde-13-000-hectares-de-vignes-devraient-disparaitre-grace-aux-arrachages-primes-24072962.php\" target=\"_blank\" rel=\"noopener\">la baisse g\u00e9n\u00e9rale de la consommation de vin<\/a> (encore -3,6\u00a0% entre 2023 et 2024, -7,5\u00a0% de vente de vins rouges dans la grande distribution en 2025), il n\u2019y a qu\u2019un pas que franchit l\u2019interprofession quand chaque d\u00e9but janvier, l\u2019alcool est associ\u00e9 aux lourdes cons\u00e9quences de ses exc\u00e8s \u2013 maladies, violences, etc. \u2013 , son \u00ab\u00a0co\u00fbt social\u00a0\u00bb estim\u00e9 \u00e0 100\u00a0milliards d\u2019euros par an ou ne serait-ce que la qualit\u00e9 de sommeil retrouv\u00e9e d\u00e8s la di\u00e8te entam\u00e9e. Un \u00ab\u00a0matraquage dommageable sur le long terme\u00a0\u00bb, r\u00e9sume Bernard Farges, le pr\u00e9sident du Conseil interprofessionnel des vins de Bordeaux (CIVB), qui orchestre localement la campagne nationale du French January\u00a0avec toutes les AOC du vignoble.<\/p>\n<p>Message de bien-vivre<\/p>\n","protected":false},"excerpt":{"rendered":"C\u2019est l\u2019id\u00e9e\u00a0: pr\u00f4ner une\u00a0consommation plaisir, une sorte de\u00a0sobri\u00e9t\u00e9 choisie \u00ab\u00a0Pr\u00e9judice dommageable\u00a0\u00bb Pourtant, le Dry se pose en p\u00e9riode&hellip;\n","protected":false},"author":2,"featured_media":665930,"comment_status":"","ping_status":"","sticky":false,"template":"","format":"standard","meta":{"footnotes":""},"categories":[2817],"tags":[1111,11,1997,1777,674,1011,27,12,2219,25],"class_list":{"0":"post-665929","1":"post","2":"type-post","3":"status-publish","4":"format-standard","5":"has-post-thumbnail","7":"category-bordeaux","8":"tag-actu","9":"tag-actualites","10":"tag-bordeaux","11":"tag-eu","12":"tag-europe","13":"tag-fr","14":"tag-france","15":"tag-news","16":"tag-nouvelle-aquitaine","17":"tag-republique-francaise"},"share_on_mastodon":{"url":"https:\/\/pubeurope.com\/@fr\/115900542112272682","error":""},"_links":{"self":[{"href":"https:\/\/www.europesays.com\/fr\/wp-json\/wp\/v2\/posts\/665929","targetHints":{"allow":["GET"]}}],"collection":[{"href":"https:\/\/www.europesays.com\/fr\/wp-json\/wp\/v2\/posts"}],"about":[{"href":"https:\/\/www.europesays.com\/fr\/wp-json\/wp\/v2\/types\/post"}],"author":[{"embeddable":true,"href":"https:\/\/www.europesays.com\/fr\/wp-json\/wp\/v2\/users\/2"}],"replies":[{"embeddable":true,"href":"https:\/\/www.europesays.com\/fr\/wp-json\/wp\/v2\/comments?post=665929"}],"version-history":[{"count":0,"href":"https:\/\/www.europesays.com\/fr\/wp-json\/wp\/v2\/posts\/665929\/revisions"}],"wp:featuredmedia":[{"embeddable":true,"href":"https:\/\/www.europesays.com\/fr\/wp-json\/wp\/v2\/media\/665930"}],"wp:attachment":[{"href":"https:\/\/www.europesays.com\/fr\/wp-json\/wp\/v2\/media?parent=665929"}],"wp:term":[{"taxonomy":"category","embeddable":true,"href":"https:\/\/www.europesays.com\/fr\/wp-json\/wp\/v2\/categories?post=665929"},{"taxonomy":"post_tag","embeddable":true,"href":"https:\/\/www.europesays.com\/fr\/wp-json\/wp\/v2\/tags?post=665929"}],"curies":[{"name":"wp","href":"https:\/\/api.w.org\/{rel}","templated":true}]}}