{"id":665931,"date":"2026-01-15T18:31:11","date_gmt":"2026-01-15T18:31:11","guid":{"rendered":"https:\/\/www.europesays.com\/fr\/665931\/"},"modified":"2026-01-15T18:31:11","modified_gmt":"2026-01-15T18:31:11","slug":"a-toulouse-une-nouvelle-pdg-pour-telespazio","status":"publish","type":"post","link":"https:\/\/www.europesays.com\/fr\/665931\/","title":{"rendered":"\u00c0 Toulouse, une nouvelle PDG pour Telespazio"},"content":{"rendered":"<p>\n                                                                    l&rsquo;essentiel<br \/>\n                                                                La soci\u00e9t\u00e9 commune entre Thales et Leonardo dont le si\u00e8ge fran\u00e7ais est \u00e0 Toulouse vient de nommer Corinne Mailles comme PDG.\n                            <\/p>\n<p>\u00c0 Toulouse, Telespazio France aune nouvelle PDG depuis le 1er\u00a0janvier 2026. Corinne Mailles succ\u00e8de \u00e0 Jean-Marc Gardin, qui occupait cette fonction depuis 2010. Dipl\u00f4m\u00e9e de l\u2019ESCE et du programme Management g\u00e9n\u00e9ral de l\u2019Essec \u00e0 Paris, Corinne Mailles a r\u00e9alis\u00e9 l\u2019int\u00e9gralit\u00e9 de sa carri\u00e8re dans le secteur spatial. Elle a d\u00e9but\u00e9 chez Alcatel, avant de rejoindre Thales Alenia Space France, o\u00f9 elle occupe successivement des fonctions de direction commerciale puis direction des avant-projets et des affaires gouvernementales.<\/p>\n<p>Une activit\u00e9 multipli\u00e9e par cinq en dix ans<\/p>\n<p>Elle int\u00e8gre Telespazio France en 2011 en tant que directrice g\u00e9n\u00e9rale adjointe et pilote la strat\u00e9gie, le plan de croissance et le plan de transformation de l\u2019entreprise. Sous sa direction, l\u2019activit\u00e9 de Telespazio France est multipli\u00e9e par cinq en dix\u00a0ans. Telespazio, est une soci\u00e9t\u00e9 commune entre Leonardo (67\u00a0%) et Thales (33\u00a0%) sp\u00e9cialis\u00e9e dans les services spatiaux pour les t\u00e9l\u00e9communications et l\u2019observation de la Terre.<\/p>\n","protected":false},"excerpt":{"rendered":"l&rsquo;essentiel La soci\u00e9t\u00e9 commune entre Thales et Leonardo dont le si\u00e8ge fran\u00e7ais est \u00e0 Toulouse vient de nommer&hellip;\n","protected":false},"author":2,"featured_media":665932,"comment_status":"","ping_status":"","sticky":false,"template":"","format":"standard","meta":{"footnotes":""},"categories":[2816],"tags":[1111,11,33,1777,674,1011,27,2722,693,76560,12,2680,25,2312],"class_list":{"0":"post-665931","1":"post","2":"type-post","3":"status-publish","4":"format-standard","5":"has-post-thumbnail","7":"category-toulouse","8":"tag-actu","9":"tag-actualites","10":"tag-economie","11":"tag-eu","12":"tag-europe","13":"tag-fr","14":"tag-france","15":"tag-haute-garonne","16":"tag-industrie","17":"tag-industrie-spatiale","18":"tag-news","19":"tag-occitanie","20":"tag-republique-francaise","21":"tag-toulouse"},"share_on_mastodon":{"url":"https:\/\/pubeurope.com\/@fr\/115900545989565540","error":""},"_links":{"self":[{"href":"https:\/\/www.europesays.com\/fr\/wp-json\/wp\/v2\/posts\/665931","targetHints":{"allow":["GET"]}}],"collection":[{"href":"https:\/\/www.europesays.com\/fr\/wp-json\/wp\/v2\/posts"}],"about":[{"href":"https:\/\/www.europesays.com\/fr\/wp-json\/wp\/v2\/types\/post"}],"author":[{"embeddable":true,"href":"https:\/\/www.europesays.com\/fr\/wp-json\/wp\/v2\/users\/2"}],"replies":[{"embeddable":true,"href":"https:\/\/www.europesays.com\/fr\/wp-json\/wp\/v2\/comments?post=665931"}],"version-history":[{"count":0,"href":"https:\/\/www.europesays.com\/fr\/wp-json\/wp\/v2\/posts\/665931\/revisions"}],"wp:featuredmedia":[{"embeddable":true,"href":"https:\/\/www.europesays.com\/fr\/wp-json\/wp\/v2\/media\/665932"}],"wp:attachment":[{"href":"https:\/\/www.europesays.com\/fr\/wp-json\/wp\/v2\/media?parent=665931"}],"wp:term":[{"taxonomy":"category","embeddable":true,"href":"https:\/\/www.europesays.com\/fr\/wp-json\/wp\/v2\/categories?post=665931"},{"taxonomy":"post_tag","embeddable":true,"href":"https:\/\/www.europesays.com\/fr\/wp-json\/wp\/v2\/tags?post=665931"}],"curies":[{"name":"wp","href":"https:\/\/api.w.org\/{rel}","templated":true}]}}