{"id":665933,"date":"2026-01-15T18:32:09","date_gmt":"2026-01-15T18:32:09","guid":{"rendered":"https:\/\/www.europesays.com\/fr\/665933\/"},"modified":"2026-01-15T18:32:09","modified_gmt":"2026-01-15T18:32:09","slug":"je-suis-devenu-chanteur-un-peu-par-accident","status":"publish","type":"post","link":"https:\/\/www.europesays.com\/fr\/665933\/","title":{"rendered":"Je suis devenu chanteur un peu par accident"},"content":{"rendered":"<p>                    Par<br \/>\n        <strong><br \/>\n            <a href=\"https:\/\/actu.fr\/auteur\/redaction-toulouse\" title=\"Consulter tous les articles de R\u00e9daction de Toulouse\" target=\"_blank\" rel=\"noopener\">R\u00e9daction de Toulouse<\/a><br \/>\n                    <\/strong><\/p>\n<p>        Publi\u00e9 le<\/p>\n<p>            15 janv. 2026 \u00e0 19h16        <\/p>\n<p>D\u00e9contraction et virtuosit\u00e9, \u00e9l\u00e9gance et nonchalance, m\u00e9lodies aff\u00fbt\u00e9es et arrangements cisel\u00e9es\u2009: on adore <strong>Thomas Dutronc<\/strong> et son dernier album, \u00ab\u2009Il n\u2019est jamais trop tard\u2009\u00bb, qui s\u2019\u00e9loigne un peu du registre \u00ab\u2009jazz manouche\/jeux de mots\u2009\u00bb pour aborder une pop sensible et \u00e9mouvante qui lui va comme un gant. Le gar\u00e7on, d\u2019une humilit\u00e9 et d\u2019une gentillesse sans pareilles, sera samedi\u00a017 et dimanche 18\u00a0janvier 2026 \u00e0 la<strong> Halle aux grains<\/strong>\u2009: immanquable. Rencontre.<\/p>\n<p>\u00ab\u2009Un lieu incontournable\u2009\u00bb<\/p>\n<p class=\"ac-article-content__question wall-content\"><strong class=\"color-primary\">Actu : <\/strong>Vous revenez \u00e0 la Halle aux Grains &#8211; et pour deux soirs !\n<\/p>\n<p class=\" wall-content\"><strong class=\"color-primary\">Thomas Dutronc : <\/strong>On \u00e9tait venu il y a quatre ans, pour la tourn\u00e9e \u00a0\u00bb Frenchy \u00ab\u00a0. C&rsquo;est un lieu incontournable \u00e0 Toulouse et on est donc tr\u00e8s heureux d&rsquo;y revenir. On jouera cette fois avec un syst\u00e8me de \u00a0\u00bb ears \u00ab\u00a0, de retours dans les oreilles, car l&rsquo;endroit peut \u00eatre difficile \u00e0 bien sonoriser en raison de sa structure. Mais oui, \u00e7a fait bien plaisir d&rsquo;y revenir !<\/p>\n<p class=\"ac-article-content__question wall-content\">A quoi peut-on s&rsquo;attendre ?\n<\/p>\n<p class=\" wall-content\"><strong class=\"color-primary\">T.D. : <\/strong>C&rsquo;est un spectacle en plusieurs parties. On jouera \u00e9videmment les titres du dernier album, \u00a0\u00bb Il n&rsquo;est jamais trop tard \u00ab\u00a0, il y aura une partie \u00a0\u00bb guinguette manouche \u00a0\u00bb durant laquelle on ouvre une bouteille de vin, on fait participer le public&#8230; Il y a un passage guitare-voix assez intimiste. Il y a une belle ambiance, notamment gr\u00e2ce \u00e0 notre super chef d&rsquo;orchestre Eric Legnini, et Aurore Violqu\u00e9, notre violoniste, qui met une ambiance terrible ! Il y a de la d\u00e9connade mais aussi une grande rigueur musicale, de jolies chansons et de jolis accords&#8230;<\/p>\n<p>\u00ab\u2009J\u2019ai pu au d\u00e9but me cacher derri\u00e8re les jeux de mots, la d\u00e9connade\u2009\u00bb<\/p>\n<p class=\"ac-article-content__question wall-content\">La dynamique de groupe est importante \u00e0 vos yeux, n&rsquo;est-ce pas ? Ce n&rsquo;est pas \u00a0\u00bb Thomas Dutronc et ses musiciens \u00ab\u00a0&#8230;\n<\/p>\n<p class=\" wall-content\"><strong class=\"color-primary\">T.D. : <\/strong>Exactement ! J&rsquo;ai commenc\u00e9 comme musicien donc je connais bien ce c\u00f4t\u00e9-l\u00e0 du m\u00e9tier et je sais tr\u00e8s bien ce qu&rsquo;apportent mes amis Rocky le guitariste et \u00c9ric Legnini au piano, Aurore, David Chiron \u00e0 la contrebasse, J\u00e9r\u00f4me Ciosi \u00e0 la guitare, Maxime Zampieri \u00e0 la batterie et Julien Hern\u00e9 \u00e0 la basse.<\/p>\n<p class=\"ac-article-content__question wall-content\">Une d\u00e9finition possible de la pop serait d&rsquo;aborder des th\u00e8mes graves, profonds, mais de fa\u00e7on l\u00e9g\u00e8re et m\u00e9lodique : on entend beaucoup cela dans votre dernier album, \u00a0\u00bb Il n&rsquo;est jamais trop tard \u00ab\u00a0&#8230;\n<\/p>\n<p class=\" wall-content\"><strong class=\"color-primary\">T.D. : <\/strong>Merci &#8211; c&rsquo;est ce que je recherchais ! J&rsquo;ai pu, au d\u00e9but, me \u00a0\u00bb cacher \u00a0\u00bb derri\u00e8re les jeux de mots, la d\u00e9connade. L\u00e0, j&rsquo;avais envie de prendre du plaisir. Je me suis demand\u00e9, apr\u00e8s la tourn\u00e9e pr\u00e9c\u00e9dente, ce qui manquait \u00e0 nos spectacles et j&rsquo;ai compos\u00e9 ces chansons qui sont, en effet, plus proches de la pop que ce que j&rsquo;ai pu faire pr\u00e9c\u00e9demment, qui \u00e9tait un peu plus vari\u00e9t\u00e9.<\/p>\n<p>Votre r\u00e9gion, votre actu !<\/p>\n<p>Recevez chaque jour les infos qui comptent pour vous.<\/p>\n<p>\t<a href=\"https:\/\/actu.fr\/newsletter\" class=\"ac-btn ac-btn--corner ac-btn--medium ac-btn--blue800\" target=\"_blank\" rel=\"noopener\">S&rsquo;incrire<\/a><br \/>\n\u00ab\u2009Je prends de plus en plus de plaisir \u00e0 chanter\u2009\u00bb<\/p>\n<p class=\"ac-article-content__question wall-content\">C&rsquo;est un disque tr\u00e8s chaleureux &#8211; dans quel \u00e9tat d&rsquo;esprit en avez-vous compos\u00e9 les chansons ?\n<\/p>\n<p class=\" wall-content\"><strong class=\"color-primary\">T.D. : <\/strong>Il y a eu le Covid, bien s\u00fbr, mais aussi cette longue tourn\u00e9e. Quand je suis rentr\u00e9, j&rsquo;ai juste pris quinze jours de vacances &#8211; David Chiron, lui, avait d\u00e9j\u00e0 commenc\u00e9 \u00e0 composer des morceaux. On s&rsquo;est mis dessus. Le Covid a fait que l&rsquo;on se rendait compte des petits bonheurs qui nous \u00e9taient enlev\u00e9s : l&rsquo;id\u00e9e de d\u00e9part \u00e9tait celle-l\u00e0, ce qui donne peut-\u00eatre sa couleur au disque&#8230;<\/p>\n<p class=\"ac-article-content__question wall-content\">Dans le clip de \u00a0\u00bb Larguer les amours \u00ab\u00a0, on vous voit chanter, sans jouer de guitare &#8211; vous sentez-vous de plus en plus \u00e0 l&rsquo;aise comme chanteur, vous que l&rsquo;on a d\u00e9couvert surtout pour vos talents de guitariste virtuose ?\n<\/p>\n<p class=\" wall-content\"><strong class=\"color-primary\">T.D. : <\/strong>\u00a0\u00bb Virtuose \u00ab\u00a0, je sais pas, mais oui, c&rsquo;est vrai que je prends de plus en plus de plaisir \u00e0 chanter. Je suis devenu chanteur un peu par accident &#8211; mon premier boulot, c&rsquo;est guitariste. Quand les Enfoir\u00e9s m&rsquo;ont invit\u00e9, ils m&rsquo;ont demand\u00e9 de chanter des trucs et \u00e7a m&rsquo;a beaucoup plu. Adamo m&rsquo;a dit un jour que je devrais chanter davantage&#8230; Tout cela a fait que je m&rsquo;y suis mis et j&rsquo;ai aim\u00e9 \u00e7a.<\/p>\n<p>\u00ab\u2009On a un peu perdu la musique en route\u2009\u00bb<\/p>\n<p class=\"ac-article-content__question wall-content\">Votre style vocal, votre humour, votre d\u00e9contraction \u00e9voquent souvent votre c\u00e9l\u00e8bre papa. Vous arrive-t-il de vous brider, de modifier une intonation parce que \u00a0\u00bb \u00e7a fait trop Dutronc \u00a0\u00bb ?\n<\/p>\n<p class=\" wall-content\"><strong class=\"color-primary\">T.D. : <\/strong>Ah non, au contraire ! J&rsquo;en joue beaucoup ! \u00c7a me fait marrer, en v\u00e9rit\u00e9 !<\/p>\n<p class=\"ac-article-content__question wall-content\">Dans quelques jours d\u00e9bute \u00e0 Toulouse le festival D\u00e9tours de chant, qui c\u00e9l\u00e8bre la richesse de la chanson fran\u00e7aise d\u00e9bute : comment ne pas vous demander, \u00e0 vous, ce que repr\u00e9sente pour vous la chanson fran\u00e7aise ?\n<\/p>\n<p class=\" wall-content\"><strong class=\"color-primary\">T.D. : <\/strong>J&rsquo;ai grandi dedans, bien s\u00fbr. J&rsquo;ai aussi remont\u00e9 le temps et j&rsquo;adore des artistes comme Trenet ou Mireille. Je pense qu&rsquo;on a eu un \u00e2ge d&rsquo;or de la chanson fran\u00e7aise dans les ann\u00e9es 60-70, avec Brel, Brassens, V\u00e9ronique Sanson, Gainsbourg, mes parents&#8230; et on a un peu perdu la musique en route. Le texte est important &#8211; on le voit dans le rap &#8211; mais il est important de revenir \u00e0 la musique.<\/p>\n<p class=\"ac-article-content__question wall-content\">Vous \u00e9voquez vos parents : les concerts de samedi et dimanche seront l&rsquo;occasion de leur rendre hommage&#8230;\n<\/p>\n<p class=\" wall-content\"><strong class=\"color-primary\">T.D. : <\/strong>Je chanterai un titre de ma maman, Les ronds dans l&rsquo;eau &#8211; on a mis du temps \u00e0 trouver le bon arrangement et je pense que ce sera tr\u00e8s beau. Et puis un des seuls tubes de mon p\u00e8re dont il n&rsquo;a pas \u00e9crit la musique, \u00a0\u00bb Gentleman Cambrioleur \u00ab\u00a0. Le public aime cette chanson, et moi aussi, alors&#8230;<\/p>\n<p class=\" wall-content\">Propos recueillis par<b> Yves GABAY<\/b><\/p>\n<p>Thomas Dutronc en concert samedi\u00a017 et dimanche 18\u00a0janvier \u00e0 20h30 \u00e0 la Halle aux Grains (1, place Dupuy). Tarifs de 33 \u00e0 51\u20ac. Information et r\u00e9servation\u2009: www.odyssud.com<\/p>\n<p class=\" wall-content\">Personnalisez votre actualit\u00e9 en ajoutant vos villes et m\u00e9dias en favori avec <a href=\"https:\/\/moncompte.actu.fr\" title=\"D\u00e9couvez Mon Actu\" rel=\"nofollow noopener\" data-trk=\"{&quot;cta&quot;:{&quot;action&quot;:&quot;https:\\\/\\\/moncompte.actu.fr&quot;,&quot;category&quot;:&quot;mon compte&quot;,&quot;from&quot;:&quot;article footer&quot;,&quot;name&quot;:&quot;Mon actu&quot;,&quot;type&quot;:&quot;cta&quot;}}\" target=\"_blank\">Mon Actu<\/a>.<\/p>\n","protected":false},"excerpt":{"rendered":"Par R\u00e9daction de Toulouse Publi\u00e9 le 15 janv. 2026 \u00e0 19h16 D\u00e9contraction et virtuosit\u00e9, \u00e9l\u00e9gance et nonchalance, m\u00e9lodies&hellip;\n","protected":false},"author":2,"featured_media":665934,"comment_status":"","ping_status":"","sticky":false,"template":"","format":"standard","meta":{"footnotes":""},"categories":[2816],"tags":[1111,11,1777,674,1011,27,1652,12,2680,25,1341,2312],"class_list":{"0":"post-665933","1":"post","2":"type-post","3":"status-publish","4":"format-standard","5":"has-post-thumbnail","7":"category-toulouse","8":"tag-actu","9":"tag-actualites","10":"tag-eu","11":"tag-europe","12":"tag-fr","13":"tag-france","14":"tag-loisirs-culture","15":"tag-news","16":"tag-occitanie","17":"tag-republique-francaise","18":"tag-sortir-a-toulouse","19":"tag-toulouse"},"share_on_mastodon":{"url":"https:\/\/pubeurope.com\/@fr\/115900550119999755","error":""},"_links":{"self":[{"href":"https:\/\/www.europesays.com\/fr\/wp-json\/wp\/v2\/posts\/665933","targetHints":{"allow":["GET"]}}],"collection":[{"href":"https:\/\/www.europesays.com\/fr\/wp-json\/wp\/v2\/posts"}],"about":[{"href":"https:\/\/www.europesays.com\/fr\/wp-json\/wp\/v2\/types\/post"}],"author":[{"embeddable":true,"href":"https:\/\/www.europesays.com\/fr\/wp-json\/wp\/v2\/users\/2"}],"replies":[{"embeddable":true,"href":"https:\/\/www.europesays.com\/fr\/wp-json\/wp\/v2\/comments?post=665933"}],"version-history":[{"count":0,"href":"https:\/\/www.europesays.com\/fr\/wp-json\/wp\/v2\/posts\/665933\/revisions"}],"wp:featuredmedia":[{"embeddable":true,"href":"https:\/\/www.europesays.com\/fr\/wp-json\/wp\/v2\/media\/665934"}],"wp:attachment":[{"href":"https:\/\/www.europesays.com\/fr\/wp-json\/wp\/v2\/media?parent=665933"}],"wp:term":[{"taxonomy":"category","embeddable":true,"href":"https:\/\/www.europesays.com\/fr\/wp-json\/wp\/v2\/categories?post=665933"},{"taxonomy":"post_tag","embeddable":true,"href":"https:\/\/www.europesays.com\/fr\/wp-json\/wp\/v2\/tags?post=665933"}],"curies":[{"name":"wp","href":"https:\/\/api.w.org\/{rel}","templated":true}]}}