{"id":665935,"date":"2026-01-15T18:33:24","date_gmt":"2026-01-15T18:33:24","guid":{"rendered":"https:\/\/www.europesays.com\/fr\/665935\/"},"modified":"2026-01-15T18:33:24","modified_gmt":"2026-01-15T18:33:24","slug":"a-lille-la-brasserie-du-cerisier-propose-un-diner-les-yeux-bandes-pour-la-bonne-cause","status":"publish","type":"post","link":"https:\/\/www.europesays.com\/fr\/665935\/","title":{"rendered":"\u00e0 Lille, la Brasserie du Cerisier propose un d\u00eener les yeux band\u00e9s pour la bonne cause"},"content":{"rendered":"<p>                    Par<br \/>\n        <strong><br \/>\n            <a href=\"https:\/\/actu.fr\/auteur\/margot-nicodeme\" title=\"Consulter tous les articles de Margot Nicod\u00e8me\" target=\"_blank\" rel=\"noopener\">Margot Nicod\u00e8me<\/a><br \/>\n                    <\/strong><\/p>\n<p>        Publi\u00e9 le<\/p>\n<p>            15 janv. 2026 \u00e0 16h09        <\/p>\n<p>Une \u00ab\u00a0<b>exp\u00e9rience sensorielle<\/b> [qui] invite les convives \u00e0 red\u00e9couvrir les saveurs autrement, <b>les yeux band\u00e9s<\/b>, en sollicitant pleinement le go\u00fbt, l\u2019odorat et le toucher\u00a0\u00bb. Voici comment l\u2019\u00e9quipe<b> du Cerisier<\/b>, qui comprend deux restaurants sur l\u2019avenue du Peuple belge \u00e0 <a href=\"https:\/\/actu.fr\/hauts-de-france\/lille_59350\" target=\"_blank\" rel=\"noopener\">Lille<\/a> (Nord), d\u00e9crit la soir\u00e9e extraordinaire qu\u2019elle propose, le jeudi 22 janvier 2026. Le rendez-vous, qui sert une bonne cause qui plus est, est donn\u00e9 \u00e0 la <a href=\"https:\/\/actu.fr\/hauts-de-france\/lille_59350\/lille-brasserie-fine-et-abordable-dun-cote-chef-etoile-de-lautre-le-cerisier-renforce-son-attractivite_62410837.html\" target=\"_blank\" rel=\"noopener\">Brasserie, au rez-de-chauss\u00e9e<\/a>.<\/p>\n<p>Un d\u00eener d\u2019exception les yeux band\u00e9s \u00e0 la Brasserie du Cerisier \u00e0 Lille, pour la bonne cause<\/p>\n<p class=\" wall-content\">Pour cette occasion sp\u00e9ciale, la Brasserie s\u2019associe \u00e0 la fondation Usher Horizon, qui recevra <b>une partie des b\u00e9n\u00e9fices <\/b>de ce d\u00eener solidaire \u00e0 l\u2019aveugle. La fondation \u00ab\u00a0mobilise des fonds pour acc\u00e9l\u00e9rer les avanc\u00e9es m\u00e9dicales et contribuer \u00e0 la mise au point de traitements\u00a0\u00bb pour lutter contre le syndrome d\u2019Usher (maladie qui associe une perte d\u2019audition et une r\u00e9tinite pigmentaire, des troubles de la vue).<\/p>\n<p class=\" wall-content\">Le chef de la Brasserie du Cerisier, Elie Beghin, a concoct\u00e9 <b>un d\u00eener \u00ab\u00a0gastronomique d\u2019exception\u00a0\u00bb en quatre services<\/b>. \u00ab\u00a0Chaque plat, pens\u00e9 pour surprendre et \u00e9merveiller, offre une immersion sensorielle o\u00f9 le go\u00fbt, l\u2019odorat et le toucher prennent le pas sur la vue\u00a0\u00bb, est-il encore pr\u00e9cis\u00e9.<\/p>\n<p class=\" wall-content\">Le menu comprend les accords boisson, les amuse-bouche, l\u2019entr\u00e9e, le plat et le dessert et des mignardises. Il est propos\u00e9 au prix unique de 109 \u20ac par personne. Seuls <b>60 couverts sont pr\u00e9vus<\/b>, il vaut mieux ne pas tarder \u00e0 r\u00e9server !<\/p>\n<p>Jeudi 22 janvier 2026, \u00e0 19h30. R\u00e9servations sur <a href=\"https:\/\/www.lecerisier.com\/reservation-brasserie\/\" target=\"_blank\" rel=\"noopener\">le site du Cerisier \u00e0 Lille<\/a> ou appeler le 03 74 49 49 49.<\/p>\n<p class=\" wall-content\">Personnalisez votre actualit\u00e9 en ajoutant vos villes et m\u00e9dias en favori avec <a href=\"https:\/\/moncompte.actu.fr\" title=\"D\u00e9couvez Mon Actu\" rel=\"nofollow noopener\" data-trk=\"{&quot;cta&quot;:{&quot;action&quot;:&quot;https:\\\/\\\/moncompte.actu.fr&quot;,&quot;category&quot;:&quot;mon compte&quot;,&quot;from&quot;:&quot;article footer&quot;,&quot;name&quot;:&quot;Mon actu&quot;,&quot;type&quot;:&quot;cta&quot;}}\" target=\"_blank\">Mon Actu<\/a>.<\/p>\n","protected":false},"excerpt":{"rendered":"Par Margot Nicod\u00e8me Publi\u00e9 le 15 janv. 2026 \u00e0 16h09 Une \u00ab\u00a0exp\u00e9rience sensorielle [qui] invite les convives \u00e0&hellip;\n","protected":false},"author":2,"featured_media":665936,"comment_status":"","ping_status":"","sticky":false,"template":"","format":"standard","meta":{"footnotes":""},"categories":[2815],"tags":[1111,11,1777,674,1011,27,811,1757,1307,12,25,1340,104],"class_list":{"0":"post-665935","1":"post","2":"type-post","3":"status-publish","4":"format-standard","5":"has-post-thumbnail","7":"category-lille","8":"tag-actu","9":"tag-actualites","10":"tag-eu","11":"tag-europe","12":"tag-fr","13":"tag-france","14":"tag-hauts-de-france","15":"tag-insolite","16":"tag-lille","17":"tag-news","18":"tag-republique-francaise","19":"tag-restaurant","20":"tag-societe"},"share_on_mastodon":{"url":"https:\/\/pubeurope.com\/@fr\/115900553877140959","error":""},"_links":{"self":[{"href":"https:\/\/www.europesays.com\/fr\/wp-json\/wp\/v2\/posts\/665935","targetHints":{"allow":["GET"]}}],"collection":[{"href":"https:\/\/www.europesays.com\/fr\/wp-json\/wp\/v2\/posts"}],"about":[{"href":"https:\/\/www.europesays.com\/fr\/wp-json\/wp\/v2\/types\/post"}],"author":[{"embeddable":true,"href":"https:\/\/www.europesays.com\/fr\/wp-json\/wp\/v2\/users\/2"}],"replies":[{"embeddable":true,"href":"https:\/\/www.europesays.com\/fr\/wp-json\/wp\/v2\/comments?post=665935"}],"version-history":[{"count":0,"href":"https:\/\/www.europesays.com\/fr\/wp-json\/wp\/v2\/posts\/665935\/revisions"}],"wp:featuredmedia":[{"embeddable":true,"href":"https:\/\/www.europesays.com\/fr\/wp-json\/wp\/v2\/media\/665936"}],"wp:attachment":[{"href":"https:\/\/www.europesays.com\/fr\/wp-json\/wp\/v2\/media?parent=665935"}],"wp:term":[{"taxonomy":"category","embeddable":true,"href":"https:\/\/www.europesays.com\/fr\/wp-json\/wp\/v2\/categories?post=665935"},{"taxonomy":"post_tag","embeddable":true,"href":"https:\/\/www.europesays.com\/fr\/wp-json\/wp\/v2\/tags?post=665935"}],"curies":[{"name":"wp","href":"https:\/\/api.w.org\/{rel}","templated":true}]}}