{"id":665937,"date":"2026-01-15T18:34:10","date_gmt":"2026-01-15T18:34:10","guid":{"rendered":"https:\/\/www.europesays.com\/fr\/665937\/"},"modified":"2026-01-15T18:34:10","modified_gmt":"2026-01-15T18:34:10","slug":"un-baby-sitter-a-ete-place-en-detention-pour-viol-sur-mineur-a-lille","status":"publish","type":"post","link":"https:\/\/www.europesays.com\/fr\/665937\/","title":{"rendered":"Un baby-sitter a \u00e9t\u00e9 plac\u00e9 en d\u00e9tention pour viol sur mineur \u00e0 Lille"},"content":{"rendered":"<p>Un homme de 36 ans a \u00e9t\u00e9 plac\u00e9 en d\u00e9tention pour viol sur mineur lors d&rsquo;un baby-sitting, par le parquet de Lille. D\u00e9j\u00e0 connu de la justice, il avait \u00e9t\u00e9 condamn\u00e9 \u00e0 5 ans d&#8217;emprisonnement pour agression sexuelle sur mineur en 2020. <\/p>\n<p><strong>Un homme de 36 ans a \u00e9t\u00e9 plac\u00e9 en d\u00e9tention pour viol sur mineur \u00e0 Lille.<\/strong> Ce <strong>baby-sitter<\/strong> est suspect\u00e9 d&rsquo;avoir agress\u00e9 plusieurs enfants dans la m\u00e9tropole lilloise. Au total, <strong>une trentaine de famille a pu avoir recours \u00e0 ses services.<\/strong><\/p>\n<p>C&rsquo;est la m\u00e8re d&rsquo;un enfant \u00e2g\u00e9 de presque 3 ans qui a alert\u00e9 la police le 29 d\u00e9cembre 2025. Elle s&rsquo;est rendue dans un commissariat de police de la m\u00e9tropole lilloise pour r\u00e9v\u00e9ler <strong>des faits de viol sur son fils commis par ce baby-sitter.<\/strong> Elle l&rsquo;avait recrut\u00e9 via une plateforme internet d\u00e9di\u00e9e \u00e0 la garde d&rsquo;enfants.<\/p>\n<p>Un baby-sitter d\u00e9j\u00e0 connu de la justice pour des faits similaires<\/p>\n<p>Le mis en cause est d\u00e9j\u00e0 connu de la justice puisqu&rsquo;il a \u00e9t\u00e9 <strong>condamn\u00e9 par le pass\u00e9 \u00e0 5 ans d&#8217;emprisonnement pour agression sexuelle sur mineur<\/strong> \u00e0 Nice, en octobre 2020. Il \u00e9tait alors soumis \u00e0 une obligation de suivi m\u00e9dico-judiciaire et \u00e0 l&rsquo;interdiction d&rsquo;exercer une activit\u00e9 impliquant un contact habituel avec des mineurs.<\/p>\n<p>Pourtant, en mai 2025, il travaille comme baby-sitter dans la m\u00e9tropole lilloise. C&rsquo;est un voisin qui alerte la justice sur son activit\u00e9, mais les enqu\u00eateurs ne parviennent pas \u00e0 le retrouver sur quelconque plateforme o\u00f9 il proposerait ses services.<\/p>\n<p>Apr\u00e8s la plainte de la m\u00e8re, l&rsquo;homme est finalement plac\u00e9 en d\u00e9tention. Certaines familles potentiellement concern\u00e9es ont \u00e9t\u00e9 contact\u00e9es les enqu\u00eateurs qui poursuivent leur travail. Des \u00ab\u00a0<strong>suspicions ont \u00e9t\u00e9 relev\u00e9es pour deux familles<\/strong> sans que l\u2019enqu\u00eate n\u2019ait encore \u00e9tabli de faits p\u00e9nalement r\u00e9pr\u00e9hensibles\u00a0\u00bb, pr\u00e9cise le parquet. La justice cherche aussi \u00e0 comprendre comment le mis en cause a pu proposer ses services sur une plateforme malgr\u00e9 ses condamnations pass\u00e9es.<\/p>\n","protected":false},"excerpt":{"rendered":"Un homme de 36 ans a \u00e9t\u00e9 plac\u00e9 en d\u00e9tention pour viol sur mineur lors d&rsquo;un baby-sitting, par&hellip;\n","protected":false},"author":2,"featured_media":665938,"comment_status":"","ping_status":"","sticky":false,"template":"","format":"standard","meta":{"footnotes":""},"categories":[2815],"tags":[1111,11,1777,674,1011,27,811,1307,12,25],"class_list":{"0":"post-665937","1":"post","2":"type-post","3":"status-publish","4":"format-standard","5":"has-post-thumbnail","7":"category-lille","8":"tag-actu","9":"tag-actualites","10":"tag-eu","11":"tag-europe","12":"tag-fr","13":"tag-france","14":"tag-hauts-de-france","15":"tag-lille","16":"tag-news","17":"tag-republique-francaise"},"share_on_mastodon":{"url":"https:\/\/pubeurope.com\/@fr\/115900557795652919","error":""},"_links":{"self":[{"href":"https:\/\/www.europesays.com\/fr\/wp-json\/wp\/v2\/posts\/665937","targetHints":{"allow":["GET"]}}],"collection":[{"href":"https:\/\/www.europesays.com\/fr\/wp-json\/wp\/v2\/posts"}],"about":[{"href":"https:\/\/www.europesays.com\/fr\/wp-json\/wp\/v2\/types\/post"}],"author":[{"embeddable":true,"href":"https:\/\/www.europesays.com\/fr\/wp-json\/wp\/v2\/users\/2"}],"replies":[{"embeddable":true,"href":"https:\/\/www.europesays.com\/fr\/wp-json\/wp\/v2\/comments?post=665937"}],"version-history":[{"count":0,"href":"https:\/\/www.europesays.com\/fr\/wp-json\/wp\/v2\/posts\/665937\/revisions"}],"wp:featuredmedia":[{"embeddable":true,"href":"https:\/\/www.europesays.com\/fr\/wp-json\/wp\/v2\/media\/665938"}],"wp:attachment":[{"href":"https:\/\/www.europesays.com\/fr\/wp-json\/wp\/v2\/media?parent=665937"}],"wp:term":[{"taxonomy":"category","embeddable":true,"href":"https:\/\/www.europesays.com\/fr\/wp-json\/wp\/v2\/categories?post=665937"},{"taxonomy":"post_tag","embeddable":true,"href":"https:\/\/www.europesays.com\/fr\/wp-json\/wp\/v2\/tags?post=665937"}],"curies":[{"name":"wp","href":"https:\/\/api.w.org\/{rel}","templated":true}]}}