{"id":665945,"date":"2026-01-15T18:38:16","date_gmt":"2026-01-15T18:38:16","guid":{"rendered":"https:\/\/www.europesays.com\/fr\/665945\/"},"modified":"2026-01-15T18:38:16","modified_gmt":"2026-01-15T18:38:16","slug":"metropole-de-lyon-un-fourgon-blinde-braque-a-villeurbanne-les-malfrats-ont-agi-lors-du-chargement-de-bijoux-de-luxe","status":"publish","type":"post","link":"https:\/\/www.europesays.com\/fr\/665945\/","title":{"rendered":"M\u00e9tropole de Lyon. Un fourgon blind\u00e9 braqu\u00e9 \u00e0 Villeurbanne, les malfrats ont agi lors du chargement de bijoux de luxe"},"content":{"rendered":"<p>Ils \u00e9taient porteurs de brassards orange, semble-t-il sigl\u00e9s police, de gilets pare-balles et de gants. Deux malfrats, munis d\u2019un revolver et d\u2019une bombe lacrymog\u00e8ne, ont fait main basse sur tout ou partie du contenu d\u2019un camion banalis\u00e9 et blind\u00e9 de la soci\u00e9t\u00e9 Temis, \u00e0 la mi-journ\u00e9e, jeudi, \u00e0 Villeurbanne.<\/p>\n<p>Le braquage s\u2019est produit vers 12\u00a0h\u00a040, en marge d\u2019un chargement, sur le parking priv\u00e9 d\u2019un atelier de fabrication de&#8230;<\/p>\n","protected":false},"excerpt":{"rendered":"Ils \u00e9taient porteurs de brassards orange, semble-t-il sigl\u00e9s police, de gilets pare-balles et de gants. Deux malfrats, munis&hellip;\n","protected":false},"author":2,"featured_media":665946,"comment_status":"","ping_status":"","sticky":false,"template":"","format":"standard","meta":{"footnotes":""},"categories":[1889],"tags":[1111,11,2430,271,272,2757,1777,674,274,107,1011,27,2428,12,25,2429,6345,6346],"class_list":{"0":"post-665945","1":"post","2":"type-post","3":"status-publish","4":"format-standard","5":"has-post-thumbnail","7":"category-lyon","8":"tag-actu","9":"tag-actualites","10":"tag-auvergne-rhone-alpes","11":"tag-crime","12":"tag-delit-et-contravention","13":"tag-edition-lyon-villeurbanne","14":"tag-eu","15":"tag-europe","16":"tag-faits-divers-justice","17":"tag-fil-info","18":"tag-fr","19":"tag-france","20":"tag-lyon","21":"tag-news","22":"tag-republique-francaise","23":"tag-rhone","24":"tag-villeurbanne","25":"tag-villeurbanne-bassin"},"share_on_mastodon":{"url":"https:\/\/pubeurope.com\/@fr\/115900573484027733","error":""},"_links":{"self":[{"href":"https:\/\/www.europesays.com\/fr\/wp-json\/wp\/v2\/posts\/665945","targetHints":{"allow":["GET"]}}],"collection":[{"href":"https:\/\/www.europesays.com\/fr\/wp-json\/wp\/v2\/posts"}],"about":[{"href":"https:\/\/www.europesays.com\/fr\/wp-json\/wp\/v2\/types\/post"}],"author":[{"embeddable":true,"href":"https:\/\/www.europesays.com\/fr\/wp-json\/wp\/v2\/users\/2"}],"replies":[{"embeddable":true,"href":"https:\/\/www.europesays.com\/fr\/wp-json\/wp\/v2\/comments?post=665945"}],"version-history":[{"count":0,"href":"https:\/\/www.europesays.com\/fr\/wp-json\/wp\/v2\/posts\/665945\/revisions"}],"wp:featuredmedia":[{"embeddable":true,"href":"https:\/\/www.europesays.com\/fr\/wp-json\/wp\/v2\/media\/665946"}],"wp:attachment":[{"href":"https:\/\/www.europesays.com\/fr\/wp-json\/wp\/v2\/media?parent=665945"}],"wp:term":[{"taxonomy":"category","embeddable":true,"href":"https:\/\/www.europesays.com\/fr\/wp-json\/wp\/v2\/categories?post=665945"},{"taxonomy":"post_tag","embeddable":true,"href":"https:\/\/www.europesays.com\/fr\/wp-json\/wp\/v2\/tags?post=665945"}],"curies":[{"name":"wp","href":"https:\/\/api.w.org\/{rel}","templated":true}]}}