{"id":665947,"date":"2026-01-15T18:40:13","date_gmt":"2026-01-15T18:40:13","guid":{"rendered":"https:\/\/www.europesays.com\/fr\/665947\/"},"modified":"2026-01-15T18:40:13","modified_gmt":"2026-01-15T18:40:13","slug":"lile-de-france-retrouve-sa-place-de-leader-touristique-un-an-apres-les-jeux-olympiques","status":"publish","type":"post","link":"https:\/\/www.europesays.com\/fr\/665947\/","title":{"rendered":"L&rsquo;\u00cele-de-France retrouve sa place de leader touristique un an apr\u00e8s les Jeux Olympiques"},"content":{"rendered":"<p>\t\t\t\t\t Un an apr\u00e8s l\u2019effervescence des Jeux Olympiques et Paralympiques de Paris 2024, le tourisme francilien affiche une sant\u00e9 de fer. La fr\u00e9quentation dans les h\u00e9bergements collectifs a bondi de 12 % par rapport \u00e0 2024 et de 5 % par rapport \u00e0 2023. <\/p>\n<p>Ce dynamisme permet \u00e0 l\u2019\u00cele-de-France de reprendre la premi\u00e8re marche du podium national, devant la Nouvelle-Aquitaine (48,5 millions de nuit\u00e9es) et l\u2019Occitanie (47,2 millions). L&rsquo;Ile-de-France occupait l&rsquo;an dernier la 3e marche du podium en nombre de nuit\u00e9es.&#13;\t\t\t\t\t <\/p>\n<p>Tous les modes d&rsquo;h\u00e9bergement profitent de cette embellie, bien que l&rsquo;h\u00f4tellerie reste le pilier central avec 80 % du total des nuit\u00e9es (en hausse de 11,4 %).&#13;\t\t\t\t\t <\/p>\n<ul class=\"list\">\n<li><b>Le segment luxe et milieu de gamme :<\/b> Les h\u00f4tels class\u00e9s 3, 4 et 5 \u00e9toiles captent l&rsquo;essentiel de la demande, avec des hausses de fr\u00e9quentation respectives de 13,1 % et 13,8 %.<\/li>\n<\/ul>\n<p><\/p>\n<ul class=\"list\">\n<li><b>L&rsquo;alternatif en plein essor :<\/b> Les r\u00e9sidences de tourisme, villages de vacances et auberges de jeunesse (AHCT) enregistrent la plus forte progression relative avec +16,5 %.<\/li>\n<\/ul>\n<p><\/p>\n<ul class=\"list\">\n<li><b>Les campings :<\/b> Ils affichent une croissance plus mod\u00e9r\u00e9e de 6,6 %.<\/li>\n<\/ul>\n<p>\n\t\t\t\t\t G\u00e9ographiquement, si Paris reste le c\u0153ur battant de cette reprise (+13,9 %), les Hauts-de-Seine se distinguent avec une progression remarquable de 16,2 %.<\/p>\n<p><b>A lire aussi :<\/b> <a class=\"liens\" href=\"https:\/\/www.tourmag.com\/Paris-et-sa-region-depassent-les-niveaux-pre-covid_a128296.html\" target=\"_blank\" rel=\"noopener\">Paris et sa r\u00e9gion d\u00e9passent les niveaux pr\u00e9-covid<\/a>\n\t\t\t\t <\/p>\n","protected":false},"excerpt":{"rendered":"Un an apr\u00e8s l\u2019effervescence des Jeux Olympiques et Paralympiques de Paris 2024, le tourisme francilien affiche une sant\u00e9&hellip;\n","protected":false},"author":2,"featured_media":665948,"comment_status":"","ping_status":"","sticky":false,"template":"","format":"standard","meta":{"footnotes":""},"categories":[1592],"tags":[1111,11,1777,674,1011,27,662,12,626,25],"class_list":{"0":"post-665947","1":"post","2":"type-post","3":"status-publish","4":"format-standard","5":"has-post-thumbnail","7":"category-ile-de-france","8":"tag-actu","9":"tag-actualites","10":"tag-eu","11":"tag-europe","12":"tag-fr","13":"tag-france","14":"tag-ile-de-france","15":"tag-news","16":"tag-paris","17":"tag-republique-francaise"},"share_on_mastodon":{"url":"https:\/\/pubeurope.com\/@fr\/115900581434339138","error":""},"_links":{"self":[{"href":"https:\/\/www.europesays.com\/fr\/wp-json\/wp\/v2\/posts\/665947","targetHints":{"allow":["GET"]}}],"collection":[{"href":"https:\/\/www.europesays.com\/fr\/wp-json\/wp\/v2\/posts"}],"about":[{"href":"https:\/\/www.europesays.com\/fr\/wp-json\/wp\/v2\/types\/post"}],"author":[{"embeddable":true,"href":"https:\/\/www.europesays.com\/fr\/wp-json\/wp\/v2\/users\/2"}],"replies":[{"embeddable":true,"href":"https:\/\/www.europesays.com\/fr\/wp-json\/wp\/v2\/comments?post=665947"}],"version-history":[{"count":0,"href":"https:\/\/www.europesays.com\/fr\/wp-json\/wp\/v2\/posts\/665947\/revisions"}],"wp:featuredmedia":[{"embeddable":true,"href":"https:\/\/www.europesays.com\/fr\/wp-json\/wp\/v2\/media\/665948"}],"wp:attachment":[{"href":"https:\/\/www.europesays.com\/fr\/wp-json\/wp\/v2\/media?parent=665947"}],"wp:term":[{"taxonomy":"category","embeddable":true,"href":"https:\/\/www.europesays.com\/fr\/wp-json\/wp\/v2\/categories?post=665947"},{"taxonomy":"post_tag","embeddable":true,"href":"https:\/\/www.europesays.com\/fr\/wp-json\/wp\/v2\/tags?post=665947"}],"curies":[{"name":"wp","href":"https:\/\/api.w.org\/{rel}","templated":true}]}}