{"id":665957,"date":"2026-01-15T18:45:11","date_gmt":"2026-01-15T18:45:11","guid":{"rendered":"https:\/\/www.europesays.com\/fr\/665957\/"},"modified":"2026-01-15T18:45:11","modified_gmt":"2026-01-15T18:45:11","slug":"la-russie-presse-kiev-de-capituler-et-la-france-se-substitue-aux-etats-unis","status":"publish","type":"post","link":"https:\/\/www.europesays.com\/fr\/665957\/","title":{"rendered":"La Russie presse Kiev de capituler et la France se substitue aux Etats-Unis"},"content":{"rendered":"<p>Vous avez rat\u00e9 les derniers \u00e9v\u00e9nements sur la <a href=\"https:\/\/www.20minutes.fr\/monde\/ukraine\/\" class=\"c-link c-link--is-underlined\" target=\"_blank\" rel=\"noopener\">guerre en Ukraine<\/a>\u00a0? 20 Minutes fait le point pour vous tous les soirs. Voici l\u2019essentiel de ce jeudi 15\u00a0janvier, au 1.421e jour du conflit.<\/p>\n<p>Le fait du jour<\/p>\n<p>C\u2019est presque un appel \u00e0 la capitulation. Le Kremlin a estim\u00e9 jeudi que les opportunit\u00e9s se r\u00e9duisent pour l\u2019Ukraine si elle veut trouver une issue n\u00e9goci\u00e9e \u00e0 la guerre contre la Russie, apr\u00e8s plusieurs semaines de pourparlers infructueux initi\u00e9s <a href=\"https:\/\/www.20minutes.fr\/dossier\/donald_trump\" class=\"c-link c-link--is-underlined\" target=\"_blank\" rel=\"noopener\">Donald Trump<\/a>. \u00ab\u00a0La situation se d\u00e9grade jour apr\u00e8s jour pour le r\u00e9gime de Kiev et sa fen\u00eatre pour prendre des d\u00e9cisions se r\u00e9duit [\u2026] Il est temps que <a href=\"https:\/\/www.20minutes.fr\/monde\/volodymyr-zelensky\/\" class=\"c-link c-link--is-underlined\" target=\"_blank\" rel=\"noopener\">Zelensky<\/a> prenne ses responsabilit\u00e9s et une d\u00e9cision appropri\u00e9e\u00a0\u00bb, a d\u00e9clar\u00e9 le porte-parole de <a href=\"https:\/\/www.20minutes.fr\/monde\/vladimir_poutine\/\" class=\"c-link c-link--is-underlined\" target=\"_blank\" rel=\"noopener\">Vladimir Poutine<\/a>, Dmitri Peskov, lors de son briefing \u00e0 la presse.<\/p>\n<p>Pour rappel, Moscou exige notamment que Kiev lui c\u00e8de enti\u00e8rement la r\u00e9gion ukrainienne de Donetsk, en Ukraine, qui reste l\u2019\u00e9picentre des combats. Le pr\u00e9sident russe a r\u00e9p\u00e9t\u00e9 fin\u00a02025 que la Russie atteindra ses objectifs en Ukraine \u00ab\u00a0par la voie militaire\u00a0\u00bb, si les n\u00e9gociations \u00e9chouaient.<\/p>\n<p>Sur le front, son arm\u00e9e, plus nombreuse, continue de progresser lentement dans certains secteurs, en d\u00e9pit de lourdes pertes.<\/p>\n<p><\/p>\n<p>La d\u00e9claration du jour<\/p>\n<blockquote class=\"mx-m@xs mx-xxl@md color-ultramarine c-citation\">\n<p class=\"font-weight-regular@xs text-italic font-source-serif-pro text-l@xs c-citation__content\">\u00ab\u00a0L\u00e0 o\u00f9 l\u2019Ukraine \u00e9tait \u00e9minemment d\u00e9pendante des capacit\u00e9s de renseignement am\u00e9ricaines \u00e0 une \u00e9crasante majorit\u00e9 il y a un an, aujourd\u2019hui, les deux tiers sont fournis par la France.\u00a0\u00bb<\/p>\n<\/blockquote>\n<p>Une affirmation d\u2019<a href=\"https:\/\/www.20minutes.fr\/politique\/emmanuel-macron\/\" class=\"c-link c-link--is-underlined\" target=\"_blank\" rel=\"noopener\">Emmanuel Macron<\/a> lors de ses v\u0153ux aux Arm\u00e9es ce jeudi sur la base a\u00e9rienne d\u2019Istres et une pierre dans le jardin des <a href=\"https:\/\/www.20minutes.fr\/monde\/etats-unis\/\" class=\"c-link c-link--is-underlined\" target=\"_blank\" rel=\"noopener\">Etats-Unis<\/a>. Le pr\u00e9sident fran\u00e7ais a ajout\u00e9 que les 34 pays de la Coalition des volontaires finan\u00e7aient \u00ab\u00a0100\u00a0%\u00a0\u00bb des moyens accord\u00e9s \u00e0 Kiev en mati\u00e8re de renseignement.<\/p>\n<p>Le chiffre du jour<\/p>\n<p>&#8211; 24\u00a0%. La chute des recettes que la Russie a tir\u00e9es de la vente des hydrocarbures \u2013 gaz et p\u00e9trole \u2013 en\u00a02025 par rapport \u00e0\u00a02024, selon les donn\u00e9es publi\u00e9es ce jeudi par le minist\u00e8re russe des Finances. Ce business a rapport\u00e9 8.467\u00a0milliards de roubles l\u2019an pass\u00e9, soit environ 93\u00a0milliards d\u2019euros, le niveau le plus bas des recettes depuis\u00a02020. Un signe peut-\u00eatre que les nouvelles sanctions occidentales ont un effet, m\u00eame si la Russie continue \u00e0 vendre d\u2019importantes quantit\u00e9s d\u2019hydrocarbure, \u00e0 la Chine, \u00e0 l\u2019Inde ou encore \u00e0 la Turquie.<\/p>\n<p>La tendance<\/p>\n<p>Quand la propagande pro-russe revient comme un boomerang et que la fake news ne paie plus. Le Rassemblement national a annonc\u00e9 ce jeudi retirer l\u2019investiture aux municipales de mars \u00e0 un candidat \u00e0 Condat-sur-Vienne \u2013 une commune de Haute-Vienne de 5.200 \u00e2mes \u2013 qui a notamment relay\u00e9 sur les r\u00e9seaux sociaux une fausse information concernant le massacre d\u2019Oradour-sur-Glane en\u00a01944.<\/p>\n<p>Selon les quotidiens Lib\u00e9ration et le Populaire du Centre, Jean-Ren\u00e9 Garinaud a publi\u00e9 en mai\u00a02022 une infox assurant que la division SS \u00ab\u00a0Das Reich\u00a0\u00bb, qui a ex\u00e9cut\u00e9 643 hommes, femmes et enfants dans le village d\u2019Oradour-sur-Glane le 10\u00a0juin 1944, \u00e9tait compos\u00e9e \u00ab\u00a0\u00e0 85\u00a0% d\u2019Ukrainiens nazifi\u00e9s\u00a0\u00bb.<\/p>\n<p><a href=\"http:\/\/www.20minutes.fr\/monde\/ukraine\" class=\"c-link c-btn c-btn--primary\" target=\"_blank\" rel=\"noopener\">Notre dossier sur la guerre en Ukraine<\/a><\/p>\n<p>Cette fausse information, qui s\u2019inscrit dans la rh\u00e9torique russe tentant de pr\u00e9senter l\u2019Ukraine comme acquise \u00e0 l\u2019id\u00e9ologie nazie, a \u00e9t\u00e9 r\u00e9fut\u00e9e en octobre par plusieurs historiens.<\/p>\n","protected":false},"excerpt":{"rendered":"Vous avez rat\u00e9 les derniers \u00e9v\u00e9nements sur la guerre en Ukraine\u00a0? 20 Minutes fait le point pour vous&hellip;\n","protected":false},"author":2,"featured_media":665958,"comment_status":"","ping_status":"","sticky":false,"template":"","format":"standard","meta":{"footnotes":""},"categories":[1591],"tags":[11,75,1073,73,842,1887,131,12,844,1885,1886,132,135,134],"class_list":{"0":"post-665957","1":"post","2":"type-post","3":"status-publish","4":"format-standard","5":"has-post-thumbnail","7":"category-russie","8":"tag-actualites","9":"tag-donald-trump","10":"tag-emmanuel-macron","11":"tag-etats-unis","12":"tag-fake-news","13":"tag-federation-de-russie","14":"tag-guerre-en-ukraine","15":"tag-news","16":"tag-petrole","17":"tag-russia","18":"tag-russian-federation","19":"tag-russie","20":"tag-vladimir-poutine","21":"tag-volodymyr-zelensky"},"share_on_mastodon":{"url":"https:\/\/pubeurope.com\/@fr\/115900601014492537","error":""},"_links":{"self":[{"href":"https:\/\/www.europesays.com\/fr\/wp-json\/wp\/v2\/posts\/665957","targetHints":{"allow":["GET"]}}],"collection":[{"href":"https:\/\/www.europesays.com\/fr\/wp-json\/wp\/v2\/posts"}],"about":[{"href":"https:\/\/www.europesays.com\/fr\/wp-json\/wp\/v2\/types\/post"}],"author":[{"embeddable":true,"href":"https:\/\/www.europesays.com\/fr\/wp-json\/wp\/v2\/users\/2"}],"replies":[{"embeddable":true,"href":"https:\/\/www.europesays.com\/fr\/wp-json\/wp\/v2\/comments?post=665957"}],"version-history":[{"count":0,"href":"https:\/\/www.europesays.com\/fr\/wp-json\/wp\/v2\/posts\/665957\/revisions"}],"wp:featuredmedia":[{"embeddable":true,"href":"https:\/\/www.europesays.com\/fr\/wp-json\/wp\/v2\/media\/665958"}],"wp:attachment":[{"href":"https:\/\/www.europesays.com\/fr\/wp-json\/wp\/v2\/media?parent=665957"}],"wp:term":[{"taxonomy":"category","embeddable":true,"href":"https:\/\/www.europesays.com\/fr\/wp-json\/wp\/v2\/categories?post=665957"},{"taxonomy":"post_tag","embeddable":true,"href":"https:\/\/www.europesays.com\/fr\/wp-json\/wp\/v2\/tags?post=665957"}],"curies":[{"name":"wp","href":"https:\/\/api.w.org\/{rel}","templated":true}]}}