{"id":665981,"date":"2026-01-15T19:02:13","date_gmt":"2026-01-15T19:02:13","guid":{"rendered":"https:\/\/www.europesays.com\/fr\/665981\/"},"modified":"2026-01-15T19:02:13","modified_gmt":"2026-01-15T19:02:13","slug":"le-nouveau-parcours-du-gp-de-marseille-devoile-actualite-2","status":"publish","type":"post","link":"https:\/\/www.europesays.com\/fr\/665981\/","title":{"rendered":"Le nouveau parcours du GP de Marseille d\u00e9voil\u00e9 &#8211; Actualit\u00e9"},"content":{"rendered":"<p>Le parcours de la traditionnelle course d\u2019ouverture de la saison professionnelle fran\u00e7aise, le Grand Prix de Marseille-La Marseillaise, a officiellement \u00e9t\u00e9 d\u00e9voil\u00e9 ce jeudi apr\u00e8s-midi \u00e0 Marseille. D\u00e9but d\u00e9cembre, DirectVelo vous annon\u00e7ait <a style=\"color: #e67e23; text-decoration: underline;\" href=\"https:\/\/www.directvelo.com\/actualite\/125718\/le-retour-du-velodrome-et-la-fin-des-cretes-pour-le-gp-de-marseille-la-marseillaise\" target=\"_blank\" rel=\"noopener\"><strong>la fin du passage de la Route des Cr\u00eates &#8211; d\u2019abord pour raisons s\u00e9curitaires &#8211; et le retour de l\u2019arriv\u00e9e dans la longue ligne droite en faux-plat descendant du Boulevard Michelet, devant le Stade V\u00e9lodrome<\/strong><\/a>.<\/p>\n<p>Deux changements qui ont pour cons\u00e9quence la r\u00e9duction de la distance totale de la course d\u2019un jour proven\u00e7ale. Le \u201cGPLM\u201d sera en effet long de 145.8 km le 1er f\u00e9vrier prochain, contre 164.2 km l\u2019an pass\u00e9 \u00e0 titre de comparaison.<\/p>\n<p>Autre \u00e9volution : la premi\u00e8re manche de la FDJ United Series &#8211; nouveau nom de la Coupe de France &#8211; quitte l\u2019Estaque et revient \u00e0 Ch\u00e2teau-Gombert, plus pr\u00e9cis\u00e9ment Rue Albert Einstein, dans le 13\u00e8me arrondissement de Marseille, pour son d\u00e9part. Avant \u201cun parcours traditionnel\u201d au nord de Marseille via les travers\u00e9es de Belcod\u00e8ne ou de Peynier, puis le premier GPM avec le Pas-de-la-Couelle (Km 41), le passage dans le massif de la Sainte-Beaume et l&rsquo;incontournable mont\u00e9e du Col de l\u2019Espigoulier (Km 74).<\/p>\n<p>Les coureurs reviendront ensuite sur Marseille en \u00e9vitant donc la fameuse Route des Cr\u00eates. \u201cOn peut attendre une arriv\u00e9e au sprint \u00e9tant donn\u00e9 le nouveau parcours\u201d, imagine-t-on ainsi du c\u00f4t\u00e9 de l\u2019organisation. \u201cLes directeurs sportifs devront \u00eatre inventifs\u201d, assure le nouveau directeur de course Jean-Luc Correard, alors que <a style=\"color: #e67e23; text-decoration: underline;\" href=\"https:\/\/www.directvelo.com\/actualite\/124775\/un-changement-de-presidence-pour-le-gp-de-marseille-la-marseillaise\" target=\"_blank\" rel=\"noopener\"><strong>l&rsquo;\u00e9preuve a aussi chang\u00e9 de pr\u00e9sidence cet hiver<\/strong><\/a>.\u00a0<\/p>\n<p>Pour rappel, <a style=\"color: #e67e23; text-decoration: underline;\" href=\"https:\/\/www.directvelo.com\/actualite\/125693\/gp-de-marseille-la-marseillaise-2026-les-equipes-invitees\" target=\"_blank\" rel=\"noopener\"><strong>19 formations, parmi lesquelles quatre WorldTeams,<\/strong><\/a> s\u2019affronteront pour tenter de remporter cette \u00e9dition 2026.<\/p>\n<p><img decoding=\"async\" src=\"https:\/\/www.europesays.com\/fr\/wp-content\/uploads\/2026\/01\/1768503731_397_GPLM III.png\" alt=\"\"\/><\/p>\n<p><img decoding=\"async\" src=\"https:\/\/www.europesays.com\/fr\/wp-content\/uploads\/2026\/01\/1768503733_57_GPLM II.png\" alt=\"\"\/><\/p>\n","protected":false},"excerpt":{"rendered":"Le parcours de la traditionnelle course d\u2019ouverture de la saison professionnelle fran\u00e7aise, le Grand Prix de Marseille-La Marseillaise,&hellip;\n","protected":false},"author":2,"featured_media":665942,"comment_status":"","ping_status":"","sticky":false,"template":"","format":"standard","meta":{"footnotes":""},"categories":[1411],"tags":[834,828,836,829,837,827,83,826,824,823,1154,207,814,817,815,816,822,821,832,211,839,1011,27,820,818,819,835,831,830,833,838,60,212,208,825],"class_list":{"0":"post-665981","1":"post","2":"type-post","3":"status-publish","4":"format-standard","5":"has-post-thumbnail","7":"category-cyclisme","8":"tag-attaque","9":"tag-belgique","10":"tag-braquet","11":"tag-bretagne","12":"tag-chute","13":"tag-competition","14":"tag-coupe-de-france","15":"tag-coureur","16":"tag-course-cyclisme","17":"tag-course-cycliste","18":"tag-cycling","19":"tag-cyclisme","20":"tag-direct","21":"tag-direct-velo","22":"tag-directvelo","23":"tag-directvelo-com","24":"tag-epreuve","25":"tag-epreuve-cycliste","26":"tag-federation-francaise-de-cyclisme","27":"tag-ffc","28":"tag-flandres","29":"tag-fr","30":"tag-france","31":"tag-live","32":"tag-live-course","33":"tag-live-epreuve","34":"tag-peloton","35":"tag-radio-peloton","36":"tag-radio-tour","37":"tag-ravitaillement","38":"tag-relance","39":"tag-sports","40":"tag-uci","41":"tag-velo","42":"tag-velos"},"share_on_mastodon":{"url":"https:\/\/pubeurope.com\/@fr\/115900668066808360","error":""},"_links":{"self":[{"href":"https:\/\/www.europesays.com\/fr\/wp-json\/wp\/v2\/posts\/665981","targetHints":{"allow":["GET"]}}],"collection":[{"href":"https:\/\/www.europesays.com\/fr\/wp-json\/wp\/v2\/posts"}],"about":[{"href":"https:\/\/www.europesays.com\/fr\/wp-json\/wp\/v2\/types\/post"}],"author":[{"embeddable":true,"href":"https:\/\/www.europesays.com\/fr\/wp-json\/wp\/v2\/users\/2"}],"replies":[{"embeddable":true,"href":"https:\/\/www.europesays.com\/fr\/wp-json\/wp\/v2\/comments?post=665981"}],"version-history":[{"count":0,"href":"https:\/\/www.europesays.com\/fr\/wp-json\/wp\/v2\/posts\/665981\/revisions"}],"wp:featuredmedia":[{"embeddable":true,"href":"https:\/\/www.europesays.com\/fr\/wp-json\/wp\/v2\/media\/665942"}],"wp:attachment":[{"href":"https:\/\/www.europesays.com\/fr\/wp-json\/wp\/v2\/media?parent=665981"}],"wp:term":[{"taxonomy":"category","embeddable":true,"href":"https:\/\/www.europesays.com\/fr\/wp-json\/wp\/v2\/categories?post=665981"},{"taxonomy":"post_tag","embeddable":true,"href":"https:\/\/www.europesays.com\/fr\/wp-json\/wp\/v2\/tags?post=665981"}],"curies":[{"name":"wp","href":"https:\/\/api.w.org\/{rel}","templated":true}]}}