{"id":665984,"date":"2026-01-15T19:04:08","date_gmt":"2026-01-15T19:04:08","guid":{"rendered":"https:\/\/www.europesays.com\/fr\/665984\/"},"modified":"2026-01-15T19:04:08","modified_gmt":"2026-01-15T19:04:08","slug":"julio-iglesias-accuse-dabus-sexuels-par-deux-anciennes-employees-son-clan-nie-en-bloc-dautres-femmes-se-manifestent-lindependant","status":"publish","type":"post","link":"https:\/\/www.europesays.com\/fr\/665984\/","title":{"rendered":"Julio Iglesias accus\u00e9 d&#039;abus sexuels par deux anciennes employ\u00e9es : son clan nie en bloc, d&#039;autres femmes se manifestent &#8211; L&#039;Ind\u00e9pendant"},"content":{"rendered":"<ol>\n<li><a href=\"https:\/\/news.google.com\/rss\/articles\/CBMi-wFBVV95cUxPVUp2aGlRMVlVZEZjUkE1d2J5NkZYajZuUlNSaG1pa0wwb000VUFva0xrUHFHWFFVWGFLM1JWOTFaTGJMR3Fzb1VaYjctSW5rd0N2amwtMU16eklmTkFVd0JDMDJydHNsMHpzNW1FcXJGM1RMaXFOV2dRelhFOV9kamdhWTFwbjdsVUt3ZUtDT0JVdGZQYzAyZHc2ZFFRWk5EWlJRemJST1hfclk4d1BzcDRaWnVHR3FkNVpYa0Z1OTdOcnNOSU5mLUFKbWJjX2YxeVVVY2hWNWVMc2VGUnBQN002N2JlNnFMaGRnanZ4Z25lX0hYTUpaVk5YWQ?oc=5\" target=\"_blank\" rel=\"noopener\">Julio Iglesias accus\u00e9 d&rsquo;abus sexuels par deux anciennes employ\u00e9es : son clan nie en bloc, d&rsquo;autres femmes se manifestent<\/a>&nbsp;&nbsp;L&rsquo;Ind\u00e9pendant<\/li>\n<li><a href=\"https:\/\/news.google.com\/rss\/articles\/CBMi1wFBVV95cUxQLWZVTmNhVlhUal9RSEg4NGVRY01FR2lRVEt0UEFvYVZHcjR4RExfUHZReDlLSmFXaHo3UE9YWGJfdkxiQmFaSWw0V2RldFRQYUw3S1kzRFExbVhadVU1S0hPT0pHV0JiTi05cDhYWk9vOHZwc1RGaTZqS18yeGhHT2luRzVOTy1EQzBvUmFHZkRhblJoSF9UbXVpOU9nY1JCeUZna2NqU0JYZXZ0TklkRmhGNGRTQkZRTk1lRl8xM01iLWhIeXFHRGVXcnN0TXBrOHJxRXdDNA?oc=5\" target=\"_blank\" rel=\"noopener\">\u00ab\u00a0Je me sentais comme un objet\u00a0\u00bb : deux femmes accusent Julio Iglesias d&rsquo;agressions sexuelles et de \u00ab\u00a0traite d&rsquo;\u00eatres humains\u00a0\u00bb<\/a>&nbsp;&nbsp;France Info<\/li>\n<li><a href=\"https:\/\/news.google.com\/rss\/articles\/CBMipgJBVV95cUxOclBNODdLOEd5Q3oxYmtQTFktd0N5dVQ1cmt4b0dTejIyOGM0QURpaTRMWkF4WXdVRVpSYlVRM1hFd1Z1U29jOFAyVEdYMEpMUmFlNmxMVWxxWkRYUmJGTk85Z25ydEFreTR2OTg2aGxkNFBwdnl5bmZpdnMtNkhRd2hvVjZKOHNBMHQzTlp4cGVQRm1HM09HcHFqWWxGVkthcXVqUERzakU4SWE3ZFZwN0N4dkgyM0ZsNjNBbjJ4cG9QbDZ0Vm80TURXTVBycUNpRlROVlppVmVQdm40VTlSU2kyTzdEY0RCVWtFOE9jTUxzRDlHdWp1OFRITWRaWnVYYWdpNjRMdzJFQVNRZXlrdkpjRTBENGx4Q04xc0xsdnZlZFFWNlE?oc=5\" target=\"_blank\" rel=\"noopener\">Une vid\u00e9o de Julio Iglesias embrassant de force une animatrice TV ressurgit apr\u00e8s deux plaintes pour abus sexuels<\/a>&nbsp;&nbsp;Ouest-France<\/li>\n<li><a href=\"https:\/\/news.google.com\/rss\/articles\/CBMiwwFBVV95cUxQTFhteUhXRE5NUGNQbjZfUVFST0J0cHdMZ09wZWQzWFJBN2oyRHB2UlZQUi1VMFJXbEJLbjA3WF9BSzdrYWI4WlRfZGVMQkFLVTVfUXZkcXBaVU5fQzhYdVNxcXVubkVOZUUxelhYYXlmNVNxX2lTcmJaSC1aTlRmYnkzdDNTbXJ2Z0ZYSXFqV0xCMF85ckpyWDNwbHlKTGEwQnZ6QmlvUWlHUXdvQ0E3S2xwN19xaHNPZEd6NEtuUjhiVEU?oc=5\" target=\"_blank\" rel=\"noopener\">Julio Iglesias, accus\u00e9 de violences sexuelles et traite, pr\u00e9pare sa d\u00e9fense<\/a>&nbsp;&nbsp;20 Minutes<\/li>\n<li><a href=\"https:\/\/news.google.com\/rss\/articles\/CBMi3gFBVV95cUxQVmlxT24zOTRFazJISmJ2dFZteXF2QkMwbVY5ck1panU4X29jdkVESjlmc05KeVMyNTdoeTVqdGxvWkEwVU05YXhOOExCUVZVSTFfeDNrZHVrX0M2QXdKcWpmbmwzbzlqaDN3eElrSHpLVWFRcWtBcU9fREFSVzhjMW41YzVXQS1sNHRrV0F6bDZEdzg4TjV2bGx4SHl5Q0lUZ2dxN3VDTThOcExOS2k0czFJcHJJcDF3bnpOR2ZSZUJMdVQ4YXlKa2dQZlBnNlV2bUJseERaVzBvLU9VYmc?oc=5\" target=\"_blank\" rel=\"noopener\">\u00ab Un vieux pervers \u00bb : Julio Iglesias accus\u00e9 de d\u00e9lits sexuels et traite d&rsquo;\u00eatres humains, ce que l&rsquo;on sait<\/a>&nbsp;&nbsp;Actu.fr<\/li>\n<\/ol>\n","protected":false},"excerpt":{"rendered":"Julio Iglesias accus\u00e9 d&rsquo;abus sexuels par deux anciennes employ\u00e9es : son clan nie en bloc, d&rsquo;autres femmes se&hellip;\n","protected":false},"author":2,"featured_media":395849,"comment_status":"","ping_status":"","sticky":false,"template":"","format":"standard","meta":{"footnotes":""},"categories":[1359],"tags":[58,59,1011,27,973],"class_list":{"0":"post-665984","1":"post","2":"type-post","3":"status-publish","4":"format-standard","5":"has-post-thumbnail","7":"category-people","8":"tag-divertissement","9":"tag-entertainment","10":"tag-fr","11":"tag-france","12":"tag-people"},"share_on_mastodon":{"url":"https:\/\/pubeurope.com\/@fr\/115900675822215395","error":""},"_links":{"self":[{"href":"https:\/\/www.europesays.com\/fr\/wp-json\/wp\/v2\/posts\/665984","targetHints":{"allow":["GET"]}}],"collection":[{"href":"https:\/\/www.europesays.com\/fr\/wp-json\/wp\/v2\/posts"}],"about":[{"href":"https:\/\/www.europesays.com\/fr\/wp-json\/wp\/v2\/types\/post"}],"author":[{"embeddable":true,"href":"https:\/\/www.europesays.com\/fr\/wp-json\/wp\/v2\/users\/2"}],"replies":[{"embeddable":true,"href":"https:\/\/www.europesays.com\/fr\/wp-json\/wp\/v2\/comments?post=665984"}],"version-history":[{"count":0,"href":"https:\/\/www.europesays.com\/fr\/wp-json\/wp\/v2\/posts\/665984\/revisions"}],"wp:featuredmedia":[{"embeddable":true,"href":"https:\/\/www.europesays.com\/fr\/wp-json\/wp\/v2\/media\/395849"}],"wp:attachment":[{"href":"https:\/\/www.europesays.com\/fr\/wp-json\/wp\/v2\/media?parent=665984"}],"wp:term":[{"taxonomy":"category","embeddable":true,"href":"https:\/\/www.europesays.com\/fr\/wp-json\/wp\/v2\/categories?post=665984"},{"taxonomy":"post_tag","embeddable":true,"href":"https:\/\/www.europesays.com\/fr\/wp-json\/wp\/v2\/tags?post=665984"}],"curies":[{"name":"wp","href":"https:\/\/api.w.org\/{rel}","templated":true}]}}