{"id":665987,"date":"2026-01-15T19:07:10","date_gmt":"2026-01-15T19:07:10","guid":{"rendered":"https:\/\/www.europesays.com\/fr\/665987\/"},"modified":"2026-01-15T19:07:10","modified_gmt":"2026-01-15T19:07:10","slug":"demain-nous-appartient-en-avance-le-16-janvier-lidentite-du-harceleur-derica-se-devoile-tele-star","status":"publish","type":"post","link":"https:\/\/www.europesays.com\/fr\/665987\/","title":{"rendered":"Demain nous appartient en avance : le 16 janvier, l\u2019identit\u00e9 du harceleur d\u2019Erica se d\u00e9voile &#8211; T\u00e9l\u00e9 Star"},"content":{"rendered":"<ol>\n<li><a href=\"https:\/\/news.google.com\/rss\/articles\/CBMixwFBVV95cUxNV1VYRzFMdklxWl9SUVJxYzZJU3gtWVU1VmVwdkJ5TlUxV1N0THRPQlgyTTU3bnFXYmx4OFNGcndQZXloN1dyVml2NHVlSEtxTHF5akQ1OWJsSGpsMk90ZnplVzhRNzZwdnRaVnlGdEF2a0ZHbktnYXhTMkMzNGlDTDdlaUgtVVZBaG9tZHg5YXBlVV9vTTluZDNiM2lPVDhNSWlXU3hIdjdKS0hEQ0NPQ2JDaW8tMG1BX29nM0ZIeXVIRmxpUVZJ?oc=5\" target=\"_blank\" rel=\"noopener\">Demain nous appartient en avance : le 16 janvier, l\u2019identit\u00e9 du harceleur d\u2019Erica se d\u00e9voile<\/a>&nbsp;&nbsp;T\u00e9l\u00e9 Star<\/li>\n<li><a href=\"https:\/\/news.google.com\/rss\/articles\/CBMifkFVX3lxTFAzd3lKRmZXVUhvcmVzS2JuTGVEVkJMQnFaU2VCMzFkbnRzTlFKeHdLcDN1QktOeDFUMGd1WkJydUxYMDAwMTRCTEREUy1acW9fQXQyeDF5MHFaa0dlNGJwSGFCN3hSdHNTZjREb1NlNFJJMVh4QWplM3I1QWJjQQ?oc=5\" target=\"_blank\" rel=\"noopener\">Demain nous appartient : ce qui vous attend dans l&rsquo;\u00e9pisode 2120 du vendredi 16 janvier 2026 [SPOILERS]<\/a>&nbsp;&nbsp;AlloCin\u00e9<\/li>\n<li><a href=\"https:\/\/news.google.com\/rss\/articles\/CBMigAJBVV95cUxQNm5DeFA0OHoxWVotaXBrTzFtZ00xdjk0U3FUR1VZTE03ME9jX1V2cmVYek9wZlg4d2VHTjBCODJrN0NKMmVTblAwdjMzVV9ORkV5blRyRmdwTXMyZ2g4ZjF6WUJUNFc1MEtuS0NhYm5Ub3Jjand2cU1vd0FrLXkyVklIZDVfNlczcFY3UkkwTF9pRnpDc3dJU28tUmpLcWU0ZWdWaE5kc2tFbzF5djhLODVnU295T2RibUVELTBsV2ctMVpjeDBvLVFYcXlxQ3FaQi0zaHdMVmlTR2o1MlBhRlYyNkJxbHphVHEzT0R2RkF1WXFMdHBrMVBtb0lBLU5o?oc=5\" target=\"_blank\" rel=\"noopener\">Demain nous appartient : pourquoi Mathieu Bouvard s&rsquo;en prend-il \u00e0 Basile et Erica ?<\/a>&nbsp;&nbsp;Divertissements : Orange<\/li>\n<li><a href=\"https:\/\/news.google.com\/rss\/articles\/CBMi_wFBVV95cUxQSnNUUmVKaEFleHRHVkNndHUwNlJ5akVKeU8tQWU5S1FwQk5pcEpFVHZqSXR5OVhrZEFmNGJZaklhcDk1UzV2WTFVdlkyRW0xQTFGMmRMYkcyX25vS0dkMXk3WmtXRG9VWnZhQVhzbnpjM21La3o5TWFNNVJEYjJndDc1UDVRYzJSMDRrSFpfQ3FuTHVSWEtjZ3o3VlVRZjdZWm9SaWtiX0RGb1BudURhVWpJejdQcThSYUdFMmJwRFZHNHpLZGtUMjlJQXB6Z3J5dE5rcl9MTy1pOTJBV3NPY3M1Nlc3ZUIyQU5ZTi1iQXhseDRrSm1pV0oxOS12cXc?oc=5\" target=\"_blank\" rel=\"noopener\">Demain nous appartient : \u00ab\u00a0Tout ce que tu aimes, c\u2019est m\u2019afficher !\u00a0\u00bb Le r\u00e9sum\u00e9 du 16 janvier (SPOILERS)<\/a>&nbsp;&nbsp;T\u00e9l\u00e9 7 Jours<\/li>\n<li><a href=\"https:\/\/news.google.com\/rss\/articles\/CBMivAFBVV95cUxPXzhmemptMUhmaDh3aG1mVFp4YUJPcEd1TVVvbDllMHpEMDFZSThCRXhQVjBXdTE1NVFoZ1JwcU5hSzhEaFB6Q0J6c1VPcEdpdzhpbXE3QWxKRHU4Z0k3eGEzeEpnRFBLYmRRUXVsZklSVHJWUVBacWJyaERUMFJmNkpoQ1BrT3htRHVxTUlxT3hhdS0wRkpKX0xnVDU0a0V2cHo5WU9EV08tQzA0THpjb3NmaWNBS19KTzlJQg?oc=5\" target=\"_blank\" rel=\"noopener\">Demain nous appartient en avance : r\u00e9sum\u00e9 de l&rsquo;\u00e9pisode 2120 du vendredi 16 janvier<\/a>&nbsp;&nbsp;melty.fr<\/li>\n<\/ol>\n","protected":false},"excerpt":{"rendered":"Demain nous appartient en avance : le 16 janvier, l\u2019identit\u00e9 du harceleur d\u2019Erica se d\u00e9voile&nbsp;&nbsp;T\u00e9l\u00e9 Star Demain nous&hellip;\n","protected":false},"author":2,"featured_media":665988,"comment_status":"","ping_status":"","sticky":false,"template":"","format":"standard","meta":{"footnotes":""},"categories":[1356],"tags":[548,3598,58,59,1011,27,252,1364],"class_list":{"0":"post-665987","1":"post","2":"type-post","3":"status-publish","4":"format-standard","5":"has-post-thumbnail","7":"category-television","8":"tag-article-simple","9":"tag-demain-nous-appartient","10":"tag-divertissement","11":"tag-entertainment","12":"tag-fr","13":"tag-france","14":"tag-television","15":"tag-tv"},"share_on_mastodon":{"url":"https:\/\/pubeurope.com\/@fr\/115900687676085845","error":""},"_links":{"self":[{"href":"https:\/\/www.europesays.com\/fr\/wp-json\/wp\/v2\/posts\/665987","targetHints":{"allow":["GET"]}}],"collection":[{"href":"https:\/\/www.europesays.com\/fr\/wp-json\/wp\/v2\/posts"}],"about":[{"href":"https:\/\/www.europesays.com\/fr\/wp-json\/wp\/v2\/types\/post"}],"author":[{"embeddable":true,"href":"https:\/\/www.europesays.com\/fr\/wp-json\/wp\/v2\/users\/2"}],"replies":[{"embeddable":true,"href":"https:\/\/www.europesays.com\/fr\/wp-json\/wp\/v2\/comments?post=665987"}],"version-history":[{"count":0,"href":"https:\/\/www.europesays.com\/fr\/wp-json\/wp\/v2\/posts\/665987\/revisions"}],"wp:featuredmedia":[{"embeddable":true,"href":"https:\/\/www.europesays.com\/fr\/wp-json\/wp\/v2\/media\/665988"}],"wp:attachment":[{"href":"https:\/\/www.europesays.com\/fr\/wp-json\/wp\/v2\/media?parent=665987"}],"wp:term":[{"taxonomy":"category","embeddable":true,"href":"https:\/\/www.europesays.com\/fr\/wp-json\/wp\/v2\/categories?post=665987"},{"taxonomy":"post_tag","embeddable":true,"href":"https:\/\/www.europesays.com\/fr\/wp-json\/wp\/v2\/tags?post=665987"}],"curies":[{"name":"wp","href":"https:\/\/api.w.org\/{rel}","templated":true}]}}