{"id":665989,"date":"2026-01-15T19:08:09","date_gmt":"2026-01-15T19:08:09","guid":{"rendered":"https:\/\/www.europesays.com\/fr\/665989\/"},"modified":"2026-01-15T19:08:09","modified_gmt":"2026-01-15T19:08:09","slug":"la-fille-secrete-de-freddie-mercury-est-morte-a-48-ans","status":"publish","type":"post","link":"https:\/\/www.europesays.com\/fr\/665989\/","title":{"rendered":"La fille \u00ab\u00a0secr\u00e8te\u00a0\u00bb de Freddie Mercury est morte \u00e0 48 ans"},"content":{"rendered":"<p>Son existence avait \u00e9t\u00e9 r\u00e9v\u00e9l\u00e9e dans une biographie publi\u00e9e en septembre dernier. La fille \u00ab\u00a0secr\u00e8te\u00a0\u00bb de Freddie Mercury vient de mourir \u00e0 l&rsquo;\u00e2ge de 48 ans.<\/p>\n<p>Surnomm\u00e9e \u00ab\u00a0B\u00a0\u00bb, ou \u00ab\u00a0Bibi\u00a0\u00bb, elle pr\u00e9tendait \u00eatre la fille secr\u00e8te de Freddie Mercury. Cette femme, dont l&rsquo;existence avait \u00e9t\u00e9 rendue publique <a href=\"https:\/\/www.bfmtv.com\/people\/musique\/freddie-mercury-avait-une-fille-secrete-selon-une-nouvelle-biographie_AN-202505240271.html\" title=\"Freddie Mercury avait une fille secr\u00e8te, selon une nouvelle biographie\" class=\"internal_link\" target=\"_blank\" rel=\"noopener\">dans une biographie<\/a>, Love, Freddie, parue en 2025 et \u00e9crite par Lesley Ann Jones, est morte \u00e0 48 ans, rapporte la presse britannique.<\/p>\n<p>Dans l&rsquo;ouvrage sur la vie de l&rsquo;artiste, elle racontait \u00eatre n\u00e9e de la liaison de <a href=\"https:\/\/rmc.bfmtv.com\/actualites\/societe\/johnny-hallyday-freddy-mercury-ces-communes-ont-desormais-l-obligation-de-trouver-des-noms-a-leurs-rues_AV-202406010236.html\" title=\"Johnny Hallyday, Freddie Mercury... Ces communes ont d\u00e9sormais l&#039;obligation de trouver des noms \u00e0 leurs rues\" class=\"internal_link\" target=\"_blank\" rel=\"noopener\">Freddie Mercury<\/a> avec la femme de l&rsquo;un de ses amis. \u00ab\u00a0Bibi\u00a0\u00bb est d\u00e9c\u00e9d\u00e9e \u00ab\u00a0paisiblement apr\u00e8s une longue lutte contre un chordome, un cancer rare de la moelle \u00e9pini\u00e8re, laissant derri\u00e8re elle deux fils \u00e2g\u00e9s de neuf et sept ans\u00a0\u00bb, a confi\u00e9 son veuf, Thomas, dans les colonnes du <a href=\"https:\/\/www.dailymail.co.uk\/news\/article-15466249\/Freddie-Mercury-secret-daughter-dies-aged-48-Bibi-Queen.html\" target=\"_blank\" class=\"external_link\" rel=\"noopener\">Daily Mail<\/a>.<\/p>\n<p>Et d&rsquo;ajouter: \u00ab\u00a0B repose d\u00e9sormais aupr\u00e8s de son p\u00e8re bien-aim\u00e9 dans le monde des pens\u00e9es. Ses cendres ont \u00e9t\u00e9 dispers\u00e9es au vent au-dessus des Alpes.\u00a0\u00bb Dans sa biographie Love, Freddie, Lesley Ann Jones racontait que le chanteur de Queen avait eu une liaison en 1976 avec la femme d&rsquo;un ami, qui avait ensuite donn\u00e9 naissance \u00e0 \u00ab\u00a0Bibi\u00a0\u00bb.<\/p>\n<p>\u00ab\u00a0Objectif d\u00e9sint\u00e9ress\u00e9\u00a0\u00bb<\/p>\n<p>Cette derni\u00e8re assurait d&rsquo;ailleurs poss\u00e9der des analyses ADN prouvant sa filiation avec Freddie Mercury. L&rsquo;existence de cette fille secr\u00e8te avait \u00e9t\u00e9 cach\u00e9e aux yeux du monde jusqu&rsquo;en 2025.<\/p>\n<p>\u00ab\u00a0Je suis d\u00e9vast\u00e9e par la perte de cette femme qui \u00e9tait devenue une amie proche, qui \u00e9tait venue \u00e0 moi avec un objectif d\u00e9sint\u00e9ress\u00e9: balayer d&rsquo;un revers de main tous ceux qui ont eu carte blanche avec l&rsquo;histoire de Freddie pendant 32 ans, contester leurs mensonges et leur r\u00e9\u00e9criture de sa vie, et faire \u00e9clater la v\u00e9rit\u00e9\u00a0\u00bb, a d\u00e9clar\u00e9 au Daily Mail Lesley Ann Jones apr\u00e8s l&rsquo;annonce de la disparition de \u00ab\u00a0B\u00a0\u00bb.<\/p>\n","protected":false},"excerpt":{"rendered":"Son existence avait \u00e9t\u00e9 r\u00e9v\u00e9l\u00e9e dans une biographie publi\u00e9e en septembre dernier. La fille \u00ab\u00a0secr\u00e8te\u00a0\u00bb de Freddie Mercury&hellip;\n","protected":false},"author":2,"featured_media":665990,"comment_status":"","ping_status":"","sticky":false,"template":"","format":"standard","meta":{"footnotes":""},"categories":[1355],"tags":[58,59,1011,27,1361,873],"class_list":{"0":"post-665989","1":"post","2":"type-post","3":"status-publish","4":"format-standard","5":"has-post-thumbnail","7":"category-musique","8":"tag-divertissement","9":"tag-entertainment","10":"tag-fr","11":"tag-france","12":"tag-music","13":"tag-musique"},"share_on_mastodon":{"url":"https:\/\/pubeurope.com\/@fr\/115900691478455829","error":""},"_links":{"self":[{"href":"https:\/\/www.europesays.com\/fr\/wp-json\/wp\/v2\/posts\/665989","targetHints":{"allow":["GET"]}}],"collection":[{"href":"https:\/\/www.europesays.com\/fr\/wp-json\/wp\/v2\/posts"}],"about":[{"href":"https:\/\/www.europesays.com\/fr\/wp-json\/wp\/v2\/types\/post"}],"author":[{"embeddable":true,"href":"https:\/\/www.europesays.com\/fr\/wp-json\/wp\/v2\/users\/2"}],"replies":[{"embeddable":true,"href":"https:\/\/www.europesays.com\/fr\/wp-json\/wp\/v2\/comments?post=665989"}],"version-history":[{"count":0,"href":"https:\/\/www.europesays.com\/fr\/wp-json\/wp\/v2\/posts\/665989\/revisions"}],"wp:featuredmedia":[{"embeddable":true,"href":"https:\/\/www.europesays.com\/fr\/wp-json\/wp\/v2\/media\/665990"}],"wp:attachment":[{"href":"https:\/\/www.europesays.com\/fr\/wp-json\/wp\/v2\/media?parent=665989"}],"wp:term":[{"taxonomy":"category","embeddable":true,"href":"https:\/\/www.europesays.com\/fr\/wp-json\/wp\/v2\/categories?post=665989"},{"taxonomy":"post_tag","embeddable":true,"href":"https:\/\/www.europesays.com\/fr\/wp-json\/wp\/v2\/tags?post=665989"}],"curies":[{"name":"wp","href":"https:\/\/api.w.org\/{rel}","templated":true}]}}