{"id":666001,"date":"2026-01-15T19:14:11","date_gmt":"2026-01-15T19:14:11","guid":{"rendered":"https:\/\/www.europesays.com\/fr\/666001\/"},"modified":"2026-01-15T19:14:11","modified_gmt":"2026-01-15T19:14:11","slug":"les-quatre-valeurs-sures-pour-faire-fructifier-votre-portefeuille-en-2026","status":"publish","type":"post","link":"https:\/\/www.europesays.com\/fr\/666001\/","title":{"rendered":"les quatre valeurs s\u00fbres pour faire fructifier votre portefeuille en 2026"},"content":{"rendered":"<p>\n    <strong>NOS CONSEILS<\/strong> &#8211; Le d\u00e9but d\u2019ann\u00e9e est le moment id\u00e9al pour passer en revue ses placements. Voici des pistes pour r\u00e9ajuster vos allocations et profiter au mieux des secteurs qui feront prosp\u00e9rer votre \u00e9pargne dans les prochains mois.<\/p>\n<p class=\"fig-paragraph\">Un monde complexe, incertain et travers\u00e9 par de multiples transitions\u00a0: \u00e9nerg\u00e9tique, num\u00e9rique, commerciale. Dans ce contexte, le pass\u00e9 r\u00e9cent n\u2019est pas forc\u00e9ment repr\u00e9sentatif de l\u2019avenir. La progression \u00e0 deux chiffres des march\u00e9s d\u2019actions chaque ann\u00e9e\u00a0? Il faut l\u2019oublier aux cours actuels. \u00ab Le potentiel de progression des actions sera limit\u00e9 \u00e0 la hausse des profits, pense Fran\u00e7ois Collet, directeur de la gestion de DNCA Finance. Et sur longue p\u00e9riode, la croissance des b\u00e9n\u00e9fices des entreprises se situe entre 5 et 8%.\u00a0\u00bb De quoi faire craindre plus de volatilit\u00e9 sur les march\u00e9s. Pour garder toute leur s\u00e9r\u00e9nit\u00e9, les investisseurs doivent se concentrer sur quelques valeurs s\u00fbres, quelques v\u00e9rit\u00e9s qui vont rester vraies dans les prochains mois.<\/p>\n<p>                                                        <strong>Le m\u00e9tal le plus brillant n\u2019est pas celui que vous croyez<\/strong><\/p>\n<p class=\"fig-paragraph\">En 2025, l\u2019or a brill\u00e9 de mille feux, avec une hausse de 64%. \u00ab Ce n\u2019est pas parce qu\u2019elle a \u00e9t\u00e9 importante\u2026<\/p>\n<p class=\"fig-premium-paywall__infos\">\n        Cet article est r\u00e9serv\u00e9 aux abonn\u00e9s.        Il vous reste 90% \u00e0 d\u00e9couvrir.\n    <\/p>\n<p>                <img  data- alt=\"Le Figaro\" class=\"fig-img--complete fig-img\"\/><\/p>\n<p class=\"fig-premium-paywall__title\">Le Figaro c\u00e9l\u00e8bre ses 200 ans<\/p>\n<p class=\"fig-premium-paywall__subtitle\">Offre anniversaire : 2\u20ac\/mois pendant 200 semaines<\/p>\n<p class=\"fig-premium-paywall__connect\">\n                D\u00e9j\u00e0 abonn\u00e9\u00a0?                <a class=\"fig-premium-paywall__connect-link\" href=\"https:\/\/connect.lefigaro.fr\/login?client=horizon_web&amp;type=main&amp;redirect_uri=https%3A%2F%2Fwww.lefigaro.fr%2Fplacement%2Fplacements-les-quatre-valeurs-sures-pour-faire-fructifier-votre-portefeuille-en-2026-20260115\" data-js-gtm=\"{&quot;customCategorie&quot;: &quot;conversion&quot;, &quot;customAction&quot;: &quot;before_Landing_Connexion_paywall_manuel&quot;, &quot;customLabel&quot;: &quot;bGVmaWdhcm8uZnJfXzFmMGYxNjFhLTYzNzMtNmIzOC05ZDM0LWVkOWRiMTVjOTMyN19fQXJ0aWNsZQ==_Placements\u00a0: les quatre valeurs s\u00fbres pour faire fructifier votre portefeuille en 2026_105&quot;, &quot;customIDSPE&quot;: &quot;bGVmaWdhcm8uZnJfXzFmMGYxNjFhLTYzNzMtNmIzOC05ZDM0LWVkOWRiMTVjOTMyN19fQXJ0aWNsZQ==&quot;, &quot;event&quot;: &quot;customEventSPE&quot;}\" target=\"_blank\" rel=\"noopener\"><br \/>\n                    Connectez-vous<br \/>\n                <\/a>\n            <\/p>\n","protected":false},"excerpt":{"rendered":"NOS CONSEILS &#8211; Le d\u00e9but d\u2019ann\u00e9e est le moment id\u00e9al pour passer en revue ses placements. Voici des&hellip;\n","protected":false},"author":2,"featured_media":666002,"comment_status":"","ping_status":"","sticky":false,"template":"","format":"standard","meta":{"footnotes":""},"categories":[6],"tags":[1261,340,35,33,34,1011,27,5190,1118],"class_list":{"0":"post-666001","1":"post","2":"type-post","3":"status-publish","4":"format-standard","5":"has-post-thumbnail","7":"category-economie","8":"tag-argent","9":"tag-bourse","10":"tag-business","11":"tag-economie","12":"tag-economy","13":"tag-fr","14":"tag-france","15":"tag-or","16":"tag-placement"},"share_on_mastodon":{"url":"https:\/\/pubeurope.com\/@fr\/115900715141647748","error":""},"_links":{"self":[{"href":"https:\/\/www.europesays.com\/fr\/wp-json\/wp\/v2\/posts\/666001","targetHints":{"allow":["GET"]}}],"collection":[{"href":"https:\/\/www.europesays.com\/fr\/wp-json\/wp\/v2\/posts"}],"about":[{"href":"https:\/\/www.europesays.com\/fr\/wp-json\/wp\/v2\/types\/post"}],"author":[{"embeddable":true,"href":"https:\/\/www.europesays.com\/fr\/wp-json\/wp\/v2\/users\/2"}],"replies":[{"embeddable":true,"href":"https:\/\/www.europesays.com\/fr\/wp-json\/wp\/v2\/comments?post=666001"}],"version-history":[{"count":0,"href":"https:\/\/www.europesays.com\/fr\/wp-json\/wp\/v2\/posts\/666001\/revisions"}],"wp:featuredmedia":[{"embeddable":true,"href":"https:\/\/www.europesays.com\/fr\/wp-json\/wp\/v2\/media\/666002"}],"wp:attachment":[{"href":"https:\/\/www.europesays.com\/fr\/wp-json\/wp\/v2\/media?parent=666001"}],"wp:term":[{"taxonomy":"category","embeddable":true,"href":"https:\/\/www.europesays.com\/fr\/wp-json\/wp\/v2\/categories?post=666001"},{"taxonomy":"post_tag","embeddable":true,"href":"https:\/\/www.europesays.com\/fr\/wp-json\/wp\/v2\/tags?post=666001"}],"curies":[{"name":"wp","href":"https:\/\/api.w.org\/{rel}","templated":true}]}}