{"id":666003,"date":"2026-01-15T19:15:10","date_gmt":"2026-01-15T19:15:10","guid":{"rendered":"https:\/\/www.europesays.com\/fr\/666003\/"},"modified":"2026-01-15T19:15:10","modified_gmt":"2026-01-15T19:15:10","slug":"pays-bas-enorme-explosion-et-incendie-a-utrecht-quatre-blesses","status":"publish","type":"post","link":"https:\/\/www.europesays.com\/fr\/666003\/","title":{"rendered":"Pays-Bas\u00a0:\u00a0\u00ab\u00c9norme explosion\u00bb et incendie \u00e0 Utrecht, quatre bless\u00e9s"},"content":{"rendered":"<p>\n    Il est \u00abpossible que des personnes soient encore ensevelies sous les d\u00e9combres\u00bb, a d\u00e9clar\u00e9 la maire d\u2019Utrecht, Sharon Dijksma.<\/p>\n<p class=\"fig-paragraph\">Une \u00e9norme explosion a retenti jeudi dans le centre d\u2019Utrecht, dans le centre-ouest des\u00a0<a href=\"http:\/\/www.lefigaro.fr\/international\/les-pays-bas-s-appretent-a-proscrire-les-feux-d-artifice-apres-de-nouveaux-incidents-chaotiques-lors-du-nouvel-an-20260109\" target=\"_blank\" data-fig-type=\"Article\" rel=\"noopener\" data-gtm-custom-categorie=\"navigation\" data-gtm-custom-action=\"crossclick\" data-gtm-custom-label=\"Contextuel\" data-gtm-event=\"customEventSPE\" data-fig-domain=\"LEFIGARO\">Pays-Bas<\/a>, d\u00e9clenchant un important incendie et faisant au moins quatre bless\u00e9s, ont indiqu\u00e9 les autorit\u00e9s. \u00abApr\u00e8s l\u2019explosion, plusieurs b\u00e2timents se sont effondr\u00e9s. Quatre personnes ont \u00e9t\u00e9 bless\u00e9es et transport\u00e9es aux urgences du centre hospitalier universitaire d\u2019Utrecht pour y \u00eatre soign\u00e9es\u00bb, a indiqu\u00e9 le service local des secours dans un communiqu\u00e9. Les causes de l\u2019explosion et l\u2019\u00e9ventualit\u00e9 d\u2019autres victimes restent inconnues.<\/p>\n<p class=\"fig-paragraph\">Les autorit\u00e9s ont demand\u00e9 \u00e0 la population d\u2019\u00e9viter le secteur, o\u00f9 les secours sont sur place en nombre. \u00abLes pompiers \u00e9tudient actuellement les possibilit\u00e9s pour proc\u00e9der \u00e0 des recherches en toute s\u00e9curit\u00e9 dans les b\u00e2timents effondr\u00e9s et endommag\u00e9s pour d\u00e9terminer si des personnes se trouvent encore \u00e0 l\u2019int\u00e9rieur\u00bb, ont pr\u00e9cis\u00e9 les autorit\u00e9s. \u00abD\u2019importants d\u00e9g\u00e2ts sont signal\u00e9s dans les environs\u00bb, ont-elles ajout\u00e9.<\/p>\n<p>                                            <a class=\"fig-a11y-skip\" href=\"#fig-a11y-skip-main-inarticle\" data-module=\"a11y-skip\" data-context=\"was @visible\"><br \/>\n    Passer la publicit\u00e9<br \/>\n<\/a>            <\/p>\n<p>                                            D\u00e9bris de verre dans les rues<\/p>\n<p class=\"fig-paragraph\">Un correspondant de l\u2019AFP pr\u00e9sent sur les lieux a constat\u00e9 que plusieurs pompiers, munis d\u2019\u00e9chelles, tentaient d\u2019acc\u00e9der aux b\u00e2timents. Et des d\u00e9bris de verre jonchaient les rues boucl\u00e9es, selon ce journaliste. Il est \u00abpossible que des personnes soient encore ensevelies sous les d\u00e9combres\u00bb, a d\u00e9clar\u00e9 la maire d\u2019Utrecht, Sharon Dijksma, \u00e0 la cha\u00eene de t\u00e9l\u00e9vision publique NOS.<\/p>\n<p class=\"fig-paragraph\">Des images t\u00e9l\u00e9vis\u00e9es montraient une colonne de fum\u00e9e s\u2019\u00e9levant au-dessus du centre historique d\u2019Utrecht et des d\u00e9combres jonchant les rues. Selon Margot Schroevers, une passante cit\u00e9e par NOS, \u00able sol tremblait\u00bb. \u00abJ\u2019ai tout de suite compris que c\u2019\u00e9tait grave\u00bb, a-t-elle d\u00e9clar\u00e9. L\u2019h\u00f4pital d\u2019Utrecht a mis en place un centre de traumatologie d\u2019urgence. La\u00a0<a href=\"https:\/\/video.lefigaro.fr\/figaro\/lyon\/lyon-un-ancien-membre-du-samu-et-benevole-a-la-croix-rouge-juge-pour-viol-et-agressions-sexuelles-20251129\" target=\"_blank\" data-fig-type=\"Video\" rel=\"noopener\" data-gtm-custom-categorie=\"navigation\" data-gtm-custom-action=\"crossclick\" data-gtm-custom-label=\"Contextuel\" data-gtm-event=\"customEventSPE\" data-fig-domain=\"LEFIGARO\">Croix-Rouge<\/a>\u00a0a exhort\u00e9 les volontaires \u00e0 s\u2019y rendre au plus vite<\/p>\n","protected":false},"excerpt":{"rendered":"Il est \u00abpossible que des personnes soient encore ensevelies sous les d\u00e9combres\u00bb, a d\u00e9clar\u00e9 la maire d\u2019Utrecht, Sharon&hellip;\n","protected":false},"author":2,"featured_media":666004,"comment_status":"","ping_status":"","sticky":false,"template":"","format":"standard","meta":{"footnotes":""},"categories":[5],"tags":[11,2688,1011,27,14,12,934,28],"class_list":{"0":"post-666003","1":"post","2":"type-post","3":"status-publish","4":"format-standard","5":"has-post-thumbnail","7":"category-international","8":"tag-actualites","9":"tag-explosion","10":"tag-fr","11":"tag-france","12":"tag-international","13":"tag-news","14":"tag-pays-bas","15":"tag-world"},"share_on_mastodon":{"url":"https:\/\/pubeurope.com\/@fr\/115900719074786090","error":""},"_links":{"self":[{"href":"https:\/\/www.europesays.com\/fr\/wp-json\/wp\/v2\/posts\/666003","targetHints":{"allow":["GET"]}}],"collection":[{"href":"https:\/\/www.europesays.com\/fr\/wp-json\/wp\/v2\/posts"}],"about":[{"href":"https:\/\/www.europesays.com\/fr\/wp-json\/wp\/v2\/types\/post"}],"author":[{"embeddable":true,"href":"https:\/\/www.europesays.com\/fr\/wp-json\/wp\/v2\/users\/2"}],"replies":[{"embeddable":true,"href":"https:\/\/www.europesays.com\/fr\/wp-json\/wp\/v2\/comments?post=666003"}],"version-history":[{"count":0,"href":"https:\/\/www.europesays.com\/fr\/wp-json\/wp\/v2\/posts\/666003\/revisions"}],"wp:featuredmedia":[{"embeddable":true,"href":"https:\/\/www.europesays.com\/fr\/wp-json\/wp\/v2\/media\/666004"}],"wp:attachment":[{"href":"https:\/\/www.europesays.com\/fr\/wp-json\/wp\/v2\/media?parent=666003"}],"wp:term":[{"taxonomy":"category","embeddable":true,"href":"https:\/\/www.europesays.com\/fr\/wp-json\/wp\/v2\/categories?post=666003"},{"taxonomy":"post_tag","embeddable":true,"href":"https:\/\/www.europesays.com\/fr\/wp-json\/wp\/v2\/tags?post=666003"}],"curies":[{"name":"wp","href":"https:\/\/api.w.org\/{rel}","templated":true}]}}