{"id":666005,"date":"2026-01-15T19:16:12","date_gmt":"2026-01-15T19:16:12","guid":{"rendered":"https:\/\/www.europesays.com\/fr\/666005\/"},"modified":"2026-01-15T19:16:12","modified_gmt":"2026-01-15T19:16:12","slug":"emmanuel-macron-lance-un-vif-rappel-a-lordre-aux-industriels-de-la-defense","status":"publish","type":"post","link":"https:\/\/www.europesays.com\/fr\/666005\/","title":{"rendered":"Emmanuel Macron lance un vif rappel \u00e0 l\u2019ordre aux industriels de la d\u00e9fense"},"content":{"rendered":"<p>                     <img loading=\"lazy\" decoding=\"async\" src=\"https:\/\/www.europesays.com\/fr\/wp-content\/uploads\/2026\/01\/55f0dc9_upload-1-fqlgldzrbr6c-monge-myop-macron-istres-hd-56.jpg\" alt=\"Emmanuel Macron sur la base a\u00e9rienne d\u2019Istres (Bouches-du-Rh\u00f4ne), le 15\u00a0janvier 2026.\"   width=\"664\" height=\"443\"\/>    Emmanuel Macron sur la base a\u00e9rienne d\u2019Istres (Bouches-du-Rh\u00f4ne), le 15\u00a0janvier 2026.  OLIVIER MONGE\/MYOP POUR \u00ab LE MONDE \u00bb                 <\/p>\n<p class=\"article__paragraph  \">\u00ab\u00a0Nous entrons dans une \u00e9conomie de guerre\u00a0\u00bb. Le 13\u00a0juin\u00a02022, lors de l\u2019inauguration du salon de l\u2019armement Eurosatory \u00e0 Villepinte (Seine-Saint-Denis), Emmanuel Macron demande, pour la premi\u00e8re fois, quatre mois apr\u00e8s l\u2019invasion de l\u2019Ukraine par la Russie, \u00e0 l\u2019industrie de la d\u00e9fense \u00ab\u00a0d\u2019aller plus vite, r\u00e9fl\u00e9chir diff\u00e9remment sur les rythmes, les mont\u00e9es en charge, les marges, pour pouvoir reconstituer plus rapidement ce qui est indispensable pour nos forces arm\u00e9es, pour nos alli\u00e9s ou pour celles et ceux que nous voulons aider\u00a0\u00bb.<\/p>\n<p class=\"article__paragraph  \">Trois ans et demi plus tard, le compte n\u2019y est pas pour le pr\u00e9sident de la R\u00e9publique et il l\u2019a fermement fait savoir aux industriels, jeudi 15\u00a0janvier, sur la base a\u00e9rienne d\u2019Istres (Bouches-du-Rh\u00f4ne), lors de ses v\u0153ux aux arm\u00e9es. \u00ab\u00a0Beaucoup d\u2019efforts ont \u00e9t\u00e9 faits. Je les ai salu\u00e9s, nous avons doubl\u00e9, parfois tripl\u00e9 nos capacit\u00e9s de production, nos rythmes de production. Soyons francs avec nous-m\u00eames. Est-ce que nous sommes en \u00e9conomie de guerre \u00e0 proprement parler\u00a0? La r\u00e9ponse est non. Parce que si nous \u00e9tions en guerre, j\u2019ose esp\u00e9rer que nous ne produirions pas ainsi\u00a0\u00bb, a lanc\u00e9 le chef des arm\u00e9es.<\/p>\n<p class=\"reading-mode-only \"><strong>Il vous reste 79.97% de cet article \u00e0 lire. La suite est r\u00e9serv\u00e9e aux abonn\u00e9s.<\/strong><\/p>\n","protected":false},"excerpt":{"rendered":"Emmanuel Macron sur la base a\u00e9rienne d\u2019Istres (Bouches-du-Rh\u00f4ne), le 15\u00a0janvier 2026. OLIVIER MONGE\/MYOP POUR \u00ab LE MONDE \u00bb&hellip;\n","protected":false},"author":2,"featured_media":666006,"comment_status":"","ping_status":"","sticky":false,"template":"","format":"standard","meta":{"footnotes":""},"categories":[4],"tags":[11,1011,27,12,25],"class_list":{"0":"post-666005","1":"post","2":"type-post","3":"status-publish","4":"format-standard","5":"has-post-thumbnail","7":"category-france","8":"tag-actualites","9":"tag-fr","10":"tag-france","11":"tag-news","12":"tag-republique-francaise"},"share_on_mastodon":{"url":"https:\/\/pubeurope.com\/@fr\/115900723084277057","error":""},"_links":{"self":[{"href":"https:\/\/www.europesays.com\/fr\/wp-json\/wp\/v2\/posts\/666005","targetHints":{"allow":["GET"]}}],"collection":[{"href":"https:\/\/www.europesays.com\/fr\/wp-json\/wp\/v2\/posts"}],"about":[{"href":"https:\/\/www.europesays.com\/fr\/wp-json\/wp\/v2\/types\/post"}],"author":[{"embeddable":true,"href":"https:\/\/www.europesays.com\/fr\/wp-json\/wp\/v2\/users\/2"}],"replies":[{"embeddable":true,"href":"https:\/\/www.europesays.com\/fr\/wp-json\/wp\/v2\/comments?post=666005"}],"version-history":[{"count":0,"href":"https:\/\/www.europesays.com\/fr\/wp-json\/wp\/v2\/posts\/666005\/revisions"}],"wp:featuredmedia":[{"embeddable":true,"href":"https:\/\/www.europesays.com\/fr\/wp-json\/wp\/v2\/media\/666006"}],"wp:attachment":[{"href":"https:\/\/www.europesays.com\/fr\/wp-json\/wp\/v2\/media?parent=666005"}],"wp:term":[{"taxonomy":"category","embeddable":true,"href":"https:\/\/www.europesays.com\/fr\/wp-json\/wp\/v2\/categories?post=666005"},{"taxonomy":"post_tag","embeddable":true,"href":"https:\/\/www.europesays.com\/fr\/wp-json\/wp\/v2\/tags?post=666005"}],"curies":[{"name":"wp","href":"https:\/\/api.w.org\/{rel}","templated":true}]}}