{"id":666007,"date":"2026-01-15T19:17:12","date_gmt":"2026-01-15T19:17:12","guid":{"rendered":"https:\/\/www.europesays.com\/fr\/666007\/"},"modified":"2026-01-15T19:17:12","modified_gmt":"2026-01-15T19:17:12","slug":"actelios-solutions-accuse-par-bercy-de-pratiques-commerciales-trompeuses-nest-plus-autorise-a-fournir-de-lelectricite","status":"publish","type":"post","link":"https:\/\/www.europesays.com\/fr\/666007\/","title":{"rendered":"Actelios Solutions, accus\u00e9 par Bercy de \u00ab\u00a0pratiques commerciales trompeuses\u00a0\u00bb, n\u2019est plus autoris\u00e9 \u00e0 fournir de l\u2019\u00e9lectricit\u00e9"},"content":{"rendered":"<p>                      <img loading=\"lazy\" decoding=\"async\" src=\"https:\/\/www.europesays.com\/fr\/wp-content\/uploads\/2026\/01\/fd718c8_ftp-import-images-1-2b51cosplihw-5210205-01-06.jpg\" alt=\"Le ministre de l\u2019\u00e9conomie, Roland Lescure, au palais de l\u2019Elys\u00e9e, \u00e0 Paris, le 14\u00a0octobre 2025.\"   width=\"664\" height=\"443\"\/>    Le ministre de l\u2019\u00e9conomie, Roland Lescure, au palais de l\u2019Elys\u00e9e, \u00e0 Paris, le 14\u00a0octobre 2025.  JULIEN DE ROSA\/AFP                            <\/p>\n<p class=\"article__paragraph  \">Le fournisseur national de gaz et d\u2019\u00e9lectricit\u00e9 Actelios Solutions, connu sous la marque \u00ab\u00a0Je produis mon \u00e9lectricit\u00e9\/JPME\u00a0\u00bb, n\u2019est plus autoris\u00e9 \u00e0 fournir de l\u2019\u00e9lectricit\u00e9, \u00e0 la suite d\u2019une d\u00e9cision, communiqu\u00e9e jeudi 15\u00a0janvier, du minist\u00e8re de l\u2019\u00e9conomie, \u00e9voquant des \u00ab\u00a0pratiques commerciales trompeuses\u00a0\u00bb.<\/p>\n<p class=\"article__paragraph  \">\u00ab\u00a0C\u2019est une d\u00e9cision exceptionnelle, ferme, qui prot\u00e8ge les consommateurs\u00a0\u00bb et entrera en vigueur le 22\u00a0janvier, a d\u00e9clar\u00e9 dans un communiqu\u00e9 le minist\u00e8re. Elle fait suite \u00e0 plusieurs alertes du m\u00e9diateur national de l\u2019\u00e9nergie et de plusieurs clients concernant des agissements du fournisseur, accus\u00e9 par Bercy de \u00ab\u00a0pratiques commerciales trompeuses, [d\u2019]affichages de tarifs mensongers et [de] retard de paiement pour les clients producteurs\u00a0\u00bb.<\/p>\n<p class=\"article__paragraph  \">Le ministre de l\u2019\u00e9conomie, Roland Lescure, a conclu, apr\u00e8s une \u00ab\u00a0instruction pouss\u00e9e\u00a0\u00bb entam\u00e9e en\u00a02024 et men\u00e9e par la direction g\u00e9n\u00e9rale de l\u2019\u00e9nergie et du climat, que \u00ab\u00a0les capacit\u00e9s \u00e9conomiques et financi\u00e8res de JPME sont insuffisantes au regard des exigences pr\u00e9vues par la loi\u00a0\u00bb.<\/p>\n<p>                                         Lire aussi :  Article r\u00e9serv\u00e9 \u00e0 nos abonn\u00e9s  <a href=\"https:\/\/www.lemonde.fr\/economie\/article\/2023\/05\/09\/gaz-de-bordeaux-reste-le-seul-fournisseur-de-gaz-dans-la-capitale-girondine_6172610_3234.html\" class=\"js-article-read-also catcher--favoris__link\" data-premium=\"1\" id=\"article-title-3321594\" target=\"_blank\" rel=\"noopener\">Gaz de Bordeaux reste le seul fournisseur de gaz dans la capitale girondine<\/a>    <\/p>\n<p>   Lire plus tard  <\/p>\n<p>                            D\u00e9rives tarifaires                      <\/p>\n<p class=\"article__paragraph  \">L\u2019Etat dit s\u2019\u00eatre assur\u00e9 que cette d\u00e9cision \u00ab\u00a0n\u2019entra\u00eene pas de coupure d\u2019\u00e9lectricit\u00e9 pour les clients actuellement en contrat avec JPME\u00a0\u00bb, la continuit\u00e9 d\u2019approvisionnement \u00e9tant \u00ab\u00a0garantie par EDF, sans qu\u2019aucune d\u00e9marche ne soit requise de leur part\u00a0\u00bb. L\u2019arr\u00eat\u00e9 retirant au fournisseur \u00ab\u00a0l\u2019autorisation d\u2019exercer l\u2019activit\u00e9 d\u2019achat d\u2019\u00e9lectricit\u00e9 pour revente aux clients finaux et aux gestionnaires de r\u00e9seaux pour leurs pertes\u00a0\u00bb a \u00e9t\u00e9 publi\u00e9 jeudi au Journal officiel.<\/p>\n<p class=\"article__paragraph  \">Mi-novembre, la Commission de r\u00e9gulation de l\u2019\u00e9nergie (CRE), gendarme de la fourniture d\u2019\u00e9nergie, avait ass\u00e9n\u00e9 que le fournisseur ne respectait \u00ab\u00a0pas du tout\u00a0\u00bb les principes de transparence et de lisibilit\u00e9 des tarifs. Devant certaines d\u00e9rives tarifaires explosives constat\u00e9es en\u00a02022 et en\u00a02023 en France, la CRE avait \u00e9tabli une liste de 13\u00a0bonnes pratiques pour prot\u00e9ger les consommateurs\u00a0: communiquer syst\u00e9matiquement une estimation de la facture annuelle, proposer un \u00e9ch\u00e9ancier en cours d\u2019ann\u00e9e\u2026 Liste que ces fournisseurs sur le march\u00e9 fran\u00e7ais s\u2019\u00e9taient alors engag\u00e9s publiquement \u00e0 respecter.<\/p>\n<p class=\"article__paragraph  \">Le gendarme de l\u2019\u00e9nergie avait analys\u00e9 les offres de 83\u00a0fournisseurs de gaz et d\u2019\u00e9lectricit\u00e9, dont les 20 qui sont actifs sur tout le territoire pour les clients particuliers, les autres \u00e9tant des fournisseurs r\u00e9gionaux. Parmi les 20 pr\u00e9sents nationalement, \u00ab\u00a012 respectent compl\u00e8tement leurs engagements, cinq les respectent presque tous, deux les respectent partiellement et un seul ne les respecte pas du tout\u00a0\u00bb, en l\u2019occurrence Actelios Solutions, indiquait la CRE dans un communiqu\u00e9.<\/p>\n<p>                                         Lire aussi |  Article r\u00e9serv\u00e9 \u00e0 nos abonn\u00e9s  <a href=\"https:\/\/www.lemonde.fr\/chaleur-humaine\/article\/2025\/03\/29\/climat-qui-fournit-son-gaz-a-la-france_6587925_6125299.html\" class=\"js-article-read-also catcher--favoris__link\" data-premium=\"1\" id=\"article-title-3414223\" target=\"_blank\" rel=\"noopener\">Quels sont les pays qui fournissent le gaz utilis\u00e9 en France\u00a0?<\/a>    <\/p>\n<p>   Lire plus tard  <\/p>\n<p class=\"author__detail\">  Le Monde avec AFP  <\/p>\n","protected":false},"excerpt":{"rendered":"Le ministre de l\u2019\u00e9conomie, Roland Lescure, au palais de l\u2019Elys\u00e9e, \u00e0 Paris, le 14\u00a0octobre 2025. JULIEN DE ROSA\/AFP&hellip;\n","protected":false},"author":2,"featured_media":666008,"comment_status":"","ping_status":"","sticky":false,"template":"","format":"standard","meta":{"footnotes":""},"categories":[2],"tags":[11,1011,27,12],"class_list":{"0":"post-666007","1":"post","2":"type-post","3":"status-publish","4":"format-standard","5":"has-post-thumbnail","7":"category-actualites","8":"tag-actualites","9":"tag-fr","10":"tag-france","11":"tag-news"},"share_on_mastodon":{"url":"https:\/\/pubeurope.com\/@fr\/115900726951140963","error":""},"_links":{"self":[{"href":"https:\/\/www.europesays.com\/fr\/wp-json\/wp\/v2\/posts\/666007","targetHints":{"allow":["GET"]}}],"collection":[{"href":"https:\/\/www.europesays.com\/fr\/wp-json\/wp\/v2\/posts"}],"about":[{"href":"https:\/\/www.europesays.com\/fr\/wp-json\/wp\/v2\/types\/post"}],"author":[{"embeddable":true,"href":"https:\/\/www.europesays.com\/fr\/wp-json\/wp\/v2\/users\/2"}],"replies":[{"embeddable":true,"href":"https:\/\/www.europesays.com\/fr\/wp-json\/wp\/v2\/comments?post=666007"}],"version-history":[{"count":0,"href":"https:\/\/www.europesays.com\/fr\/wp-json\/wp\/v2\/posts\/666007\/revisions"}],"wp:featuredmedia":[{"embeddable":true,"href":"https:\/\/www.europesays.com\/fr\/wp-json\/wp\/v2\/media\/666008"}],"wp:attachment":[{"href":"https:\/\/www.europesays.com\/fr\/wp-json\/wp\/v2\/media?parent=666007"}],"wp:term":[{"taxonomy":"category","embeddable":true,"href":"https:\/\/www.europesays.com\/fr\/wp-json\/wp\/v2\/categories?post=666007"},{"taxonomy":"post_tag","embeddable":true,"href":"https:\/\/www.europesays.com\/fr\/wp-json\/wp\/v2\/tags?post=666007"}],"curies":[{"name":"wp","href":"https:\/\/api.w.org\/{rel}","templated":true}]}}