{"id":666019,"date":"2026-01-15T19:24:11","date_gmt":"2026-01-15T19:24:11","guid":{"rendered":"https:\/\/www.europesays.com\/fr\/666019\/"},"modified":"2026-01-15T19:24:11","modified_gmt":"2026-01-15T19:24:11","slug":"je-veux-faire-mieux-albornoz-affiche-ses-ambitions-apres-son-arrivee-au-rct","status":"publish","type":"post","link":"https:\/\/www.europesays.com\/fr\/666019\/","title":{"rendered":"\u00ab\u00a0Je veux faire mieux\u00a0\u00bb, Albornoz affiche ses ambitions apr\u00e8s son arriv\u00e9e au RCT"},"content":{"rendered":"<p>A peine arriv\u00e9, d\u00e9j\u00e0 lanc\u00e9 dans le grand bain. Apr\u00e8s des premiers pas sur le banc en TOP 14, l\u2019ouvreur international argentin Tom\u00e1s Albornoz a connu sa premi\u00e8re titularisation avec le RCT en Champions Cup, face au Munster dimanche dernier, trois semaines seulement apr\u00e8s avoir d\u00e9barqu\u00e9 sur la Rade. Avec \u00e0 la cl\u00e9 un match compliqu\u00e9, mais une victoire face au Munster (27-25). De quoi bien lancer l\u2019histoire du num\u00e9ro 10 \u00e0 Toulon, qui devrait encha\u00eener samedi \u00e0 Gloucester. Il s\u2019est confi\u00e9 au micro de BFM Toulon et RMC SPORT.<\/p>\n<p><strong>Pour votre premi\u00e8re titularisation avec <a href=\"https:\/\/rmcsport.bfmtv.com\/rugby\/rc-toulonnais_DN-201503070179.html\" title=\"RC Toulonnais\" class=\"internal_link\" target=\"_blank\" rel=\"noopener\">le RC Toulon<\/a>, vous \u00eates venus \u00e0 bout du Munster dans la douleur (27-25), satisfait?<\/strong><\/p>\n<p>Oui, une victoire est une victoire, m\u00eame si on sait qu\u2019on doit faire mieux. On sort d\u2019une belle s\u00e9ance d\u2019entra\u00eenement, on sait qu\u2019il y a encore du travail<\/p>\n<p><strong>Qu\u2019est-ce que vous retenez de ce match?<\/strong><\/p>\n<p>Pour ma part, je suis content d\u2019avoir jou\u00e9, ce n\u2019est pas facile de d\u00e9couvrir un nouvel environnement au milieu de la saison. Mais c\u2019est tr\u00e8s bien d\u2019avoir du temps de jeu. Je sais que je dois m\u2019adapter \u00e0 l\u2019\u00e9quipe, il y a beaucoup de travail \u00e0 fournir, notamment sur l\u2019attaque, qui n\u2019\u00e9tait pas au point la semaine derni\u00e8re<\/p>\n<p><strong>Comment avez-vous v\u00e9cu cette rencontre \u00e0 titre personnel?<\/strong><\/p>\n<p>Ce n\u2019\u00e9tait pas simple, mais j\u2019\u00e9tais heureux de d\u00e9buter. L\u2019\u00e9quipe m\u2019a beaucoup aid\u00e9, j\u2019avais bien \u00e9tudi\u00e9 aussi. Mais <a href=\"https:\/\/rmcsport.bfmtv.com\/rugby\/coupe-d-europe\/direct-coupe-des-champions-suivez-le-quart-de-finale-bordeaux-munster-en-live_LS-202504120242.html\" title=\"Champions Cup: Bordeaux \u00e9crase le Munster et file en demi-finale\" class=\"internal_link\" target=\"_blank\" rel=\"noopener\">le Munster<\/a> avait tr\u00e8s bien pr\u00e9par\u00e9 la rencontre et c\u2019\u00e9tait dur, j\u2019ai parfois \u00e9t\u00e9 un peu perdu, un peu confus sur le terrain, je veux faire mieux, c\u2019est vraiment l\u2019objectif. En tout cas je suis ravi d\u2019\u00eatre ici.<\/p>\n<p>\u00ab\u00a0Gloucester? On le voit comme une finale\u00a0\u00bb<\/p>\n<p><strong>Une victoire \u00e0 Gloucester samedi pourrait vous offrir la deuxi\u00e8me place, mais en cas de d\u00e9faite, l\u2019aventure pourrait s\u2019arr\u00eater. Quel est l\u2019\u00e9tat d\u2019esprit\u00a0du groupe?\u00a0<\/strong><\/p>\n<p>On est tous focus sur l\u2019id\u00e9e de faire mieux. On a une grande opportunit\u00e9, on le voit comme une finale. On doit se concentrer sur nous, sur notre attaque et le fait d\u2019\u00eatre davantage connect\u00e9s.<\/p>\n<p><strong>Il faudra gagner \u00e0 l\u2019ext\u00e9rieur, chose que Toulon n\u2019a plus fait depuis le mois de septembre \u00e0 Montpellier\u2026 Vous \u00eates conscient de ces difficult\u00e9s?\u00a0<\/strong><\/p>\n<p>Oui on adore jouer <a href=\"https:\/\/rmcsport.bfmtv.com\/rugby\/top-14\/toulon-se-diriger-vers-la-construction-d-un-nouveau-stade-le-president-du-rct-veut-quitter-l-emblematique-stade-mayol_AV-202601090527.html\" title=\"Toulon: &quot;Se diriger vers la construction d&#039;un nouveau stade&quot;, le pr\u00e9sident du RCT veut quitter l&#039;embl\u00e9matique stade Mayol\" class=\"internal_link\" target=\"_blank\" rel=\"noopener\">\u00e0 Mayol<\/a>, c\u2019est chez nous, c\u2019est la maison. Mais on sait que si on veut accomplir de belles choses on doit avoir des r\u00e9sultats \u00e0 l\u2019ext\u00e9rieur. On s\u2019est pr\u00e9par\u00e9s toute la semaine, on esp\u00e8re faire un gros match.<\/p>\n<p><strong>Comment avez-vous v\u00e9cu ces derni\u00e8res semaines. Votre arriv\u00e9e \u00e0 Toulon a \u00e9t\u00e9 avanc\u00e9e et vous avez d\u00e9barqu\u00e9 ici tr\u00e8s rapidement&#8230;<\/strong><\/p>\n<p>Ce n\u2019\u00e9tait pas d\u00e9cision facile \u00e0 prendre. Mais je voulais vraiment venir ici, d\u00e9buter mon aventure \u00e0 Toulon. Les derni\u00e8res semaines ont \u00e9t\u00e9 \u00e9prouvantes, maintenant je veux aider le club. Le Top 14 est un grand championnat dans lequel je voulais vraiment \u00e9voluer.<\/p>\n<p><strong>Les supporters \u00e9taient impatiens de vous voir. Vous sentez une pression autour de votre arriv\u00e9e?<\/strong><\/p>\n<p>J\u2019ai senti l\u2019attente des supporters, j\u2019ai pu \u00e9changer avec eux. Je veux m\u2019amuser ici, r\u00e9ussir dans ce club. Je ressens la pression, mais elle est bonne.<\/p>\n<p>Propos recueillis par Pierre Thevenet<\/p>\n","protected":false},"excerpt":{"rendered":"A peine arriv\u00e9, d\u00e9j\u00e0 lanc\u00e9 dans le grand bain. Apr\u00e8s des premiers pas sur le banc en TOP&hellip;\n","protected":false},"author":2,"featured_media":666020,"comment_status":"","ping_status":"","sticky":false,"template":"","format":"standard","meta":{"footnotes":""},"categories":[9619],"tags":[1111,11,1777,674,1011,27,12,882,25,2310],"class_list":{"0":"post-666019","1":"post","2":"type-post","3":"status-publish","4":"format-standard","5":"has-post-thumbnail","7":"category-toulon","8":"tag-actu","9":"tag-actualites","10":"tag-eu","11":"tag-europe","12":"tag-fr","13":"tag-france","14":"tag-news","15":"tag-provence-alpes-cote-dazur","16":"tag-republique-francaise","17":"tag-toulon"},"share_on_mastodon":{"url":"https:\/\/pubeurope.com\/@fr\/115900754459783311","error":""},"_links":{"self":[{"href":"https:\/\/www.europesays.com\/fr\/wp-json\/wp\/v2\/posts\/666019","targetHints":{"allow":["GET"]}}],"collection":[{"href":"https:\/\/www.europesays.com\/fr\/wp-json\/wp\/v2\/posts"}],"about":[{"href":"https:\/\/www.europesays.com\/fr\/wp-json\/wp\/v2\/types\/post"}],"author":[{"embeddable":true,"href":"https:\/\/www.europesays.com\/fr\/wp-json\/wp\/v2\/users\/2"}],"replies":[{"embeddable":true,"href":"https:\/\/www.europesays.com\/fr\/wp-json\/wp\/v2\/comments?post=666019"}],"version-history":[{"count":0,"href":"https:\/\/www.europesays.com\/fr\/wp-json\/wp\/v2\/posts\/666019\/revisions"}],"wp:featuredmedia":[{"embeddable":true,"href":"https:\/\/www.europesays.com\/fr\/wp-json\/wp\/v2\/media\/666020"}],"wp:attachment":[{"href":"https:\/\/www.europesays.com\/fr\/wp-json\/wp\/v2\/media?parent=666019"}],"wp:term":[{"taxonomy":"category","embeddable":true,"href":"https:\/\/www.europesays.com\/fr\/wp-json\/wp\/v2\/categories?post=666019"},{"taxonomy":"post_tag","embeddable":true,"href":"https:\/\/www.europesays.com\/fr\/wp-json\/wp\/v2\/tags?post=666019"}],"curies":[{"name":"wp","href":"https:\/\/api.w.org\/{rel}","templated":true}]}}